{"id":1044,"date":"2020-07-02T15:26:01","date_gmt":"2020-07-02T18:26:01","guid":{"rendered":"http:\/\/jornalvaleevangelico.com.br\/?p=1044"},"modified":"2020-07-02T15:26:02","modified_gmt":"2020-07-02T18:26:02","slug":"ciclone-do-sul-do-pais-influencia-clima-do-rio-e-vai-para-o-oceano","status":"publish","type":"post","link":"https:\/\/jornalvaleevangelico.com.br\/index.php\/2020\/07\/02\/ciclone-do-sul-do-pais-influencia-clima-do-rio-e-vai-para-o-oceano\/","title":{"rendered":"Ciclone do sul do pa\u00eds influencia clima do Rio e vai para o oceano"},"content":{"rendered":"\n<h3 class=\"wp-block-heading\">Frente fria deve ficar com os cariocas at\u00e9 s\u00e1bado<\/h3>\n\n\n\n<p>A cidade do Rio&nbsp; de Janeiro foi atingida na tarde de hoje (1) por uma ventania que provocou alguns problemas na vida normal da cidade. O fern\u00f4meto est\u00e1 relacionado mas ficou&nbsp;longe de se assemelhar ao chamado ciclone bomba que atingiu a regi\u00e3o sul do pa\u00eds nesta ter\u00e7a-feira (30),&nbsp;<a href=\"https:\/\/agenciabrasil.ebc.com.br\/geral\/noticia\/2020-07\/ao-menos-nove-pessoas-morreram-devido-ciclone-que-atingiu-regiao-sul\" target=\"_blank\" rel=\"noreferrer noopener\">provocou a morte de pelo menos 10 pessoas<\/a>&nbsp;e&nbsp;muitos preju\u00edzos materiais.<img decoding=\"async\" src=\"https:\/\/agenciabrasil.ebc.com.br\/ebc.png?id=1310701&amp;o=node\"><\/p>\n\n\n\n<p>No Rio, o fen\u00f4meno meteorol\u00f3gico se deslocou para o oceano, mas teve influ\u00eancia indireta na frente fria que atingiu a cidade e deve permanecer at\u00e9 s\u00e1bado (4). Nesses dias deve chover de fraco a moderado, a qualquer hora do dia.&nbsp; No domingo (5), o sol volta a aparecer e a temperatura aumenta. Nesses dias, a temperatura m\u00ednima deve ficar em 14\u00ba Celsius (C\u00ba) e a m\u00e1xima ficando em torno dos 24\u00baC. No domingo, a temperatura m\u00e1xima pode atingir os 29\u00baC.<\/p>\n\n\n\n<p>De acordo com o Sistema Alerta Rio, da prefeitura, a frente fria j\u00e1 atua sobre o estado. O radar meteorol\u00f3gico do alto do Sumar\u00e9, na regi\u00e3o da Floresta da Tijuca,&nbsp; n\u00e3o detecta n\u00facleos de chuva. Mas, ainda h\u00e1 condi\u00e7\u00f5es para chuva fraca, isolada, at\u00e9 o fim da noite desta quarta-feira. Nas pr\u00f3ximas horas, ainda podem&nbsp;ocorrer rajadas de vento moderado a forte.<\/p>\n\n\n\n<h2 class=\"wp-block-heading\">Ondas gigantes<\/h2>\n\n\n\n<p>A Marinha informou que o mar entrar\u00e1 em ressaca e ondas de at\u00e9 3,5 metros de altura podem atingir a orla do Rio de Janeiro. O mar agitado deve permanecer no litoral fluminense at\u00e9 \u00e0s 9h, de sexta-feira (3).<\/p>\n\n\n\n<h6 class=\"wp-block-heading\">Edi\u00e7\u00e3o: Aline Leal-Publicado em 01\/07\/2020 &#8211; 21:56 Por Douglas Corr\u00eaa &#8211; Rep\u00f3rter da Ag\u00eancia Brasil &#8211; Rio de Janeiro<\/h6>\n<div class=\"jorna-rodape jorna-entity-placement\" id=\"jorna-630671197\"><div id=\"jorna-3671653087\"><a href=\"https:\/\/gkscontabilidade.com\/\" aria-label=\"GKS Contabilidade\"><img src=\"https:\/\/jornalvaleevangelico.com.br\/wp-content\/uploads\/2023\/05\/GKS-Contabilidade.jpeg\" alt=\"\"  srcset=\"https:\/\/jornalvaleevangelico.com.br\/wp-content\/uploads\/2023\/05\/GKS-Contabilidade.jpeg 1600w, https:\/\/jornalvaleevangelico.com.br\/wp-content\/uploads\/2023\/05\/GKS-Contabilidade-300x65.jpeg 300w, https:\/\/jornalvaleevangelico.com.br\/wp-content\/uploads\/2023\/05\/GKS-Contabilidade-1024x223.jpeg 1024w, https:\/\/jornalvaleevangelico.com.br\/wp-content\/uploads\/2023\/05\/GKS-Contabilidade-768x168.jpeg 768w, https:\/\/jornalvaleevangelico.com.br\/wp-content\/uploads\/2023\/05\/GKS-Contabilidade-1536x335.jpeg 1536w\" sizes=\"(max-width: 1600px) 100vw, 1600px\" width=\"1600\" height=\"349\"   \/><\/a><\/div><\/div>","protected":false},"excerpt":{"rendered":"<p>Frente fria deve ficar com os cariocas at\u00e9 s\u00e1bado A cidade do Rio&nbsp; de Janeiro&#8230;<\/p>\n","protected":false},"author":2,"featured_media":1045,"comment_status":"open","ping_status":"open","sticky":false,"template":"","format":"standard","meta":{"_mi_skip_tracking":false,"_monsterinsights_sitenote_active":false,"_monsterinsights_sitenote_note":"","_monsterinsights_sitenote_category":0,"footnotes":""},"categories":[2],"tags":[],"class_list":["post-1044","post","type-post","status-publish","format-standard","has-post-thumbnail","hentry","category-noticia"],"_links":{"self":[{"href":"https:\/\/jornalvaleevangelico.com.br\/index.php\/wp-json\/wp\/v2\/posts\/1044","targetHints":{"allow":["GET"]}}],"collection":[{"href":"https:\/\/jornalvaleevangelico.com.br\/index.php\/wp-json\/wp\/v2\/posts"}],"about":[{"href":"https:\/\/jornalvaleevangelico.com.br\/index.php\/wp-json\/wp\/v2\/types\/post"}],"author":[{"embeddable":true,"href":"https:\/\/jornalvaleevangelico.com.br\/index.php\/wp-json\/wp\/v2\/users\/2"}],"replies":[{"embeddable":true,"href":"https:\/\/jornalvaleevangelico.com.br\/index.php\/wp-json\/wp\/v2\/comments?post=1044"}],"version-history":[{"count":1,"href":"https:\/\/jornalvaleevangelico.com.br\/index.php\/wp-json\/wp\/v2\/posts\/1044\/revisions"}],"predecessor-version":[{"id":1046,"href":"https:\/\/jornalvaleevangelico.com.br\/index.php\/wp-json\/wp\/v2\/posts\/1044\/revisions\/1046"}],"wp:featuredmedia":[{"embeddable":true,"href":"https:\/\/jornalvaleevangelico.com.br\/index.php\/wp-json\/wp\/v2\/media\/1045"}],"wp:attachment":[{"href":"https:\/\/jornalvaleevangelico.com.br\/index.php\/wp-json\/wp\/v2\/media?parent=1044"}],"wp:term":[{"taxonomy":"category","embeddable":true,"href":"https:\/\/jornalvaleevangelico.com.br\/index.php\/wp-json\/wp\/v2\/categories?post=1044"},{"taxonomy":"post_tag","embeddable":true,"href":"https:\/\/jornalvaleevangelico.com.br\/index.php\/wp-json\/wp\/v2\/tags?post=1044"}],"curies":[{"name":"wp","href":"https:\/\/api.w.org\/{rel}","templated":true}]}}