{"id":13096,"date":"2022-03-29T11:30:22","date_gmt":"2022-03-29T14:30:22","guid":{"rendered":"https:\/\/jornalvaleevangelico.com.br\/?p=13096"},"modified":"2022-03-29T11:30:24","modified_gmt":"2022-03-29T14:30:24","slug":"diretor-geral-da-agencia-nuclear-da-onu-esta-na-ucrania","status":"publish","type":"post","link":"https:\/\/jornalvaleevangelico.com.br\/index.php\/2022\/03\/29\/diretor-geral-da-agencia-nuclear-da-onu-esta-na-ucrania\/","title":{"rendered":"Diretor-geral da ag\u00eancia nuclear da ONU est\u00e1 na Ucr\u00e2nia"},"content":{"rendered":"\n<h3 class=\"wp-block-heading\">Objetivo \u00e9 garantir seguran\u00e7a t\u00e9cnica urgente \u00e0s instala\u00e7\u00f5es nucleares<\/h3>\n\n\n\n<p><a href=\"https:\/\/www.rtp.pt\/\" target=\"_blank\" rel=\"noreferrer noopener\"><\/a>A ag\u00eancia\u00a0nuclear da Organiza\u00e7\u00e3o das Na\u00e7\u00f5es Unidas (ONU) informou\u00a0hoje (29) que seu diretor-geral, Rafael Grossi, chegou \u00e0 Ucr\u00e2nia, para discutir\u00a0a disponibiliza\u00e7\u00e3o de &#8220;assist\u00eancia t\u00e9cnica urgente&#8221; a fim de garantir a seguran\u00e7a das instala\u00e7\u00f5es nucleares do pa\u00eds.<img decoding=\"async\" src=\"https:\/\/agenciabrasil.ebc.com.br\/ebc.png?id=1450865&amp;o=node\"><img decoding=\"async\" src=\"https:\/\/agenciabrasil.ebc.com.br\/ebc.gif?id=1450865&amp;o=node\"><\/p>\n\n\n\n<p>A Ag\u00eancia Internacional de Energia At\u00f4mica (Aiea) informou&nbsp;que o objetivo de Grossi \u00e9 iniciar imediatamente&nbsp;&#8220;apoio de seguran\u00e7a e prote\u00e7\u00e3o&#8221; \u00e0s instala\u00e7\u00f5es nucleares, que inclui&nbsp;envio de especialistas para locais priorit\u00e1rios&nbsp;e de material vital, al\u00e9m de&nbsp;equipamentos de vigil\u00e2ncia e emerg\u00eancia.<\/p>\n\n\n\n<p>O diretor ir\u00e1 nesta semana a uma das centrais nucleares da Ucr\u00e2nia, mas n\u00e3o precisou&nbsp;qual.<\/p>\n\n\n\n<p>A Ucr\u00e2nia tem 15 reatores nucleares e quatro centrais ativas, al\u00e9m da unidade desativada de Chernobyl, onde ocorreu o desastre nuclear de 1986.<\/p>\n\n\n\n<p>As for\u00e7as russas controlam Chernobyl e a maior central nuclear da Europa, em Zaporijia.<\/p>\n\n\n\n<p>&#8220;O conflito militar coloca as centrais nucleares da Ucr\u00e2nia e outras instala\u00e7\u00f5es com material radioativo em perigo sem precedentes&#8221;, disse Grossi em&nbsp;comunicado.<\/p>\n\n\n\n<p>&#8220;J\u00e1 se esteve v\u00e1rias vezes por um triz. N\u00e3o podemos perder mais tempo&#8221;, afirmou&nbsp;o diretor-geral da Aiea.<\/p>\n\n\n\n<p>Desde que a R\u00fassia invadiu a Ucr\u00e2nia, em&nbsp;24 de fevereiro, edif\u00edcios no complexo da central de Zaporijia foram atingidos, e as instala\u00e7\u00f5es de Chernobyl ficaram mais de uma vez sem liga\u00e7\u00e3o ao sistema el\u00e9trico.<\/p>\n\n\n\n<p>Pelo menos 1.035 civis morreram, incluindo 90 crian\u00e7as, e 1.650 ficaram feridos, dos quais 118 menores, em mais de um m\u00eas de guerra, que provocou a fuga de mais 10 milh\u00f5es de pessoas, entre elas&nbsp;3,8 milh\u00f5es para os pa\u00edses vizinhos, segundo os dados mais recentes da ONU.<\/p>\n\n\n\n<p>A invas\u00e3o russa foi condenada pela comunidade internacional, que respondeu com o envio de armamento \u00e0 Ucr\u00e2nia e o refor\u00e7o de san\u00e7\u00f5es econ\u00f4micas e pol\u00edticas a Moscou.<\/p>\n\n\n\n<h6 class=\"wp-block-heading\">Publicado em 29\/03\/2022 &#8211; 08:46 Por RTP* &#8211; Viena &#8211; Agencia Brasil<\/h6>\n<div class=\"jorna-rodape jorna-entity-placement\" id=\"jorna-3504704754\"><div id=\"jorna-1309931062\"><a href=\"https:\/\/gkscontabilidade.com\/\" aria-label=\"GKS Contabilidade\"><img src=\"https:\/\/jornalvaleevangelico.com.br\/wp-content\/uploads\/2023\/05\/GKS-Contabilidade.jpeg\" alt=\"\"  srcset=\"https:\/\/jornalvaleevangelico.com.br\/wp-content\/uploads\/2023\/05\/GKS-Contabilidade.jpeg 1600w, https:\/\/jornalvaleevangelico.com.br\/wp-content\/uploads\/2023\/05\/GKS-Contabilidade-300x65.jpeg 300w, https:\/\/jornalvaleevangelico.com.br\/wp-content\/uploads\/2023\/05\/GKS-Contabilidade-1024x223.jpeg 1024w, https:\/\/jornalvaleevangelico.com.br\/wp-content\/uploads\/2023\/05\/GKS-Contabilidade-768x168.jpeg 768w, https:\/\/jornalvaleevangelico.com.br\/wp-content\/uploads\/2023\/05\/GKS-Contabilidade-1536x335.jpeg 1536w\" sizes=\"(max-width: 1600px) 100vw, 1600px\" width=\"1600\" height=\"349\"   \/><\/a><\/div><\/div>","protected":false},"excerpt":{"rendered":"<p>Objetivo \u00e9 garantir seguran\u00e7a t\u00e9cnica urgente \u00e0s instala\u00e7\u00f5es nucleares A ag\u00eancia\u00a0nuclear da Organiza\u00e7\u00e3o das Na\u00e7\u00f5es&#8230;<\/p>\n","protected":false},"author":2,"featured_media":13097,"comment_status":"open","ping_status":"open","sticky":false,"template":"","format":"standard","meta":{"_mi_skip_tracking":false,"_monsterinsights_sitenote_active":false,"_monsterinsights_sitenote_note":"","_monsterinsights_sitenote_category":0,"footnotes":""},"categories":[8],"tags":[],"class_list":["post-13096","post","type-post","status-publish","format-standard","has-post-thumbnail","hentry","category-internacional"],"_links":{"self":[{"href":"https:\/\/jornalvaleevangelico.com.br\/index.php\/wp-json\/wp\/v2\/posts\/13096","targetHints":{"allow":["GET"]}}],"collection":[{"href":"https:\/\/jornalvaleevangelico.com.br\/index.php\/wp-json\/wp\/v2\/posts"}],"about":[{"href":"https:\/\/jornalvaleevangelico.com.br\/index.php\/wp-json\/wp\/v2\/types\/post"}],"author":[{"embeddable":true,"href":"https:\/\/jornalvaleevangelico.com.br\/index.php\/wp-json\/wp\/v2\/users\/2"}],"replies":[{"embeddable":true,"href":"https:\/\/jornalvaleevangelico.com.br\/index.php\/wp-json\/wp\/v2\/comments?post=13096"}],"version-history":[{"count":1,"href":"https:\/\/jornalvaleevangelico.com.br\/index.php\/wp-json\/wp\/v2\/posts\/13096\/revisions"}],"predecessor-version":[{"id":13098,"href":"https:\/\/jornalvaleevangelico.com.br\/index.php\/wp-json\/wp\/v2\/posts\/13096\/revisions\/13098"}],"wp:featuredmedia":[{"embeddable":true,"href":"https:\/\/jornalvaleevangelico.com.br\/index.php\/wp-json\/wp\/v2\/media\/13097"}],"wp:attachment":[{"href":"https:\/\/jornalvaleevangelico.com.br\/index.php\/wp-json\/wp\/v2\/media?parent=13096"}],"wp:term":[{"taxonomy":"category","embeddable":true,"href":"https:\/\/jornalvaleevangelico.com.br\/index.php\/wp-json\/wp\/v2\/categories?post=13096"},{"taxonomy":"post_tag","embeddable":true,"href":"https:\/\/jornalvaleevangelico.com.br\/index.php\/wp-json\/wp\/v2\/tags?post=13096"}],"curies":[{"name":"wp","href":"https:\/\/api.w.org\/{rel}","templated":true}]}}