{"id":1331,"date":"2020-07-29T15:22:58","date_gmt":"2020-07-29T18:22:58","guid":{"rendered":"http:\/\/jornalvaleevangelico.com.br\/?p=1331"},"modified":"2020-07-29T15:23:52","modified_gmt":"2020-07-29T18:23:52","slug":"profissionais-de-saude-de-niteroi-vao-testar-vacina-contra-covid-19","status":"publish","type":"post","link":"https:\/\/jornalvaleevangelico.com.br\/index.php\/2020\/07\/29\/profissionais-de-saude-de-niteroi-vao-testar-vacina-contra-covid-19\/","title":{"rendered":"Profissionais de sa\u00fade de Niter\u00f3i v\u00e3o testar vacina contra covid-19"},"content":{"rendered":"\n<h3 class=\"wp-block-heading\">Ser\u00e3o recrutados entre 500 e 900 participantes<\/h3>\n\n\n\n<p>A prefeitura de Niter\u00f3i, a Funda\u00e7\u00e3o Oswaldo Cruz (Fiocruz) e o Instituto Butantan, de S\u00e3o Paulo, acertaram uma parceria para a realiza\u00e7\u00e3o de pesquisa e ensaio cl\u00ednico para avalia\u00e7\u00e3o da efic\u00e1cia e seguran\u00e7a da vacina contra a covid-19 produzida pelo&nbsp;<a href=\"https:\/\/agenciabrasil.ebc.com.br\/saude\/noticia\/2020-07\/mais-quatro-centros-vao-iniciar-testes-com-vacina-chinesa-no-brasil\" target=\"_blank\" rel=\"noreferrer noopener\">laborat\u00f3rio chin\u00eas Sinovac Biotech<\/a>.<img decoding=\"async\" src=\"https:\/\/agenciabrasil.ebc.com.br\/ebc.png?id=1312488&amp;o=node\"><img decoding=\"async\" src=\"https:\/\/agenciabrasil.ebc.com.br\/ebc.gif?id=1312488&amp;o=node\"><\/p>\n\n\n\n<p>O estudo ser\u00e1 realizado em profissionais da sa\u00fade do Hospital Get\u00falio Vargas Filho e da Policl\u00ednica S\u00e9rgio Arouca. A Secretaria municipal de Sa\u00fade ser\u00e1 respons\u00e1vel pelo recrutamento de entre 500 e 900 participantes, pela coleta de dados e pelas amostras biol\u00f3gicas a partir do m\u00eas que vem.<\/p>\n\n\n\n<p>Segundo a prefeitura, os volunt\u00e1rios passar\u00e3o por entrevistas e avalia\u00e7\u00f5es m\u00e9dicas e, caso concordem com os termos do estudo, receber\u00e3o duas doses da vacina, com 14 dias de intervalo, e ser\u00e3o monitorados pelos pesquisadores por um ano para an\u00e1lise dos resultados sobre a efic\u00e1cia da vacina e tamb\u00e9m sobre a exist\u00eancia ou n\u00e3o de poss\u00edveis rea\u00e7\u00f5es adversas.<\/p>\n\n\n\n<p>O pesquisador do Instituto Nacional de Infectologia da Fiocruz, Andr\u00e9 Siqueira, disse que este \u00e9 um estudo de fase 3, o que significa que j\u00e1 se passaram duas fases iniciais que mostraram que a vacina \u00e9 segura e produziu anticorpos efetivos contra o novo coronav\u00edrus. \u201cOutras cidades do Brasil tamb\u00e9m est\u00e3o envolvidas no estudo. A prioridade \u00e9 aplicar em profissionais de sa\u00fade, que est\u00e3o sendo mais expostos\u201d, afirmou, em nota.<\/p>\n\n\n\n<p>Para as pessoas volunt\u00e1rias que t\u00eam interesse em participar do estudo, haver\u00e1 um&nbsp;<em>link<\/em>, tanto na p\u00e1gina do Instituto Butantan, da Fiocruz e da Secretaria de Sa\u00fade de Niter\u00f3i, para que possam se inscrever. \u201cTodos ser\u00e3o acompanhados com exames regulares pelo per\u00edodo de um ano. No fim deste per\u00edodo, teremos a avalia\u00e7\u00e3o se a vacina de fato funciona, como a gente prev\u00ea que ela possa funcionar, pelos resultados apresentados nas fases anteriores\u201d, completou o pesquisador.<\/p>\n\n\n\n<h6 class=\"wp-block-heading\">Edi\u00e7\u00e3o: Val\u00e9ria Aguiar &#8211; Publicado em 29\/07\/2020 &#8211; 12:21 Por Ag\u00eancia Brasil &#8211; Rio de Janeiro<\/h6>\n<div class=\"jorna-rodape jorna-entity-placement\" id=\"jorna-3682801419\"><div id=\"jorna-1678709856\"><a href=\"https:\/\/gkscontabilidade.com\/\" aria-label=\"GKS Contabilidade\"><img src=\"https:\/\/jornalvaleevangelico.com.br\/wp-content\/uploads\/2023\/05\/GKS-Contabilidade.jpeg\" alt=\"\"  srcset=\"https:\/\/jornalvaleevangelico.com.br\/wp-content\/uploads\/2023\/05\/GKS-Contabilidade.jpeg 1600w, https:\/\/jornalvaleevangelico.com.br\/wp-content\/uploads\/2023\/05\/GKS-Contabilidade-300x65.jpeg 300w, https:\/\/jornalvaleevangelico.com.br\/wp-content\/uploads\/2023\/05\/GKS-Contabilidade-1024x223.jpeg 1024w, https:\/\/jornalvaleevangelico.com.br\/wp-content\/uploads\/2023\/05\/GKS-Contabilidade-768x168.jpeg 768w, https:\/\/jornalvaleevangelico.com.br\/wp-content\/uploads\/2023\/05\/GKS-Contabilidade-1536x335.jpeg 1536w\" sizes=\"(max-width: 1600px) 100vw, 1600px\" width=\"1600\" height=\"349\"   \/><\/a><\/div><\/div>","protected":false},"excerpt":{"rendered":"<p>Ser\u00e3o recrutados entre 500 e 900 participantes A prefeitura de Niter\u00f3i, a Funda\u00e7\u00e3o Oswaldo Cruz&#8230;<\/p>\n","protected":false},"author":2,"featured_media":1333,"comment_status":"open","ping_status":"open","sticky":false,"template":"","format":"standard","meta":{"_mi_skip_tracking":false,"_monsterinsights_sitenote_active":false,"_monsterinsights_sitenote_note":"","_monsterinsights_sitenote_category":0,"footnotes":""},"categories":[2,10],"tags":[],"class_list":["post-1331","post","type-post","status-publish","format-standard","has-post-thumbnail","hentry","category-noticia","category-saude"],"_links":{"self":[{"href":"https:\/\/jornalvaleevangelico.com.br\/index.php\/wp-json\/wp\/v2\/posts\/1331","targetHints":{"allow":["GET"]}}],"collection":[{"href":"https:\/\/jornalvaleevangelico.com.br\/index.php\/wp-json\/wp\/v2\/posts"}],"about":[{"href":"https:\/\/jornalvaleevangelico.com.br\/index.php\/wp-json\/wp\/v2\/types\/post"}],"author":[{"embeddable":true,"href":"https:\/\/jornalvaleevangelico.com.br\/index.php\/wp-json\/wp\/v2\/users\/2"}],"replies":[{"embeddable":true,"href":"https:\/\/jornalvaleevangelico.com.br\/index.php\/wp-json\/wp\/v2\/comments?post=1331"}],"version-history":[{"count":1,"href":"https:\/\/jornalvaleevangelico.com.br\/index.php\/wp-json\/wp\/v2\/posts\/1331\/revisions"}],"predecessor-version":[{"id":1332,"href":"https:\/\/jornalvaleevangelico.com.br\/index.php\/wp-json\/wp\/v2\/posts\/1331\/revisions\/1332"}],"wp:featuredmedia":[{"embeddable":true,"href":"https:\/\/jornalvaleevangelico.com.br\/index.php\/wp-json\/wp\/v2\/media\/1333"}],"wp:attachment":[{"href":"https:\/\/jornalvaleevangelico.com.br\/index.php\/wp-json\/wp\/v2\/media?parent=1331"}],"wp:term":[{"taxonomy":"category","embeddable":true,"href":"https:\/\/jornalvaleevangelico.com.br\/index.php\/wp-json\/wp\/v2\/categories?post=1331"},{"taxonomy":"post_tag","embeddable":true,"href":"https:\/\/jornalvaleevangelico.com.br\/index.php\/wp-json\/wp\/v2\/tags?post=1331"}],"curies":[{"name":"wp","href":"https:\/\/api.w.org\/{rel}","templated":true}]}}