{"id":1340,"date":"2020-07-31T20:34:26","date_gmt":"2020-07-31T23:34:26","guid":{"rendered":"http:\/\/jornalvaleevangelico.com.br\/?p=1340"},"modified":"2020-07-31T20:34:27","modified_gmt":"2020-07-31T23:34:27","slug":"feliz-dia-do-caminhoneiro-homenagem-da-federacao-de-uphs-do-prgv","status":"publish","type":"post","link":"https:\/\/jornalvaleevangelico.com.br\/index.php\/2020\/07\/31\/feliz-dia-do-caminhoneiro-homenagem-da-federacao-de-uphs-do-prgv\/","title":{"rendered":"Feliz dia do caminhoneiro! Homenagem da Federa\u00e7\u00e3o de UPH&#8217;s do PRGV"},"content":{"rendered":"\n<p>No Brasil, o dia dos caminhoneiros s\u00e3o comemorados em tr\u00eas datas, 30 de junho, 25 de julho e 16 de setembro. &nbsp;Todas s\u00e3o importantes para os caminhoneiros. Mas o presidente da Federa\u00e7\u00e3o UPH &#8211; Uni\u00e3o Presbiteriana de Homens, PRGV &#8211; Presbit\u00e9rio Governador Valadares da igreja Presbiteriana do Brasil, escolheram a data de 25 de julho para homenage\u00e1-los.<\/p>\n\n\n\n<figure class=\"wp-block-image size-large\"><img fetchpriority=\"high\" decoding=\"async\" width=\"720\" height=\"984\" src=\"http:\/\/jornalvaleevangelico.com.br\/wp-content\/uploads\/2020\/07\/Lic.-Josu\u00e9-pregando-no-posto-Cherokee-dia-dos-caminhoneiros..jpg\" alt=\"\" class=\"wp-image-1345\" srcset=\"https:\/\/jornalvaleevangelico.com.br\/wp-content\/uploads\/2020\/07\/Lic.-Josu\u00e9-pregando-no-posto-Cherokee-dia-dos-caminhoneiros..jpg 720w, https:\/\/jornalvaleevangelico.com.br\/wp-content\/uploads\/2020\/07\/Lic.-Josu\u00e9-pregando-no-posto-Cherokee-dia-dos-caminhoneiros.-220x300.jpg 220w\" sizes=\"(max-width: 720px) 100vw, 720px\" \/><figcaption>Licenciado Josu\u00e9 pregando no culto em homenagem aos caminhoneiros.<\/figcaption><\/figure>\n\n\n\n<p>Realizaram um caf\u00e9 com a participa\u00e7\u00e3o de dezenas de pessoas, entre eles os homenageados, v\u00e1rios caminhoneiros que tamb\u00e9m receberam um kit de higiene pessoal junto uma B\u00edblia. Foi realizado um culto na \u00e1rea de um dos postos da cidade de Governador Valadares, que contou com Grupos de louvor e uma mensagem evangel\u00edstica pelo pregador licenciado Josu\u00e9 Filho. \u00a0O Evento contou com participa\u00e7\u00e3o, al\u00e9m dos caminhoneiros varias lideran\u00e7as, grupo de louvor e uma mensagem evangel\u00edstica do pregador Licenciado Josu\u00e9 Filho.<\/p>\n\n\n\n<figure class=\"wp-block-image size-large\"><img decoding=\"async\" width=\"1024\" height=\"766\" src=\"http:\/\/jornalvaleevangelico.com.br\/wp-content\/uploads\/2020\/07\/Mesa-do-Caf\u00e9.-1-1024x766.jpg\" alt=\"\" class=\"wp-image-1349\" srcset=\"https:\/\/jornalvaleevangelico.com.br\/wp-content\/uploads\/2020\/07\/Mesa-do-Caf\u00e9.-1-1024x766.jpg 1024w, https:\/\/jornalvaleevangelico.com.br\/wp-content\/uploads\/2020\/07\/Mesa-do-Caf\u00e9.-1-300x225.jpg 300w, https:\/\/jornalvaleevangelico.com.br\/wp-content\/uploads\/2020\/07\/Mesa-do-Caf\u00e9.-1-768x575.jpg 768w, https:\/\/jornalvaleevangelico.com.br\/wp-content\/uploads\/2020\/07\/Mesa-do-Caf\u00e9.-1.jpg 1280w\" sizes=\"(max-width: 1024px) 100vw, 1024px\" \/><\/figure>\n\n\n\n<figure class=\"wp-block-image size-large\"><img decoding=\"async\" width=\"1024\" height=\"766\" src=\"http:\/\/jornalvaleevangelico.com.br\/wp-content\/uploads\/2020\/07\/WhatsApp-Image-2020-07-26-at-06.05.20-1024x766.jpeg\" alt=\"\" class=\"wp-image-1351\" srcset=\"https:\/\/jornalvaleevangelico.com.br\/wp-content\/uploads\/2020\/07\/WhatsApp-Image-2020-07-26-at-06.05.20-1024x766.jpeg 1024w, https:\/\/jornalvaleevangelico.com.br\/wp-content\/uploads\/2020\/07\/WhatsApp-Image-2020-07-26-at-06.05.20-300x225.jpeg 300w, https:\/\/jornalvaleevangelico.com.br\/wp-content\/uploads\/2020\/07\/WhatsApp-Image-2020-07-26-at-06.05.20-768x575.jpeg 768w, https:\/\/jornalvaleevangelico.com.br\/wp-content\/uploads\/2020\/07\/WhatsApp-Image-2020-07-26-at-06.05.20.jpeg 1280w\" sizes=\"(max-width: 1024px) 100vw, 1024px\" \/><figcaption>Mesa do Caf\u00e9.<\/figcaption><\/figure>\n\n\n\n<p>\u00a0\u00a0\u00a0\u00a0\u00a0\u00a0\u00a0\u00a0\u00a0\u00a0\u00a0\u00a0\u00a0\u00a0\u00a0 Segundo o presb\u00edtero e Presidente da federa\u00e7\u00e3o de homens presbiterianos Edivaldo Machado, foram distribu\u00eddos 41 kits, o culto teve a participa\u00e7\u00e3o de 41 caminhoneiros e 44 participantes da igreja. A Federa\u00e7\u00e3o Uni\u00e3o Presbiteriana de Homens est\u00e1 de parab\u00e9ns, os caminhoneiros s\u00e3o profissionais dedicados, que passam longos per\u00edodos longe de suas fam\u00edlias, garantindo seu sustento e fazendo com que o pa\u00eds siga funcionando. A homenagem da Federa\u00e7\u00e3o UPH &#8211; Uni\u00e3o de Homens Presbiterianos, a estes profissionais foram mais que merecidas. O presidente declara. \u201cTodos que estiv\u00e9ramos presentes (membros das Igrejas, Caminhoneiros, Frentistas, etc) em n\u00famero de aproximadamente 100 pessoas, participaram do delicioso caf\u00e9 e ainda sobejou uma grande quantidade. Fica meus agradecimentos a todos participante\u201d disse o Presb\u00edtero Edivaldo Machado presidente da federa\u00e7\u00e3o.<\/p>\n\n\n\n<figure class=\"wp-block-image size-large\"><img loading=\"lazy\" decoding=\"async\" width=\"768\" height=\"1024\" src=\"http:\/\/jornalvaleevangelico.com.br\/wp-content\/uploads\/2020\/07\/Pb.-Rubens-Sec.-Esportes-Licenciado-Josu\u00e9-Filho-mensageiro-do-dia-e-Pb.-Edivaldo-Machado-Presidente-da-Federa\u00e7\u00e3o-de-UPHs-do-PRGV.-768x1024.jpg\" alt=\"\" class=\"wp-image-1347\" srcset=\"https:\/\/jornalvaleevangelico.com.br\/wp-content\/uploads\/2020\/07\/Pb.-Rubens-Sec.-Esportes-Licenciado-Josu\u00e9-Filho-mensageiro-do-dia-e-Pb.-Edivaldo-Machado-Presidente-da-Federa\u00e7\u00e3o-de-UPHs-do-PRGV.-768x1024.jpg 768w, https:\/\/jornalvaleevangelico.com.br\/wp-content\/uploads\/2020\/07\/Pb.-Rubens-Sec.-Esportes-Licenciado-Josu\u00e9-Filho-mensageiro-do-dia-e-Pb.-Edivaldo-Machado-Presidente-da-Federa\u00e7\u00e3o-de-UPHs-do-PRGV.-225x300.jpg 225w, https:\/\/jornalvaleevangelico.com.br\/wp-content\/uploads\/2020\/07\/Pb.-Rubens-Sec.-Esportes-Licenciado-Josu\u00e9-Filho-mensageiro-do-dia-e-Pb.-Edivaldo-Machado-Presidente-da-Federa\u00e7\u00e3o-de-UPHs-do-PRGV..jpg 960w\" sizes=\"(max-width: 768px) 100vw, 768px\" \/><figcaption>Pb. Rubens ( Sec. Esportes), Licenciado Josu\u00e9 Filho, mensageiro do dia e Pb. Edivaldo Machado, Presidente da Federa\u00e7\u00e3o de UPH&#8217;s do PRGV.<\/figcaption><\/figure>\n\n\n\n<figure class=\"wp-block-image size-large\"><img loading=\"lazy\" decoding=\"async\" width=\"1024\" height=\"766\" src=\"http:\/\/jornalvaleevangelico.com.br\/wp-content\/uploads\/2020\/07\/Equipe-de-Louvor.-1024x766.jpg\" alt=\"\" class=\"wp-image-1342\" srcset=\"https:\/\/jornalvaleevangelico.com.br\/wp-content\/uploads\/2020\/07\/Equipe-de-Louvor.-1024x766.jpg 1024w, https:\/\/jornalvaleevangelico.com.br\/wp-content\/uploads\/2020\/07\/Equipe-de-Louvor.-300x225.jpg 300w, https:\/\/jornalvaleevangelico.com.br\/wp-content\/uploads\/2020\/07\/Equipe-de-Louvor.-768x575.jpg 768w, https:\/\/jornalvaleevangelico.com.br\/wp-content\/uploads\/2020\/07\/Equipe-de-Louvor..jpg 1280w\" sizes=\"(max-width: 1024px) 100vw, 1024px\" \/><figcaption>Equipe de Louvor.<\/figcaption><\/figure>\n\n\n\n<figure class=\"wp-block-image size-large\"><img loading=\"lazy\" decoding=\"async\" width=\"1024\" height=\"766\" src=\"http:\/\/jornalvaleevangelico.com.br\/wp-content\/uploads\/2020\/07\/Kit-com-a-Biblia.-1024x766.jpg\" alt=\"\" class=\"wp-image-1344\" srcset=\"https:\/\/jornalvaleevangelico.com.br\/wp-content\/uploads\/2020\/07\/Kit-com-a-Biblia.-1024x766.jpg 1024w, https:\/\/jornalvaleevangelico.com.br\/wp-content\/uploads\/2020\/07\/Kit-com-a-Biblia.-300x225.jpg 300w, https:\/\/jornalvaleevangelico.com.br\/wp-content\/uploads\/2020\/07\/Kit-com-a-Biblia.-768x575.jpg 768w, https:\/\/jornalvaleevangelico.com.br\/wp-content\/uploads\/2020\/07\/Kit-com-a-Biblia..jpg 1280w\" sizes=\"(max-width: 1024px) 100vw, 1024px\" \/><figcaption>Kit com a B\u00edblia<\/figcaption><\/figure>\n\n\n\n<figure class=\"wp-block-image size-large\"><img loading=\"lazy\" decoding=\"async\" width=\"766\" height=\"1024\" src=\"http:\/\/jornalvaleevangelico.com.br\/wp-content\/uploads\/2020\/07\/Frasco-de-Alcool-Gel.-766x1024.jpg\" alt=\"\" class=\"wp-image-1343\" srcset=\"https:\/\/jornalvaleevangelico.com.br\/wp-content\/uploads\/2020\/07\/Frasco-de-Alcool-Gel.-766x1024.jpg 766w, https:\/\/jornalvaleevangelico.com.br\/wp-content\/uploads\/2020\/07\/Frasco-de-Alcool-Gel.-225x300.jpg 225w, https:\/\/jornalvaleevangelico.com.br\/wp-content\/uploads\/2020\/07\/Frasco-de-Alcool-Gel.-768x1026.jpg 768w, https:\/\/jornalvaleevangelico.com.br\/wp-content\/uploads\/2020\/07\/Frasco-de-Alcool-Gel..jpg 958w\" sizes=\"(max-width: 766px) 100vw, 766px\" \/><figcaption>Frasco de \u00c1lcool em Gel.<\/figcaption><\/figure>\n<div class=\"jorna-rodape jorna-entity-placement\" id=\"jorna-1553538579\"><div id=\"jorna-1312880642\"><a href=\"https:\/\/gkscontabilidade.com\/\" aria-label=\"GKS Contabilidade\"><img src=\"https:\/\/jornalvaleevangelico.com.br\/wp-content\/uploads\/2023\/05\/GKS-Contabilidade.jpeg\" alt=\"\"  srcset=\"https:\/\/jornalvaleevangelico.com.br\/wp-content\/uploads\/2023\/05\/GKS-Contabilidade.jpeg 1600w, https:\/\/jornalvaleevangelico.com.br\/wp-content\/uploads\/2023\/05\/GKS-Contabilidade-300x65.jpeg 300w, https:\/\/jornalvaleevangelico.com.br\/wp-content\/uploads\/2023\/05\/GKS-Contabilidade-1024x223.jpeg 1024w, https:\/\/jornalvaleevangelico.com.br\/wp-content\/uploads\/2023\/05\/GKS-Contabilidade-768x168.jpeg 768w, https:\/\/jornalvaleevangelico.com.br\/wp-content\/uploads\/2023\/05\/GKS-Contabilidade-1536x335.jpeg 1536w\" sizes=\"(max-width: 1600px) 100vw, 1600px\" width=\"1600\" height=\"349\"   \/><\/a><\/div><\/div>","protected":false},"excerpt":{"rendered":"<p>Vista dos Caminhoneiros e equipe de apoio.<\/p>\n","protected":false},"author":2,"featured_media":1350,"comment_status":"open","ping_status":"open","sticky":false,"template":"","format":"standard","meta":{"_mi_skip_tracking":false,"_monsterinsights_sitenote_active":false,"_monsterinsights_sitenote_note":"","_monsterinsights_sitenote_category":0,"footnotes":""},"categories":[7,15,2],"tags":[],"class_list":["post-1340","post","type-post","status-publish","format-standard","has-post-thumbnail","hentry","category-missoes","category-mundo-cristao","category-noticia"],"_links":{"self":[{"href":"https:\/\/jornalvaleevangelico.com.br\/index.php\/wp-json\/wp\/v2\/posts\/1340","targetHints":{"allow":["GET"]}}],"collection":[{"href":"https:\/\/jornalvaleevangelico.com.br\/index.php\/wp-json\/wp\/v2\/posts"}],"about":[{"href":"https:\/\/jornalvaleevangelico.com.br\/index.php\/wp-json\/wp\/v2\/types\/post"}],"author":[{"embeddable":true,"href":"https:\/\/jornalvaleevangelico.com.br\/index.php\/wp-json\/wp\/v2\/users\/2"}],"replies":[{"embeddable":true,"href":"https:\/\/jornalvaleevangelico.com.br\/index.php\/wp-json\/wp\/v2\/comments?post=1340"}],"version-history":[{"count":1,"href":"https:\/\/jornalvaleevangelico.com.br\/index.php\/wp-json\/wp\/v2\/posts\/1340\/revisions"}],"predecessor-version":[{"id":1352,"href":"https:\/\/jornalvaleevangelico.com.br\/index.php\/wp-json\/wp\/v2\/posts\/1340\/revisions\/1352"}],"wp:featuredmedia":[{"embeddable":true,"href":"https:\/\/jornalvaleevangelico.com.br\/index.php\/wp-json\/wp\/v2\/media\/1350"}],"wp:attachment":[{"href":"https:\/\/jornalvaleevangelico.com.br\/index.php\/wp-json\/wp\/v2\/media?parent=1340"}],"wp:term":[{"taxonomy":"category","embeddable":true,"href":"https:\/\/jornalvaleevangelico.com.br\/index.php\/wp-json\/wp\/v2\/categories?post=1340"},{"taxonomy":"post_tag","embeddable":true,"href":"https:\/\/jornalvaleevangelico.com.br\/index.php\/wp-json\/wp\/v2\/tags?post=1340"}],"curies":[{"name":"wp","href":"https:\/\/api.w.org\/{rel}","templated":true}]}}