{"id":13715,"date":"2022-04-25T15:27:27","date_gmt":"2022-04-25T18:27:27","guid":{"rendered":"https:\/\/jornalvaleevangelico.com.br\/?p=13715"},"modified":"2022-04-25T15:27:28","modified_gmt":"2022-04-25T18:27:28","slug":"macron-promete-enfrentar-duvidas-e-divisoes-apos-reeleicao-na-franca","status":"publish","type":"post","link":"https:\/\/jornalvaleevangelico.com.br\/index.php\/2022\/04\/25\/macron-promete-enfrentar-duvidas-e-divisoes-apos-reeleicao-na-franca\/","title":{"rendered":"Macron promete enfrentar &#8220;d\u00favidas e divis\u00f5es&#8221; ap\u00f3s reelei\u00e7\u00e3o na Fran\u00e7a"},"content":{"rendered":"\n<h2 class=\"wp-block-heading\">Ele venceu Marine Le Pen, de extrema direita, nesse domingo<\/h2>\n\n\n\n<p>O presidente reeleito da Fran\u00e7a, Emmanuel Macron, prometeu lidar com divis\u00f5es profundas no pa\u00eds, ap\u00f3s resultados mostrarem vit\u00f3ria nas elei\u00e7\u00f5es presidenciais sobre Marine Le Pen.&nbsp;Reconheceu&nbsp;que muitos votaram nele, principalmente para frustrar sua advers\u00e1ria de extrema direita.<img decoding=\"async\" src=\"https:\/\/agenciabrasil.ebc.com.br\/ebc.png?id=1455954&amp;o=node\"><img decoding=\"async\" src=\"https:\/\/agenciabrasil.ebc.com.br\/ebc.gif?id=1455954&amp;o=node\"><\/p>\n\n\n\n<p>Com os olhos voltados para uma elei\u00e7\u00e3o parlamentar em junho, Macron&nbsp;deve agora negociar outro per\u00edodo complicado de campanha, para tentar garantir uma legislatura que lhe d\u00ea a maioria necess\u00e1ria para implementar suas pol\u00edticas.<\/p>\n\n\n\n<p>Os resultados finais do segundo turno de domingo mostraram que Macron obteve 58,54% dos votos, margem de vit\u00f3ria maior do que muitas pesquisas haviam previsto.<\/p>\n\n\n\n<p>O resultado tamb\u00e9m d\u00e1 \u00e0 extrema direita sua maior fatia de vota\u00e7\u00e3o presidencial j\u00e1 registrada.<\/p>\n\n\n\n<p>&#8220;Muitos neste pa\u00eds votaram em mim n\u00e3o porque apoiam minhas ideias, mas para manter de fora as da extrema direita. Quero agradec\u00ea-los e sei que tenho com eles uma d\u00edvida nos pr\u00f3ximos anos&#8221;, disse Macron no&nbsp;discurso de vit\u00f3ria.<\/p>\n\n\n\n<p>&#8220;Teremos que ser benevolentes e respeitosos porque nosso pa\u00eds est\u00e1 cheio de d\u00favidas, com muitas divis\u00f5es.&#8221;<\/p>\n\n\n\n<p>Embora a margem de vit\u00f3ria de Macron tenha sido confort\u00e1vel, ficou bem abaixo dos 66,1% que ele conseguiu contra a mesma advers\u00e1ria no segundo turno de 2017, e ainda mais longe dos 82% garantidos pelo conservador Jacques Chirac em 2002, quando a extrema direita chegou pela primeira vez \u00e0 fase de desempate.<\/p>\n\n\n\n<p>O candidato presidencial de extrema esquerda, Jean-Luc M\u00e9lenchon &#8212; que ficou em terceiro lugar atr\u00e1s de Le Pen no primeiro turno &#8212; imediatamente rotulou as elei\u00e7\u00f5es parlamentares de 12 e 19 de junho como&nbsp;&#8220;terceiro turno&#8221; da elei\u00e7\u00e3o presidencial.<\/p>\n\n\n\n<p>\u00c9 uma vota\u00e7\u00e3o na qual os partidos da oposi\u00e7\u00e3o de todos os segmentos esperam ganhar.<\/p>\n\n\n\n<p>A mensagem em todo o campo de Macron, nesta&nbsp;segunda-feira (25), foi de que ele&nbsp;ouvir\u00e1&nbsp;mais, ap\u00f3s o primeiro mandato em que o pr\u00f3prio presidente&nbsp;inicialmente chamou seu estilo de lideran\u00e7a de &#8220;jupiteriano&#8221;, sugerindo que ficar\u00e1 acima da briga pol\u00edtica.<\/p>\n\n\n\n<h2 class=\"wp-block-heading\">Protestos<\/h2>\n\n\n\n<p>&#8220;Quando uma proposta que afeta a vida dos franceses chega \u00e0 Assembleia Nacional, os deputados precisam discuti-la com os franceses&#8221;, disse o l\u00edder do Parlamento, Richard Ferrand, um aliado pr\u00f3ximo de Macron, \u00e0 France Inter.<\/p>\n\n\n\n<p>&#8220;Caso contr\u00e1rio, existe o risco de uma divis\u00e3o entre os parlamentares e o que os franceses sentem.&#8221;<\/p>\n\n\n\n<p>Macron provavelmente enfrentar\u00e1 a volta de protestos que marcaram parte de seu primeiro mandato, enquanto tenta impulsionar suas reformas nos neg\u00f3cios, incluindo planos para aumentar a idade de aposentadoria de 62 para 65 anos.<\/p>\n\n\n\n<p>&#8220;Ele n\u00e3o vai cumprir mais cinco anos com o mesmo mandato, isso est\u00e1 claro. N\u00e3o vamos deix\u00e1-lo fazer isso&#8221;, disse a funcion\u00e1ria administrativa Colette Sierra, de 63 anos.<\/p>\n\n\n\n<p>&#8220;Se ele fizer isso, acho que as pessoas est\u00e3o prontas para sair \u00e0s ruas se n\u00e3o houver o tipo certo de governo de coaliz\u00e3o.&#8221;<\/p>\n\n\n\n<h6 class=\"wp-block-heading\">Publicado em 25\/04\/2022 &#8211; 10:00 Por Jeevan Ravindran e Ingrid Melander &#8211; Rep\u00f3rteres da Reuters* &#8211; Paris<\/h6>\n<div class=\"jorna-rodape jorna-entity-placement\" id=\"jorna-2061771983\"><div id=\"jorna-1727406921\"><a href=\"https:\/\/gkscontabilidade.com\/\" aria-label=\"GKS Contabilidade\"><img src=\"https:\/\/jornalvaleevangelico.com.br\/wp-content\/uploads\/2023\/05\/GKS-Contabilidade.jpeg\" alt=\"\"  srcset=\"https:\/\/jornalvaleevangelico.com.br\/wp-content\/uploads\/2023\/05\/GKS-Contabilidade.jpeg 1600w, https:\/\/jornalvaleevangelico.com.br\/wp-content\/uploads\/2023\/05\/GKS-Contabilidade-300x65.jpeg 300w, https:\/\/jornalvaleevangelico.com.br\/wp-content\/uploads\/2023\/05\/GKS-Contabilidade-1024x223.jpeg 1024w, https:\/\/jornalvaleevangelico.com.br\/wp-content\/uploads\/2023\/05\/GKS-Contabilidade-768x168.jpeg 768w, https:\/\/jornalvaleevangelico.com.br\/wp-content\/uploads\/2023\/05\/GKS-Contabilidade-1536x335.jpeg 1536w\" sizes=\"(max-width: 1600px) 100vw, 1600px\" width=\"1600\" height=\"349\"   \/><\/a><\/div><\/div>","protected":false},"excerpt":{"rendered":"<p>Ele venceu Marine Le Pen, de extrema direita, nesse domingo O presidente reeleito da Fran\u00e7a,&#8230;<\/p>\n","protected":false},"author":2,"featured_media":13716,"comment_status":"open","ping_status":"open","sticky":false,"template":"","format":"standard","meta":{"_mi_skip_tracking":false,"_monsterinsights_sitenote_active":false,"_monsterinsights_sitenote_note":"","_monsterinsights_sitenote_category":0,"footnotes":""},"categories":[8,13],"tags":[],"class_list":["post-13715","post","type-post","status-publish","format-standard","has-post-thumbnail","hentry","category-internacional","category-politica"],"_links":{"self":[{"href":"https:\/\/jornalvaleevangelico.com.br\/index.php\/wp-json\/wp\/v2\/posts\/13715","targetHints":{"allow":["GET"]}}],"collection":[{"href":"https:\/\/jornalvaleevangelico.com.br\/index.php\/wp-json\/wp\/v2\/posts"}],"about":[{"href":"https:\/\/jornalvaleevangelico.com.br\/index.php\/wp-json\/wp\/v2\/types\/post"}],"author":[{"embeddable":true,"href":"https:\/\/jornalvaleevangelico.com.br\/index.php\/wp-json\/wp\/v2\/users\/2"}],"replies":[{"embeddable":true,"href":"https:\/\/jornalvaleevangelico.com.br\/index.php\/wp-json\/wp\/v2\/comments?post=13715"}],"version-history":[{"count":1,"href":"https:\/\/jornalvaleevangelico.com.br\/index.php\/wp-json\/wp\/v2\/posts\/13715\/revisions"}],"predecessor-version":[{"id":13717,"href":"https:\/\/jornalvaleevangelico.com.br\/index.php\/wp-json\/wp\/v2\/posts\/13715\/revisions\/13717"}],"wp:featuredmedia":[{"embeddable":true,"href":"https:\/\/jornalvaleevangelico.com.br\/index.php\/wp-json\/wp\/v2\/media\/13716"}],"wp:attachment":[{"href":"https:\/\/jornalvaleevangelico.com.br\/index.php\/wp-json\/wp\/v2\/media?parent=13715"}],"wp:term":[{"taxonomy":"category","embeddable":true,"href":"https:\/\/jornalvaleevangelico.com.br\/index.php\/wp-json\/wp\/v2\/categories?post=13715"},{"taxonomy":"post_tag","embeddable":true,"href":"https:\/\/jornalvaleevangelico.com.br\/index.php\/wp-json\/wp\/v2\/tags?post=13715"}],"curies":[{"name":"wp","href":"https:\/\/api.w.org\/{rel}","templated":true}]}}