{"id":14334,"date":"2022-05-07T09:24:39","date_gmt":"2022-05-07T12:24:39","guid":{"rendered":"https:\/\/jornalvaleevangelico.com.br\/?p=14334"},"modified":"2022-05-07T09:38:10","modified_gmt":"2022-05-07T12:38:10","slug":"voto-em-transito-e-opcao-para-quem-perdeu-prazo-de-transferir-titulo","status":"publish","type":"post","link":"https:\/\/jornalvaleevangelico.com.br\/index.php\/2022\/05\/07\/voto-em-transito-e-opcao-para-quem-perdeu-prazo-de-transferir-titulo\/","title":{"rendered":"Voto em tr\u00e2nsito \u00e9 op\u00e7\u00e3o para quem perdeu prazo de transferir t\u00edtulo"},"content":{"rendered":"\n<p>Para quem perdeu o prazo para transferir o t\u00edtulo de eleitor de cidade e ainda assim n\u00e3o quer abrir m\u00e3o de votar, a Justi\u00e7a Eleitoral ainda oferece como op\u00e7\u00e3o o voto em tr\u00e2nsito, que \u00e9 um direito previsto no C\u00f3digo Eleitoral (Lei n\u00ba 4.737\/1965).<img decoding=\"async\" src=\"https:\/\/agenciabrasil.ebc.com.br\/ebc.png?id=1458490&amp;o=node\"><img decoding=\"async\" src=\"https:\/\/agenciabrasil.ebc.com.br\/ebc.gif?id=1458490&amp;o=node\"><\/p>\n\n\n\n<p>Ainda assim, \u00e9 preciso ter cuidado, pois tamb\u00e9m h\u00e1 um prazo para solicitar o voto em tr\u00e2nsito, que vai de 12 de julho a 18 de agosto. Antes de tudo, \u00e9 preciso saber se h\u00e1 alguma pend\u00eancia em rela\u00e7\u00e3o ao seu t\u00edtulo de eleitor. A situa\u00e7\u00e3o atual do documento pode ser conferida no <a href=\"https:\/\/www.tse.jus.br\/eleitor\/titulo-e-local-de-votacao\/copy_of_consulta-por-nome\" target=\"_blank\" rel=\"noreferrer noopener\">portal da Justi\u00e7a Eleitoral<\/a>.<\/p>\n\n\n\n<p>Apenas quem estiver com a situa\u00e7\u00e3o toda em ordem poder\u00e1 votar em tr\u00e2nsito, uma vez que o cadastro do eleitorado j\u00e1 foi fechado, e assim n\u00e3o \u00e9 mais poss\u00edvel resolver nenhuma pend\u00eancia relativa ao t\u00edtulo, como multas ou faltas n\u00e3o justificadas, por exemplo.<\/p>\n\n\n\n<p>Caso esteja tudo certo, ser\u00e1 necess\u00e1rio tamb\u00e9m j\u00e1 indicar em qual cidade o eleitor estar\u00e1 no dia da vota\u00e7\u00e3o.<\/p>\n\n\n\n<p>O Tribunal Regional Eleitora (TRE) de cada UF dever\u00e1 divulgar, com anteced\u00eancia, todas as se\u00e7\u00f5es eleitorais em que haver\u00e1 voto em tr\u00e2nsito. Vale lembrar que a modalidade s\u00f3 \u00e9 disponibilizada em munic\u00edpios com mais de 100 mil habitantes, al\u00e9m das capitais.<\/p>\n\n\n\n<p>Feita a inscri\u00e7\u00e3o, quem estiver na mesma unidade da federa\u00e7\u00e3o (UF) de seu domic\u00edlio eleitoral poder\u00e1 votar para os cargos de presidente, governador, senador e deputados federal e estadual. J\u00e1 quem estiver, no dia da vota\u00e7\u00e3o, fora da UF do seu domic\u00edlio eleitoral poder\u00e1 votar somente para presidente.<\/p>\n\n\n\n<p>As inscri\u00e7\u00f5es para votar em tr\u00e2nsito devem ser feitas por meio da internet, na op\u00e7\u00e3o <a href=\"https:\/\/cad-app-titulonet.tse.jus.br\/titulonet\/novoRequerimento\" target=\"_blank\" rel=\"noreferrer noopener\">T\u00edtulo Net<\/a>, que abrir\u00e1 a op\u00e7\u00e3o durante o per\u00edodo de inscri\u00e7\u00e3o.<\/p>\n\n\n\n<p>\u00c9 preciso, no entanto, estar seguro de se estar\u00e1 no dia da vota\u00e7\u00e3o. O eleitor informar que votar\u00e1 em tr\u00e2nsito em determinada cidade e n\u00e3o comparecer deve justificar a aus\u00eancia normalmente, mesmo que esteja em seu domic\u00edlio eleitoral original.<\/p>\n\n\n\n<p>As Elei\u00e7\u00f5es 2022 est\u00e3o marcadas para 2 de outubro, primeiro domingo do m\u00eas, conforme determina a Constitui\u00e7\u00e3o. Eventual segundo turno para os cargos de presidente e governador est\u00e1 marcado para 30 de outubro.<\/p>\n\n\n\n<p><strong>No exterior<\/strong><\/p>\n\n\n\n<p>A Justi\u00e7a Eleitoral alerta que n\u00e3o \u00e9 permitido votar em tr\u00e2nsito em urnas instaladas fora do pa\u00eds. Contudo, quem possuir seu domic\u00edlio eleitoral em alguma das zonas eleitorais no exterior (ZZ), mas estiver no Brasil no dia da vota\u00e7\u00e3o, pode pedir o voto em tr\u00e2nsito dentro do pa\u00eds.<\/p>\n\n\n\n<h6 class=\"wp-block-heading\">Edi\u00e7\u00e3o: Maria Claudia-Ag\u00eancia Brasil Publicado em 07\/05\/2022 &#8211; 07:55 Por Ag\u00eancia Brasil &#8211; Bras\u00edlia<\/h6>\n<div class=\"jorna-rodape jorna-entity-placement\" id=\"jorna-4132437482\"><div id=\"jorna-1110796839\"><a href=\"https:\/\/gkscontabilidade.com\/\" aria-label=\"GKS Contabilidade\"><img src=\"https:\/\/jornalvaleevangelico.com.br\/wp-content\/uploads\/2023\/05\/GKS-Contabilidade.jpeg\" alt=\"\"  srcset=\"https:\/\/jornalvaleevangelico.com.br\/wp-content\/uploads\/2023\/05\/GKS-Contabilidade.jpeg 1600w, https:\/\/jornalvaleevangelico.com.br\/wp-content\/uploads\/2023\/05\/GKS-Contabilidade-300x65.jpeg 300w, https:\/\/jornalvaleevangelico.com.br\/wp-content\/uploads\/2023\/05\/GKS-Contabilidade-1024x223.jpeg 1024w, https:\/\/jornalvaleevangelico.com.br\/wp-content\/uploads\/2023\/05\/GKS-Contabilidade-768x168.jpeg 768w, https:\/\/jornalvaleevangelico.com.br\/wp-content\/uploads\/2023\/05\/GKS-Contabilidade-1536x335.jpeg 1536w\" sizes=\"(max-width: 1600px) 100vw, 1600px\" width=\"1600\" height=\"349\"   \/><\/a><\/div><\/div>","protected":false},"excerpt":{"rendered":"<p>Para quem perdeu o prazo para transferir o t\u00edtulo de eleitor de cidade e ainda&#8230;<\/p>\n","protected":false},"author":2,"featured_media":14335,"comment_status":"open","ping_status":"open","sticky":false,"template":"","format":"standard","meta":{"_mi_skip_tracking":false,"_monsterinsights_sitenote_active":false,"_monsterinsights_sitenote_note":"","_monsterinsights_sitenote_category":0,"footnotes":""},"categories":[2,13],"tags":[],"class_list":["post-14334","post","type-post","status-publish","format-standard","has-post-thumbnail","hentry","category-noticia","category-politica"],"_links":{"self":[{"href":"https:\/\/jornalvaleevangelico.com.br\/index.php\/wp-json\/wp\/v2\/posts\/14334","targetHints":{"allow":["GET"]}}],"collection":[{"href":"https:\/\/jornalvaleevangelico.com.br\/index.php\/wp-json\/wp\/v2\/posts"}],"about":[{"href":"https:\/\/jornalvaleevangelico.com.br\/index.php\/wp-json\/wp\/v2\/types\/post"}],"author":[{"embeddable":true,"href":"https:\/\/jornalvaleevangelico.com.br\/index.php\/wp-json\/wp\/v2\/users\/2"}],"replies":[{"embeddable":true,"href":"https:\/\/jornalvaleevangelico.com.br\/index.php\/wp-json\/wp\/v2\/comments?post=14334"}],"version-history":[{"count":1,"href":"https:\/\/jornalvaleevangelico.com.br\/index.php\/wp-json\/wp\/v2\/posts\/14334\/revisions"}],"predecessor-version":[{"id":14336,"href":"https:\/\/jornalvaleevangelico.com.br\/index.php\/wp-json\/wp\/v2\/posts\/14334\/revisions\/14336"}],"wp:featuredmedia":[{"embeddable":true,"href":"https:\/\/jornalvaleevangelico.com.br\/index.php\/wp-json\/wp\/v2\/media\/14335"}],"wp:attachment":[{"href":"https:\/\/jornalvaleevangelico.com.br\/index.php\/wp-json\/wp\/v2\/media?parent=14334"}],"wp:term":[{"taxonomy":"category","embeddable":true,"href":"https:\/\/jornalvaleevangelico.com.br\/index.php\/wp-json\/wp\/v2\/categories?post=14334"},{"taxonomy":"post_tag","embeddable":true,"href":"https:\/\/jornalvaleevangelico.com.br\/index.php\/wp-json\/wp\/v2\/tags?post=14334"}],"curies":[{"name":"wp","href":"https:\/\/api.w.org\/{rel}","templated":true}]}}