{"id":1592,"date":"2020-08-17T20:30:53","date_gmt":"2020-08-17T23:30:53","guid":{"rendered":"http:\/\/jornalvaleevangelico.com.br\/?p=1592"},"modified":"2020-08-17T20:30:54","modified_gmt":"2020-08-17T23:30:54","slug":"judiciario-nao-tem-como-paralisar-as-fake-news-diz-barroso","status":"publish","type":"post","link":"https:\/\/jornalvaleevangelico.com.br\/index.php\/2020\/08\/17\/judiciario-nao-tem-como-paralisar-as-fake-news-diz-barroso\/","title":{"rendered":"Judici\u00e1rio n\u00e3o tem como \u2018paralisar\u2019 as fake news, diz Barroso"},"content":{"rendered":"\n<h3 class=\"wp-block-heading\">\u201cPrincipal op\u00e7\u00e3o de combate \u00e0s fake news se d\u00e1 pela via das pr\u00f3prias plataformas eletr\u00f4nicas\u201d, diz Barroso.<\/h3>\n\n\n\n<p>O presidente do Tribunal Superior Eleitoral (<strong>TSE<\/strong>) e ministro do Supremo Tribunal Federal (<strong>STF<\/strong>), Lu\u00eds Roberto Barroso, afirmou, neste domingo (16), que o Poder Judici\u00e1rio n\u00e3o tem instrumentos para barras as fake news.<\/p>\n\n\n\n<p>Em entrevista ao programa \u201cCanal Livre\u201d, da&nbsp;<a href=\"https:\/\/noticias.uol.com.br\/ultimas-noticias\/agencia-estado\/2020\/08\/17\/barroso-diz-que-poder-judiciario-nao-tem-como-paralisar-as-fake-news.htm\" target=\"_blank\" rel=\"noreferrer noopener\"><strong>Band TV<\/strong><\/a>, Barroso declarou:<\/p>\n\n\n\n<blockquote class=\"wp-block-quote is-layout-flow wp-block-quote-is-layout-flow\"><p><strong>\u201cN\u00e3o se deve cultivar a ilus\u00e3o de que pela via do Judici\u00e1rio voc\u00ea consiga paralisar fake news.\u201d<\/strong><\/p><\/blockquote>\n\n\n\n<p>Barroso disse ainda que \u201ca quest\u00e3o das not\u00edcias fraudulentas, das campanhas de desinforma\u00e7\u00e3o, das campanhas de \u00f3dio s\u00e3o o novo perigo da democracia\u201d, e \u00e9 preciso enfrent\u00e1-la \u201csem que isso importe em censura pr\u00e9via\u201d:<\/p>\n\n\n\n<blockquote class=\"wp-block-quote is-layout-flow wp-block-quote-is-layout-flow\"><p><strong>\u201cPortanto, a nossa principal op\u00e7\u00e3o de combate \u00e0s fake news se d\u00e1 pela via das pr\u00f3prias plataformas eletr\u00f4nicas, das pr\u00f3prias m\u00eddias sociais.\u201d<\/strong><\/p><\/blockquote>\n\n\n\n<h6 class=\"wp-block-heading\">CANAL TELEGRAM:<a href=\"https:\/\/renovamidia.com.br\/author\/admin\/\">TARCISO MORAIS<\/a>Fundador e editor-chefe da RENOVA M\u00eddia<\/h6>\n<div class=\"jorna-rodape jorna-entity-placement\" id=\"jorna-4039980733\"><div id=\"jorna-2695129841\"><a href=\"https:\/\/gkscontabilidade.com\/\" aria-label=\"GKS Contabilidade\"><img src=\"https:\/\/jornalvaleevangelico.com.br\/wp-content\/uploads\/2023\/05\/GKS-Contabilidade.jpeg\" alt=\"\"  srcset=\"https:\/\/jornalvaleevangelico.com.br\/wp-content\/uploads\/2023\/05\/GKS-Contabilidade.jpeg 1600w, https:\/\/jornalvaleevangelico.com.br\/wp-content\/uploads\/2023\/05\/GKS-Contabilidade-300x65.jpeg 300w, https:\/\/jornalvaleevangelico.com.br\/wp-content\/uploads\/2023\/05\/GKS-Contabilidade-1024x223.jpeg 1024w, https:\/\/jornalvaleevangelico.com.br\/wp-content\/uploads\/2023\/05\/GKS-Contabilidade-768x168.jpeg 768w, https:\/\/jornalvaleevangelico.com.br\/wp-content\/uploads\/2023\/05\/GKS-Contabilidade-1536x335.jpeg 1536w\" sizes=\"(max-width: 1600px) 100vw, 1600px\" width=\"1600\" height=\"349\"   \/><\/a><\/div><\/div>","protected":false},"excerpt":{"rendered":"<p>\u201cPrincipal op\u00e7\u00e3o de combate \u00e0s fake news se d\u00e1 pela via das pr\u00f3prias plataformas eletr\u00f4nicas\u201d,&#8230;<\/p>\n","protected":false},"author":2,"featured_media":1593,"comment_status":"open","ping_status":"open","sticky":false,"template":"","format":"standard","meta":{"_mi_skip_tracking":false,"_monsterinsights_sitenote_active":false,"_monsterinsights_sitenote_note":"","_monsterinsights_sitenote_category":0,"footnotes":""},"categories":[2],"tags":[],"class_list":["post-1592","post","type-post","status-publish","format-standard","has-post-thumbnail","hentry","category-noticia"],"_links":{"self":[{"href":"https:\/\/jornalvaleevangelico.com.br\/index.php\/wp-json\/wp\/v2\/posts\/1592","targetHints":{"allow":["GET"]}}],"collection":[{"href":"https:\/\/jornalvaleevangelico.com.br\/index.php\/wp-json\/wp\/v2\/posts"}],"about":[{"href":"https:\/\/jornalvaleevangelico.com.br\/index.php\/wp-json\/wp\/v2\/types\/post"}],"author":[{"embeddable":true,"href":"https:\/\/jornalvaleevangelico.com.br\/index.php\/wp-json\/wp\/v2\/users\/2"}],"replies":[{"embeddable":true,"href":"https:\/\/jornalvaleevangelico.com.br\/index.php\/wp-json\/wp\/v2\/comments?post=1592"}],"version-history":[{"count":1,"href":"https:\/\/jornalvaleevangelico.com.br\/index.php\/wp-json\/wp\/v2\/posts\/1592\/revisions"}],"predecessor-version":[{"id":1594,"href":"https:\/\/jornalvaleevangelico.com.br\/index.php\/wp-json\/wp\/v2\/posts\/1592\/revisions\/1594"}],"wp:featuredmedia":[{"embeddable":true,"href":"https:\/\/jornalvaleevangelico.com.br\/index.php\/wp-json\/wp\/v2\/media\/1593"}],"wp:attachment":[{"href":"https:\/\/jornalvaleevangelico.com.br\/index.php\/wp-json\/wp\/v2\/media?parent=1592"}],"wp:term":[{"taxonomy":"category","embeddable":true,"href":"https:\/\/jornalvaleevangelico.com.br\/index.php\/wp-json\/wp\/v2\/categories?post=1592"},{"taxonomy":"post_tag","embeddable":true,"href":"https:\/\/jornalvaleevangelico.com.br\/index.php\/wp-json\/wp\/v2\/tags?post=1592"}],"curies":[{"name":"wp","href":"https:\/\/api.w.org\/{rel}","templated":true}]}}