{"id":1595,"date":"2020-08-17T22:10:25","date_gmt":"2020-08-18T01:10:25","guid":{"rendered":"http:\/\/jornalvaleevangelico.com.br\/?p=1595"},"modified":"2020-08-17T22:10:26","modified_gmt":"2020-08-18T01:10:26","slug":"entramos-juntos-e-vamos-sair-juntos-diz-bolsonaro-sobre-guedes","status":"publish","type":"post","link":"https:\/\/jornalvaleevangelico.com.br\/index.php\/2020\/08\/17\/entramos-juntos-e-vamos-sair-juntos-diz-bolsonaro-sobre-guedes\/","title":{"rendered":"\u2018Entramos juntos e vamos sair juntos\u2019, diz Bolsonaro sobre Guedes"},"content":{"rendered":"\n<h2 class=\"wp-block-heading\">Bolsonaro e Guedes est\u00e3o alinhados na decis\u00e3o de que h\u00e1 &#8220;possibilidade zero de furar o teto de gastos&#8221;.<\/h2>\n\n\n\n<p>O presidente da Rep\u00fablica,&nbsp;<strong>Jair Bolsonaro<\/strong>, afirmou, nesta segunda-feira (17), que a sa\u00edda do ministro da Economia,&nbsp;<strong>Paulo Guedes<\/strong>, \u201cnunca foi cogitada\u201d.<\/p>\n\n\n\n<p>Em entrevista exclusiva \u00e0&nbsp;<strong><a href=\"https:\/\/www.cnnbrasil.com.br\/business\/2020\/08\/17\/bolsonaro-saida-de-guedes-nunca-foi-cogitada\" target=\"_blank\" rel=\"noreferrer noopener\">CNN Brasil<\/a><\/strong>, ap\u00f3s reuni\u00e3o com Guedes, Bolsonaro declarou:<\/p>\n\n\n\n<blockquote class=\"wp-block-quote is-layout-flow wp-block-quote-is-layout-flow\"><p><strong>\u201cPaulo Guedes \u00e9 aliado de primeira hora. Entramos juntos no governo e vamos sair juntos.\u201d<\/strong><\/p><\/blockquote>\n\n\n\n<p>Questionado sobre os recursos que o governo federal necessitar\u00e1 para projetos e obras desejados, Bolsonaro disse que h\u00e1 \u201cv\u00e1rias alternativas\u201d que n\u00e3o impliquem em furar o teto de gastos:<\/p>\n\n\n\n<blockquote class=\"wp-block-quote is-layout-flow wp-block-quote-is-layout-flow\"><p><strong>\u201cVamos procurar recursos, h\u00e1 v\u00e1rias alternativas. Privatiza\u00e7\u00e3o, remanejamento de recursos de fundos.\u201d<\/strong><\/p><\/blockquote>\n\n\n\n<h6 class=\"wp-block-heading\"><a href=\"https:\/\/renovamidia.com.br\/author\/admin\/\"><\/a><a href=\"https:\/\/renovamidia.com.br\/author\/admin\/\">TARCISO MORAIS<\/a>Fundador e editor-chefe da RENOVA M\u00eddia<\/h6>\n\n\n\n<p><\/p>\n<div class=\"jorna-rodape jorna-entity-placement\" id=\"jorna-1088583395\"><div id=\"jorna-1834202919\"><a href=\"https:\/\/gkscontabilidade.com\/\" aria-label=\"GKS Contabilidade\"><img src=\"https:\/\/jornalvaleevangelico.com.br\/wp-content\/uploads\/2023\/05\/GKS-Contabilidade.jpeg\" alt=\"\"  srcset=\"https:\/\/jornalvaleevangelico.com.br\/wp-content\/uploads\/2023\/05\/GKS-Contabilidade.jpeg 1600w, https:\/\/jornalvaleevangelico.com.br\/wp-content\/uploads\/2023\/05\/GKS-Contabilidade-300x65.jpeg 300w, https:\/\/jornalvaleevangelico.com.br\/wp-content\/uploads\/2023\/05\/GKS-Contabilidade-1024x223.jpeg 1024w, https:\/\/jornalvaleevangelico.com.br\/wp-content\/uploads\/2023\/05\/GKS-Contabilidade-768x168.jpeg 768w, https:\/\/jornalvaleevangelico.com.br\/wp-content\/uploads\/2023\/05\/GKS-Contabilidade-1536x335.jpeg 1536w\" sizes=\"(max-width: 1600px) 100vw, 1600px\" width=\"1600\" height=\"349\"   \/><\/a><\/div><\/div>","protected":false},"excerpt":{"rendered":"<p>Bolsonaro e Guedes est\u00e3o alinhados na decis\u00e3o de que h\u00e1 &#8220;possibilidade zero de furar o&#8230;<\/p>\n","protected":false},"author":2,"featured_media":1596,"comment_status":"open","ping_status":"open","sticky":false,"template":"","format":"standard","meta":{"_mi_skip_tracking":false,"_monsterinsights_sitenote_active":false,"_monsterinsights_sitenote_note":"","_monsterinsights_sitenote_category":0,"footnotes":""},"categories":[2],"tags":[],"class_list":["post-1595","post","type-post","status-publish","format-standard","has-post-thumbnail","hentry","category-noticia"],"_links":{"self":[{"href":"https:\/\/jornalvaleevangelico.com.br\/index.php\/wp-json\/wp\/v2\/posts\/1595","targetHints":{"allow":["GET"]}}],"collection":[{"href":"https:\/\/jornalvaleevangelico.com.br\/index.php\/wp-json\/wp\/v2\/posts"}],"about":[{"href":"https:\/\/jornalvaleevangelico.com.br\/index.php\/wp-json\/wp\/v2\/types\/post"}],"author":[{"embeddable":true,"href":"https:\/\/jornalvaleevangelico.com.br\/index.php\/wp-json\/wp\/v2\/users\/2"}],"replies":[{"embeddable":true,"href":"https:\/\/jornalvaleevangelico.com.br\/index.php\/wp-json\/wp\/v2\/comments?post=1595"}],"version-history":[{"count":1,"href":"https:\/\/jornalvaleevangelico.com.br\/index.php\/wp-json\/wp\/v2\/posts\/1595\/revisions"}],"predecessor-version":[{"id":1597,"href":"https:\/\/jornalvaleevangelico.com.br\/index.php\/wp-json\/wp\/v2\/posts\/1595\/revisions\/1597"}],"wp:featuredmedia":[{"embeddable":true,"href":"https:\/\/jornalvaleevangelico.com.br\/index.php\/wp-json\/wp\/v2\/media\/1596"}],"wp:attachment":[{"href":"https:\/\/jornalvaleevangelico.com.br\/index.php\/wp-json\/wp\/v2\/media?parent=1595"}],"wp:term":[{"taxonomy":"category","embeddable":true,"href":"https:\/\/jornalvaleevangelico.com.br\/index.php\/wp-json\/wp\/v2\/categories?post=1595"},{"taxonomy":"post_tag","embeddable":true,"href":"https:\/\/jornalvaleevangelico.com.br\/index.php\/wp-json\/wp\/v2\/tags?post=1595"}],"curies":[{"name":"wp","href":"https:\/\/api.w.org\/{rel}","templated":true}]}}