{"id":16292,"date":"2022-07-18T14:43:26","date_gmt":"2022-07-18T17:43:26","guid":{"rendered":"https:\/\/jornalvaleevangelico.com.br\/?p=16292"},"modified":"2022-07-18T15:09:11","modified_gmt":"2022-07-18T18:09:11","slug":"comadvardo-realiza-hoje-abertura-da-72a-assembleia-geral-ordinaria-ago","status":"publish","type":"post","link":"https:\/\/jornalvaleevangelico.com.br\/index.php\/2022\/07\/18\/comadvardo-realiza-hoje-abertura-da-72a-assembleia-geral-ordinaria-ago\/","title":{"rendered":"COMADVARDO realiza hoje abertura da 72\u00aa Assembleia Geral Ordin\u00e1ria (AGO)"},"content":{"rendered":"\n<figure class=\"wp-block-gallery has-nested-images columns-default is-cropped wp-block-gallery-1 is-layout-flex wp-block-gallery-is-layout-flex\">\n<figure class=\"wp-block-image\"><img fetchpriority=\"high\" decoding=\"async\" width=\"454\" height=\"181\" data-id=\"16293\" src=\"https:\/\/jornalvaleevangelico.com.br\/wp-content\/uploads\/2022\/07\/indiceb-AA.jpg\" alt=\"\" class=\"wp-image-16293\" srcset=\"https:\/\/jornalvaleevangelico.com.br\/wp-content\/uploads\/2022\/07\/indiceb-AA.jpg 454w, https:\/\/jornalvaleevangelico.com.br\/wp-content\/uploads\/2022\/07\/indiceb-AA-300x120.jpg 300w\" sizes=\"(max-width: 454px) 100vw, 454px\" \/><\/figure>\n<\/figure>\n\n\n\n<p>Hoje 18 de julho de 2022 ser\u00e1 abertura da 72\u00aa da Assembleia Geral Ordin\u00e1ria (AGO) da Conven\u00e7\u00e3o dos Ministros das Assembleias de Deus do Vale do Rio Doce e Outros (COMADVARDO), ser\u00e1 realizado \u00e0 noite no, no Templo matriz da Assembleia de Deus em Coronel Fabriciano (MG). Avenida Magalh\u00e3es Pinto 429. O conclave deste ano conta com mais de 500 inscritos, segundo o presidente Pr. Jos\u00e9 Martins de Calais Junior, que fala sobre o evento: \u201c Queremos louvar por essa oportunidade de realizarmos mais uma se\u00e7\u00e3o ordin\u00e1ria da nossa conven\u00e7\u00e3o; 72\u00aa AGO, gra\u00e7as a Deus a nossa expectativa esta sento superada esper\u00e1vamos umas 400 pessoas, est\u00e1 bem al\u00e9m, ultrapassou nossa expectativa. Estamos trabalhando para fazer o melhor poss\u00edvel, as equipes est\u00e3o trabalhando, cada uma em sua \u00e1rea, gra\u00e7as a Deus est\u00e1 tudo correndo em plena paz. Temos do nosso minist\u00e9rio aproximadamente 140 pessoas inscritos, e mais de 200 pessoas trabalhando na conven\u00e7\u00e3o; &nbsp;a nossa conven\u00e7\u00e3o atente 83 minist\u00e9rios, come\u00e7ando por Barbacena, passando pelo Vale do A\u00e7o, Baixo Vale, at\u00e9 o Esp\u00edrito Santo,&nbsp; temos dois minist\u00e9rio no Vale Jequitinhonha,&nbsp; Zona da mata, Caratinga, Chal\u00e9 , Mutum, todos pertence a nossa conven\u00e7\u00e3o e algumas igreja do Rio de Janeiro e Estado Unidos. Tudo organizado, para receber os convencionais, temos hospedagem para 250 pessoas, at\u00e9 o momento s\u00f3 130 pessoas pediram hospedagens, os hot\u00e9is est\u00e3o lotados, alimenta\u00e7\u00e3o, temos um refeit\u00f3rio muito bom, e gra\u00e7as a Deus o ano passado foi um sucesso, e acreditamos que este ano n\u00e3o ser\u00e1 diferente, e nessa 72\u00aa AGO estaremos dando um brinde aos pastores convencionais, uma b\u00edblia do minist\u00e9rio Jimmy Swaggart, que ganhamos do estados unidos\u201d. Veja os pregadores em destaque no cartaz, tr\u00eas preletores na programa\u00e7\u00e3o. <\/p>\n\n\n\n<h2 class=\"wp-block-heading\">Hoje 18\/07\/2022 Preletor Pr. Eduardo Lopes.<\/h2>\n\n\n\n<figure class=\"wp-block-gallery has-nested-images columns-default is-cropped wp-block-gallery-2 is-layout-flex wp-block-gallery-is-layout-flex\">\n<figure class=\"wp-block-image size-large\"><img decoding=\"async\" width=\"810\" height=\"1102\" data-id=\"16298\" src=\"https:\/\/jornalvaleevangelico.com.br\/wp-content\/uploads\/2022\/07\/Cartaz.jpg\" alt=\"\" class=\"wp-image-16298\" srcset=\"https:\/\/jornalvaleevangelico.com.br\/wp-content\/uploads\/2022\/07\/Cartaz.jpg 810w, https:\/\/jornalvaleevangelico.com.br\/wp-content\/uploads\/2022\/07\/Cartaz-221x300.jpg 221w, https:\/\/jornalvaleevangelico.com.br\/wp-content\/uploads\/2022\/07\/Cartaz-753x1024.jpg 753w, https:\/\/jornalvaleevangelico.com.br\/wp-content\/uploads\/2022\/07\/Cartaz-768x1045.jpg 768w\" sizes=\"(max-width: 810px) 100vw, 810px\" \/><\/figure>\n<\/figure>\n<div class=\"jorna-rodape jorna-entity-placement\" id=\"jorna-4279390694\"><div id=\"jorna-3133839145\"><a href=\"https:\/\/gkscontabilidade.com\/\" aria-label=\"GKS Contabilidade\"><img src=\"https:\/\/jornalvaleevangelico.com.br\/wp-content\/uploads\/2023\/05\/GKS-Contabilidade.jpeg\" alt=\"\"  srcset=\"https:\/\/jornalvaleevangelico.com.br\/wp-content\/uploads\/2023\/05\/GKS-Contabilidade.jpeg 1600w, https:\/\/jornalvaleevangelico.com.br\/wp-content\/uploads\/2023\/05\/GKS-Contabilidade-300x65.jpeg 300w, https:\/\/jornalvaleevangelico.com.br\/wp-content\/uploads\/2023\/05\/GKS-Contabilidade-1024x223.jpeg 1024w, https:\/\/jornalvaleevangelico.com.br\/wp-content\/uploads\/2023\/05\/GKS-Contabilidade-768x168.jpeg 768w, https:\/\/jornalvaleevangelico.com.br\/wp-content\/uploads\/2023\/05\/GKS-Contabilidade-1536x335.jpeg 1536w\" sizes=\"(max-width: 1600px) 100vw, 1600px\" width=\"1600\" height=\"349\"   \/><\/a><\/div><\/div>","protected":false},"excerpt":{"rendered":"<p>Hoje 18 de julho de 2022 ser\u00e1 abertura da 72\u00aa da Assembleia Geral Ordin\u00e1ria (AGO)&#8230;<\/p>\n","protected":false},"author":2,"featured_media":16303,"comment_status":"open","ping_status":"open","sticky":false,"template":"","format":"standard","meta":{"_mi_skip_tracking":false,"_monsterinsights_sitenote_active":false,"_monsterinsights_sitenote_note":"","_monsterinsights_sitenote_category":0,"footnotes":""},"categories":[15,2],"tags":[],"class_list":["post-16292","post","type-post","status-publish","format-standard","has-post-thumbnail","hentry","category-mundo-cristao","category-noticia"],"_links":{"self":[{"href":"https:\/\/jornalvaleevangelico.com.br\/index.php\/wp-json\/wp\/v2\/posts\/16292","targetHints":{"allow":["GET"]}}],"collection":[{"href":"https:\/\/jornalvaleevangelico.com.br\/index.php\/wp-json\/wp\/v2\/posts"}],"about":[{"href":"https:\/\/jornalvaleevangelico.com.br\/index.php\/wp-json\/wp\/v2\/types\/post"}],"author":[{"embeddable":true,"href":"https:\/\/jornalvaleevangelico.com.br\/index.php\/wp-json\/wp\/v2\/users\/2"}],"replies":[{"embeddable":true,"href":"https:\/\/jornalvaleevangelico.com.br\/index.php\/wp-json\/wp\/v2\/comments?post=16292"}],"version-history":[{"count":4,"href":"https:\/\/jornalvaleevangelico.com.br\/index.php\/wp-json\/wp\/v2\/posts\/16292\/revisions"}],"predecessor-version":[{"id":16305,"href":"https:\/\/jornalvaleevangelico.com.br\/index.php\/wp-json\/wp\/v2\/posts\/16292\/revisions\/16305"}],"wp:featuredmedia":[{"embeddable":true,"href":"https:\/\/jornalvaleevangelico.com.br\/index.php\/wp-json\/wp\/v2\/media\/16303"}],"wp:attachment":[{"href":"https:\/\/jornalvaleevangelico.com.br\/index.php\/wp-json\/wp\/v2\/media?parent=16292"}],"wp:term":[{"taxonomy":"category","embeddable":true,"href":"https:\/\/jornalvaleevangelico.com.br\/index.php\/wp-json\/wp\/v2\/categories?post=16292"},{"taxonomy":"post_tag","embeddable":true,"href":"https:\/\/jornalvaleevangelico.com.br\/index.php\/wp-json\/wp\/v2\/tags?post=16292"}],"curies":[{"name":"wp","href":"https:\/\/api.w.org\/{rel}","templated":true}]}}