{"id":1676,"date":"2020-08-25T16:54:49","date_gmt":"2020-08-25T19:54:49","guid":{"rendered":"http:\/\/jornalvaleevangelico.com.br\/?p=1676"},"modified":"2020-08-25T16:54:50","modified_gmt":"2020-08-25T19:54:50","slug":"chamada-de-mentirosa-maju-faz-esclarecimentos-ao-vivo","status":"publish","type":"post","link":"https:\/\/jornalvaleevangelico.com.br\/index.php\/2020\/08\/25\/chamada-de-mentirosa-maju-faz-esclarecimentos-ao-vivo\/","title":{"rendered":"Chamada de mentirosa, Maju faz esclarecimentos ao vivo"},"content":{"rendered":"\n<h3 class=\"wp-block-heading\">Usu\u00e1rios de redes sociais criticaram a apresentadora e levantaram a #MajuMentirosa<\/h3>\n\n\n\n<p>A apresentadora Maju Coutinho, da TV Globo, falou sobre um coment\u00e1rio feito na segunda-feira (24) a respeito do evento Brasil Vencendo a Covid-19, quando afirmou que ningu\u00e9m do governo havia prestado nenhuma solidariedade aos mortos pela doen\u00e7a. Durante a edi\u00e7\u00e3o do Jornal Hoje (JH) desta ter\u00e7a-feira (25), Maju Coutinho esclareceu que uma m\u00e9dica da Bahia prestou um minuto de sil\u00eancio pelos \u00f3bitos, o que foi seguido pelo presidente Jair Bolsonaro e pelos presentes.PUBLICIDADE<\/p>\n\n\n\n<p>A declara\u00e7\u00e3o da apresentadora ontem gerou pol\u00eamica nas redes sociais, com diversos usu\u00e1rios afirmando que o evento havia contado com solidariedade aos mortos. O pr\u00f3prio presidente Jair Bolsonaro chegou a publicar um v\u00eddeo do evento com o momento em que a m\u00e9dica pede o minuto de sil\u00eancio.<\/p>\n\n\n\n<p>Por causa do epis\u00f3dio, usu\u00e1rios de redes sociais se uniram nesta ter\u00e7a para criticar a apresentadora. O grupo levantou a&nbsp;<a href=\"https:\/\/twitter.com\/hashtag\/MajuMentirosa?src=hashtag_click\">#MajuMentirosa<\/a>&nbsp;e levou a tag a ser o assunto mais comentado do Twitter.<\/p>\n\n\n\n<figure class=\"wp-block-image\"><img decoding=\"async\" src=\"https:\/\/static.cdn.pleno.news\/2020\/08\/002-8.png\" alt=\"Usu\u00e1rios de redes sociais chamaram Maju Coutinho de mentirosa\" title=\"Usu\u00e1rios de redes sociais chamaram Maju Coutinho de mentirosa\"\/><figcaption>Usu\u00e1rios de redes sociais chamaram Maju Coutinho de mentirosa&nbsp;\/ Foto: Reprodu\u00e7\u00e3o<\/figcaption><\/figure>\n\n\n\n<figure class=\"wp-block-image\"><img decoding=\"async\" src=\"https:\/\/static.cdn.pleno.news\/2020\/08\/005-8.png\" alt=\"Usu\u00e1rios de redes sociais chamaram Maju Coutinho de mentirosa\" title=\"Usu\u00e1rios de redes sociais chamaram Maju Coutinho de mentirosa\"\/><figcaption>Usu\u00e1rios de redes sociais chamaram Maju Coutinho de mentirosa&nbsp;\/ Foto: Reprodu\u00e7\u00e3o<\/figcaption><\/figure>\n\n\n\n<figure class=\"wp-block-image\"><img decoding=\"async\" src=\"https:\/\/static.cdn.pleno.news\/2020\/08\/000-1.png\" alt=\"Usu\u00e1rios de redes sociais chamaram Maju Coutinho de mentirosa\" title=\"Usu\u00e1rios de redes sociais chamaram Maju Coutinho de mentirosa\"\/><figcaption>Usu\u00e1rios de redes sociais chamaram Maju Coutinho de mentirosa&nbsp;\/ Foto: Reprodu\u00e7\u00e3o<\/figcaption><\/figure>\n\n\n\n<figure class=\"wp-block-image\"><img decoding=\"async\" src=\"https:\/\/static.cdn.pleno.news\/2020\/08\/008-8.png\" alt=\"Usu\u00e1rios de redes sociais chamaram Maju Coutinho de mentirosa\" title=\"Usu\u00e1rios de redes sociais chamaram Maju Coutinho de mentirosa\"\/><figcaption>Usu\u00e1rios de redes sociais chamaram Maju Coutinho de mentirosa&nbsp;\/ Foto: Reprodu\u00e7\u00e3o<\/figcaption><\/figure>\n\n\n\n<figure class=\"wp-block-image\"><img decoding=\"async\" src=\"https:\/\/static.cdn.pleno.news\/2020\/08\/007-8.png\" alt=\"Usu\u00e1rios de redes sociais chamaram Maju Coutinho de mentirosa\" title=\"Usu\u00e1rios de redes sociais chamaram Maju Coutinho de mentirosa\"\/><figcaption>Usu\u00e1rios de redes sociais chamaram Maju Coutinho de mentirosa&nbsp;\/ Foto: Reprodu\u00e7\u00e3o<\/figcaption><\/figure>\n\n\n\n<figure class=\"wp-block-image\"><img decoding=\"async\" src=\"https:\/\/static.cdn.pleno.news\/2020\/08\/006-8.png\" alt=\"Usu\u00e1rios de redes sociais chamaram Maju Coutinho de mentirosa\" title=\"Usu\u00e1rios de redes sociais chamaram Maju Coutinho de mentirosa\"\/><figcaption>Usu\u00e1rios de redes sociais chamaram Maju Coutinho de mentirosa&nbsp;\/ Foto: Reprodu\u00e7\u00e3o<\/figcaption><\/figure>\n\n\n\n<figure class=\"wp-block-image\"><img decoding=\"async\" src=\"https:\/\/static.cdn.pleno.news\/2020\/08\/004-8.png\" alt=\"Usu\u00e1rios de redes sociais chamaram Maju Coutinho de mentirosa\" title=\"Usu\u00e1rios de redes sociais chamaram Maju Coutinho de mentirosa\"\/><figcaption>Usu\u00e1rios de redes sociais chamaram Maju Coutinho de mentirosa&nbsp;\/ Foto: Reprodu\u00e7\u00e3o<\/figcaption><\/figure>\n\n\n\n<figure class=\"wp-block-image\"><img decoding=\"async\" src=\"https:\/\/static.cdn.pleno.news\/2020\/08\/003-8.png\" alt=\"Usu\u00e1rios de redes sociais chamaram Maju Coutinho de mentirosa\" title=\"Usu\u00e1rios de redes sociais chamaram Maju Coutinho de mentirosa\"\/><figcaption>Usu\u00e1rios de redes sociais chamaram Maju Coutinho de mentirosa&nbsp;\/ Foto: Reprodu\u00e7\u00e3o<\/figcaption><\/figure>\n\n\n\n<figure class=\"wp-block-image\"><img decoding=\"async\" src=\"https:\/\/static.cdn.pleno.news\/2020\/08\/009-8.png\" alt=\"Usu\u00e1rios de redes sociais chamaram Maju Coutinho de mentirosa\" title=\"Usu\u00e1rios de redes sociais chamaram Maju Coutinho de mentirosa\"\/><figcaption>Usu\u00e1rios de redes sociais chamaram Maju Coutinho de mentirosa&nbsp;\/ Foto: Reprodu\u00e7\u00e3o<\/figcaption><\/figure>\n\n\n\n<p>Ap\u00f3s a manifesta\u00e7\u00e3o nas redes sociais, Maju Coutinho acabou esclarecendo suas declara\u00e7\u00f5es ao vivo.<\/p>\n\n\n\n<p>\u2013 E agora deixa eu fazer um esclarecimento. Ontem, o JH noticiou que durante o evento \u2018Brasil Vencendo a Covid\u2019, nem o presidente Jair Bolsonaro e nem nenhuma autoridade do governo prestou solidariedade \u00e0s v\u00edtimas. Mas uma m\u00e9dica da Bahia, doutora Ra\u00edssa Soares, que n\u00e3o faz parte do governo, pediu um minuto de sil\u00eancio. E o pedido foi respeitado por todos os presentes, inclusive pelo presidente. Fica aqui o esclarecimento \u2013 afirmou.<\/p>\n\n\n\n<p>A grava\u00e7\u00e3o do evento, que foi compartilhada por Bolsonaro, mostra que os integrantes da cerim\u00f4nia prestaram um minuto de sil\u00eancio ap\u00f3s o pronunciamento feito pela m\u00e9dica Ra\u00edssa Soares. O pr\u00f3prio presidente criticou a emissora que, segundo ele, mentiu a respeito dele. Veja o momento:<\/p>\n\n\n\n<h6 class=\"wp-block-heading\"><a href=\"javascript:comunicaErro()\">Henrique Gimenes &#8211;\u00a025\/08\/2020\u00a015h31 | atualizado em 25\/08\/2020 16h25<\/a> Pleno.news<\/h6>\n<div class=\"jorna-rodape jorna-entity-placement\" id=\"jorna-1183225887\"><div id=\"jorna-269869658\"><a href=\"https:\/\/gkscontabilidade.com\/\" aria-label=\"GKS Contabilidade\"><img src=\"https:\/\/jornalvaleevangelico.com.br\/wp-content\/uploads\/2023\/05\/GKS-Contabilidade.jpeg\" alt=\"\"  srcset=\"https:\/\/jornalvaleevangelico.com.br\/wp-content\/uploads\/2023\/05\/GKS-Contabilidade.jpeg 1600w, https:\/\/jornalvaleevangelico.com.br\/wp-content\/uploads\/2023\/05\/GKS-Contabilidade-300x65.jpeg 300w, https:\/\/jornalvaleevangelico.com.br\/wp-content\/uploads\/2023\/05\/GKS-Contabilidade-1024x223.jpeg 1024w, https:\/\/jornalvaleevangelico.com.br\/wp-content\/uploads\/2023\/05\/GKS-Contabilidade-768x168.jpeg 768w, https:\/\/jornalvaleevangelico.com.br\/wp-content\/uploads\/2023\/05\/GKS-Contabilidade-1536x335.jpeg 1536w\" sizes=\"(max-width: 1600px) 100vw, 1600px\" width=\"1600\" height=\"349\"   \/><\/a><\/div><\/div>","protected":false},"excerpt":{"rendered":"<p>Usu\u00e1rios de redes sociais criticaram a apresentadora e levantaram a #MajuMentirosa A apresentadora Maju Coutinho,&#8230;<\/p>\n","protected":false},"author":2,"featured_media":1677,"comment_status":"open","ping_status":"open","sticky":false,"template":"","format":"standard","meta":{"_mi_skip_tracking":false,"_monsterinsights_sitenote_active":false,"_monsterinsights_sitenote_note":"","_monsterinsights_sitenote_category":0,"footnotes":""},"categories":[2],"tags":[],"class_list":["post-1676","post","type-post","status-publish","format-standard","has-post-thumbnail","hentry","category-noticia"],"_links":{"self":[{"href":"https:\/\/jornalvaleevangelico.com.br\/index.php\/wp-json\/wp\/v2\/posts\/1676","targetHints":{"allow":["GET"]}}],"collection":[{"href":"https:\/\/jornalvaleevangelico.com.br\/index.php\/wp-json\/wp\/v2\/posts"}],"about":[{"href":"https:\/\/jornalvaleevangelico.com.br\/index.php\/wp-json\/wp\/v2\/types\/post"}],"author":[{"embeddable":true,"href":"https:\/\/jornalvaleevangelico.com.br\/index.php\/wp-json\/wp\/v2\/users\/2"}],"replies":[{"embeddable":true,"href":"https:\/\/jornalvaleevangelico.com.br\/index.php\/wp-json\/wp\/v2\/comments?post=1676"}],"version-history":[{"count":1,"href":"https:\/\/jornalvaleevangelico.com.br\/index.php\/wp-json\/wp\/v2\/posts\/1676\/revisions"}],"predecessor-version":[{"id":1678,"href":"https:\/\/jornalvaleevangelico.com.br\/index.php\/wp-json\/wp\/v2\/posts\/1676\/revisions\/1678"}],"wp:featuredmedia":[{"embeddable":true,"href":"https:\/\/jornalvaleevangelico.com.br\/index.php\/wp-json\/wp\/v2\/media\/1677"}],"wp:attachment":[{"href":"https:\/\/jornalvaleevangelico.com.br\/index.php\/wp-json\/wp\/v2\/media?parent=1676"}],"wp:term":[{"taxonomy":"category","embeddable":true,"href":"https:\/\/jornalvaleevangelico.com.br\/index.php\/wp-json\/wp\/v2\/categories?post=1676"},{"taxonomy":"post_tag","embeddable":true,"href":"https:\/\/jornalvaleevangelico.com.br\/index.php\/wp-json\/wp\/v2\/tags?post=1676"}],"curies":[{"name":"wp","href":"https:\/\/api.w.org\/{rel}","templated":true}]}}