{"id":18399,"date":"2022-09-08T12:27:55","date_gmt":"2022-09-08T15:27:55","guid":{"rendered":"https:\/\/jornalvaleevangelico.com.br\/?p=18399"},"modified":"2022-09-08T12:27:57","modified_gmt":"2022-09-08T15:27:57","slug":"pt-se-surpreende-com-tamanho-dos-atos-do-7-de-setembro","status":"publish","type":"post","link":"https:\/\/jornalvaleevangelico.com.br\/index.php\/2022\/09\/08\/pt-se-surpreende-com-tamanho-dos-atos-do-7-de-setembro\/","title":{"rendered":"PT se surpreende com tamanho dos atos do 7 de Setembro"},"content":{"rendered":"\n<h2 class=\"wp-block-heading\">Em car\u00e1ter reservado, aliados de Lula expressaram preocupa\u00e7\u00e3o com o uso eleitoral das manifesta\u00e7\u00f5es<\/h2>\n\n\n\n<figure class=\"wp-block-image\"><img decoding=\"async\" src=\"https:\/\/static.cdn.pleno.news\/2022\/09\/52341577370_7e1f5edeb8_k.jpg\" alt=\"\" class=\"wp-image-1007166\"\/><figcaption>Manifesta\u00e7\u00f5es do 7 de Setembro&nbsp;Foto: Isac N\u00f3brega\/PR<\/figcaption><\/figure>\n\n\n\n<p>Aliados do ex-presidente Luiz In\u00e1cio Lula da Silvia (PT) e membros de sua campanha confessaram em car\u00e1ter reservado estarem surpresos com a propor\u00e7\u00e3o da manifesta\u00e7\u00e3o do 7 de Setembro, em Bras\u00edlia. Segundo apura\u00e7\u00f5es do site O Antagonista, eles acreditam que as imagens do ato servir\u00e3o de argumento para o presidente Jair Bolsonaro (PL) questionar uma eventual vit\u00f3ria de Lula nas urnas.<\/p>\n\n\n\n<p>Diante da alta ades\u00e3o \u00e0s manifesta\u00e7\u00f5es, o Partido dos Trabalhadores decidiu usar duas estrat\u00e9gias: a primeira ser\u00e1 questionar por vias judiciais os protestos. A legenda j\u00e1 at\u00e9 planeja acionar o Tribunal Superior Eleitoral (TSE) contra o presidente alegando suposto \u201cabuso pol\u00edtico\u201d durante os atos.<\/p>\n\n\n\n<figure class=\"wp-block-image\"><img decoding=\"async\" src=\"https:\/\/static.cdn.pleno.news\/2022\/09\/2d770a53e1907bd68a4f364f0111c64e3873d89aw-768x512.jpg\" alt=\"Manifesta\u00e7\u00f5es do 7 de Setembro em Bras\u00edlia\" title=\"Manifesta\u00e7\u00f5es do 7 de Setembro em Bras\u00edlia\"\/><figcaption>Manifesta\u00e7\u00f5es do 7 de Setembro em Bras\u00edlia&nbsp;\/ Foto: EFE\/ Joedson Alves<\/figcaption><\/figure>\n\n\n\n<figure class=\"wp-block-image\"><img decoding=\"async\" src=\"https:\/\/static.cdn.pleno.news\/2022\/09\/ccdb0a69a9c7d379944132954b005919bb10a831w-768x512.jpg\" alt=\"Manifesta\u00e7\u00f5es do 7 de Setembro em Bras\u00edlia\" title=\"Manifesta\u00e7\u00f5es do 7 de Setembro em Bras\u00edlia\"\/><figcaption>Manifesta\u00e7\u00f5es do 7 de Setembro em Bras\u00edlia&nbsp;\/ Foto: EFE\/ Joedson Alves<\/figcaption><\/figure>\n\n\n\n<figure class=\"wp-block-image\"><img decoding=\"async\" src=\"https:\/\/static.cdn.pleno.news\/2022\/09\/005ffa6db50884e4b7aee73d6486b651bde0b03ew-1-768x512.jpg\" alt=\"Manifesta\u00e7\u00f5es do 7 de Setembro em Bras\u00edlia\" title=\"Manifesta\u00e7\u00f5es do 7 de Setembro em Bras\u00edlia\"\/><figcaption>Manifesta\u00e7\u00f5es do 7 de Setembro em Bras\u00edlia&nbsp;\/ Foto: EFE\/ Joedson Alves<\/figcaption><\/figure>\n\n\n\n<figure class=\"wp-block-image\"><img decoding=\"async\" src=\"https:\/\/static.cdn.pleno.news\/2022\/09\/606598247f4056044720eb1059fadc2c5d16f00bw-768x512.jpg\" alt=\"Manifesta\u00e7\u00f5es do 7 de Setembro em Bras\u00edlia\" title=\"Manifesta\u00e7\u00f5es do 7 de Setembro em Bras\u00edlia\"\/><figcaption>Manifesta\u00e7\u00f5es do 7 de Setembro em Bras\u00edlia&nbsp;\/ Foto: EFE\/ Joedson Alves<\/figcaption><\/figure>\n\n\n\n<figure class=\"wp-block-image\"><img decoding=\"async\" src=\"https:\/\/static.cdn.pleno.news\/2022\/09\/84eff45d63fa2a69d85c6bbcfc75623299cbf566w-768x512.jpg\" alt=\"Manifesta\u00e7\u00f5es do 7 de Setembro em Bras\u00edlia\" title=\"Manifesta\u00e7\u00f5es do 7 de Setembro em Bras\u00edlia\"\/><figcaption>Manifesta\u00e7\u00f5es do 7 de Setembro em Bras\u00edlia&nbsp;\/ Foto: EFE\/ Joedson Alves<\/figcaption><\/figure>\n\n\n\n<figure class=\"wp-block-image\"><img decoding=\"async\" src=\"https:\/\/static.cdn.pleno.news\/2022\/09\/f4ce2465731d988d611044e6e33203ccd2d235b2w-768x512.jpg\" alt=\"Manifesta\u00e7\u00f5es do 7 de Setembro em Bras\u00edlia\" title=\"Manifesta\u00e7\u00f5es do 7 de Setembro em Bras\u00edlia\"\/><figcaption>Manifesta\u00e7\u00f5es do 7 de Setembro em Bras\u00edlia&nbsp;\/ Foto: EFE\/ Joedson Alves<\/figcaption><\/figure>\n\n\n\n<figure class=\"wp-block-image\"><img decoding=\"async\" src=\"https:\/\/static.cdn.pleno.news\/2022\/09\/d756616ce43070a73581df49850588ba047de8ffw-768x512.jpg\" alt=\"Manifesta\u00e7\u00f5es do 7 de Setembro em Bras\u00edlia\" title=\"Manifesta\u00e7\u00f5es do 7 de Setembro em Bras\u00edlia\"\/><figcaption>Manifesta\u00e7\u00f5es do 7 de Setembro em Bras\u00edlia&nbsp;\/ Foto: EFE\/ Joedson Alves<\/figcaption><\/figure>\n\n\n\n<figure class=\"wp-block-image\"><img decoding=\"async\" src=\"https:\/\/static.cdn.pleno.news\/2022\/09\/0bc8d8926bbf110f2eb8a460ac48999a2112303aw-768x512.jpg\" alt=\"Manifesta\u00e7\u00f5es do 7 de Setembro em Bras\u00edlia\" title=\"Manifesta\u00e7\u00f5es do 7 de Setembro em Bras\u00edlia\"\/><figcaption>Manifesta\u00e7\u00f5es do 7 de Setembro em Bras\u00edlia&nbsp;\/ Foto: EFE\/ Joedson Alves<\/figcaption><\/figure>\n\n\n\n<figure class=\"wp-block-image\"><img decoding=\"async\" src=\"https:\/\/static.cdn.pleno.news\/2022\/09\/da3a7cdd872c870c692321b02bbb1aa1c3fd6ffew-768x512.jpg\" alt=\"Manifesta\u00e7\u00f5es do 7 de Setembro em Bras\u00edlia\" title=\"Manifesta\u00e7\u00f5es do 7 de Setembro em Bras\u00edlia\"\/><figcaption>Manifesta\u00e7\u00f5es do 7 de Setembro em Bras\u00edlia&nbsp;\/ Foto: EFE\/ Joedson Alves<\/figcaption><\/figure>\n\n\n\n<figure class=\"wp-block-image\"><img decoding=\"async\" src=\"https:\/\/static.cdn.pleno.news\/2022\/09\/6a607ae240f1a906d36571acd425d2c30f95b450w-e1662574992752-768x620.jpg\" alt=\"Manifesta\u00e7\u00f5es do 7 de Setembro em Bras\u00edlia\" title=\"Manifesta\u00e7\u00f5es do 7 de Setembro em Bras\u00edlia\"\/><figcaption>Manifesta\u00e7\u00f5es do 7 de Setembro em Bras\u00edlia&nbsp;\/ Foto: EFE\/ Joedson Alves<\/figcaption><\/figure>\n\n\n\n<figure class=\"wp-block-image\"><img decoding=\"async\" src=\"https:\/\/static.cdn.pleno.news\/2022\/09\/9b94c9b802612ea05f275f85a702f2c5332a4fe7w-768x512.jpg\" alt=\"Manifesta\u00e7\u00f5es do 7 de Setembro em Bras\u00edlia\" title=\"Manifesta\u00e7\u00f5es do 7 de Setembro em Bras\u00edlia\"\/><figcaption>Manifesta\u00e7\u00f5es do 7 de Setembro em Bras\u00edlia&nbsp;\/ Foto: EFE\/ Joedson Alves<\/figcaption><\/figure>\n\n\n\n<figure class=\"wp-block-image\"><img decoding=\"async\" src=\"https:\/\/static.cdn.pleno.news\/2022\/09\/8b61676dae817705fed7a58042f0a2bb88f7bd47w-768x512.jpg\" alt=\"Manifesta\u00e7\u00f5es do 7 de Setembro em Bras\u00edlia\" title=\"Manifesta\u00e7\u00f5es do 7 de Setembro em Bras\u00edlia\"\/><figcaption>Manifesta\u00e7\u00f5es do 7 de Setembro em Bras\u00edlia&nbsp;\/ Foto: EFE\/ Joedson Alves<\/figcaption><\/figure>\n\n\n\n<figure class=\"wp-block-image\"><img decoding=\"async\" src=\"https:\/\/static.cdn.pleno.news\/2022\/09\/34ad17e9c231b6bfcecec8ab6d037ff8185c05bew-768x512.jpg\" alt=\"Manifesta\u00e7\u00f5es do 7 de Setembro em Bras\u00edlia\" title=\"Manifesta\u00e7\u00f5es do 7 de Setembro em Bras\u00edlia\"\/><figcaption>Manifesta\u00e7\u00f5es do 7 de Setembro em Bras\u00edlia&nbsp;\/ Foto: EFE\/ Joedson Alves<\/figcaption><\/figure>\n\n\n\n<figure class=\"wp-block-image\"><img decoding=\"async\" src=\"https:\/\/static.cdn.pleno.news\/2022\/09\/1b26462442cabbd9df0c91d524f9817c15cde6e4w-768x512.jpg\" alt=\"Manifesta\u00e7\u00f5es do 7 de Setembro em Bras\u00edlia\" title=\"Manifesta\u00e7\u00f5es do 7 de Setembro em Bras\u00edlia\"\/><figcaption>Manifesta\u00e7\u00f5es do 7 de Setembro em Bras\u00edlia&nbsp;\/ Foto: EFE\/ Joedson Alves<\/figcaption><\/figure>\n\n\n\n<figure class=\"wp-block-image\"><img decoding=\"async\" src=\"https:\/\/static.cdn.pleno.news\/2022\/09\/3f090f7e4e65c453807526667a9d96c13547b4cfw-768x512.jpg\" alt=\"Manifesta\u00e7\u00f5es do 7 de Setembro em Bras\u00edlia\" title=\"Manifesta\u00e7\u00f5es do 7 de Setembro em Bras\u00edlia\"\/><figcaption>Manifesta\u00e7\u00f5es do 7 de Setembro em Bras\u00edlia&nbsp;\/ Foto: EFE\/ Joedson Alves<\/figcaption><\/figure>\n\n\n\n<figure class=\"wp-block-image\"><img decoding=\"async\" src=\"https:\/\/static.cdn.pleno.news\/2022\/09\/273e5b90b586c6d433f3b01b43014f7f225f806bw-768x512.jpg\" alt=\"Manifesta\u00e7\u00f5es do 7 de Setembro em Bras\u00edlia\" title=\"Manifesta\u00e7\u00f5es do 7 de Setembro em Bras\u00edlia\"\/><figcaption>Manifesta\u00e7\u00f5es do 7 de Setembro em Bras\u00edlia&nbsp;\/ Foto: EFE\/ Joedson Alves<\/figcaption><\/figure>\n\n\n\n<figure class=\"wp-block-image\"><img decoding=\"async\" src=\"https:\/\/static.cdn.pleno.news\/2022\/09\/d52bc31ce462edd9567a7a00ffb6274132fd39d1w-768x512.jpg\" alt=\"Manifesta\u00e7\u00f5es do 7 de Setembro em Bras\u00edlia\" title=\"Manifesta\u00e7\u00f5es do 7 de Setembro em Bras\u00edlia\"\/><figcaption>Manifesta\u00e7\u00f5es do 7 de Setembro em Bras\u00edlia&nbsp;\/ Foto: EFE\/ Joedson Alves<\/figcaption><\/figure>\n\n\n\n<figure class=\"wp-block-image\"><img decoding=\"async\" src=\"https:\/\/static.cdn.pleno.news\/2022\/09\/f6d9f16bb393b4ca60231f73d6294424c14e6ac1w-768x512.jpg\" alt=\"Manifesta\u00e7\u00f5es do 7 de Setembro em Bras\u00edlia\" title=\"Manifesta\u00e7\u00f5es do 7 de Setembro em Bras\u00edlia\"\/><figcaption>Manifesta\u00e7\u00f5es do 7 de Setembro em Bras\u00edlia&nbsp;\/ Foto: EFE\/ Joedson Alves<\/figcaption><\/figure>\n\n\n\n<figure class=\"wp-block-image\"><img decoding=\"async\" src=\"https:\/\/static.cdn.pleno.news\/2022\/09\/6b51250c54ae72e298da00c9b273c36757153cf2w-768x512.jpg\" alt=\"Manifesta\u00e7\u00f5es do 7 de Setembro em Bras\u00edlia\" title=\"Manifesta\u00e7\u00f5es do 7 de Setembro em Bras\u00edlia\"\/><figcaption>Manifesta\u00e7\u00f5es do 7 de Setembro em Bras\u00edlia&nbsp;\/ Foto: EFE\/ Joedson Alves<\/figcaption><\/figure>\n\n\n\n<figure class=\"wp-block-image\"><img decoding=\"async\" src=\"https:\/\/static.cdn.pleno.news\/2022\/09\/671cba5c0001f8901e9e4ef30c5c02e6adcc96bew-768x512.jpg\" alt=\"Manifesta\u00e7\u00f5es do 7 de Setembro em Bras\u00edlia\" title=\"Manifesta\u00e7\u00f5es do 7 de Setembro em Bras\u00edlia\"\/><figcaption>Manifesta\u00e7\u00f5es do 7 de Setembro em Bras\u00edlia&nbsp;\/ Foto: EFE\/ Joedson Alves<\/figcaption><\/figure>\n\n\n\n<figure class=\"wp-block-image\"><img decoding=\"async\" src=\"https:\/\/static.cdn.pleno.news\/2022\/09\/c2a57f209714685e8294aaf4903bfcec467b9b56w-768x512.jpg\" alt=\"Manifesta\u00e7\u00f5es do 7 de Setembro em Bras\u00edlia\" title=\"Manifesta\u00e7\u00f5es do 7 de Setembro em Bras\u00edlia\"\/><figcaption>Manifesta\u00e7\u00f5es do 7 de Setembro em Bras\u00edlia&nbsp;\/ Foto: EFE\/ Joedson Alves<\/figcaption><\/figure>\n\n\n\n<figure class=\"wp-block-image\"><img decoding=\"async\" src=\"https:\/\/static.cdn.pleno.news\/2022\/09\/58a5150cc5ffc61c600b2915d9dd83bf4dc08428w-768x512.jpg\" alt=\"Manifesta\u00e7\u00f5es do 7 de Setembro em Bras\u00edlia\" title=\"Manifesta\u00e7\u00f5es do 7 de Setembro em Bras\u00edlia\"\/><figcaption>Manifesta\u00e7\u00f5es do 7 de Setembro em Bras\u00edlia&nbsp;\/ Foto: EFE\/ Joedson Alves<\/figcaption><\/figure>\n\n\n\n<figure class=\"wp-block-image\"><img decoding=\"async\" src=\"https:\/\/static.cdn.pleno.news\/2022\/09\/1fca50ad00ec7ac8e218b25e6633a2393a0d4d0bw-768x512.jpg\" alt=\"Manifesta\u00e7\u00f5es do 7 de Setembro em Bras\u00edlia\" title=\"Manifesta\u00e7\u00f5es do 7 de Setembro em Bras\u00edlia\"\/><figcaption>Manifesta\u00e7\u00f5es do 7 de Setembro em Bras\u00edlia&nbsp;\/ Foto: EFE\/ Joedson Alves<\/figcaption><\/figure>\n\n\n\n<p>A outra medida seria buscar minimizar o tamanho da mobiliza\u00e7\u00e3o, negando que as imagens representem a realidade e defendendo que a manifesta\u00e7\u00e3o teve a mesma ades\u00e3o que em 2021.<\/p>\n\n\n\n<p>Segundo informa\u00e7\u00f5es da revista Veja, o Planalto estima que 1 milh\u00e3o de pessoas participaram do desfile em Bras\u00edlia este ano. Em 2021, cerca de 400 mil apoiadores do presidente passaram pela Esplanada segundo estimativa feita de forma extraoficial pela Pol\u00edcia Militar do Distrito Federal (PMDF). A entidade ainda n\u00e3o divulgou os n\u00fameros deste ano.<\/p>\n\n\n\n<p>A dimens\u00e3o dos atos tamb\u00e9m preocupa o PT em rela\u00e7\u00e3o ao voto da parcela da popula\u00e7\u00e3o que ainda est\u00e1 indecisa. Para aliados do candidato petista, a ades\u00e3o maci\u00e7a pode ajudar a influenciar a escolha daqueles que ainda n\u00e3o definiram em quem votar\u00e3o.<\/p>\n\n\n\n<figure class=\"wp-block-embed is-type-rich is-provider-twitter wp-block-embed-twitter\"><div class=\"wp-block-embed__wrapper\">\n<blockquote class=\"twitter-tweet\" data-width=\"550\" data-dnt=\"true\"><p lang=\"pt\" dir=\"ltr\">As maiores manifesta\u00e7\u00f5es da hist\u00f3ria do Brasil numa elei\u00e7\u00e3o. <a href=\"https:\/\/t.co\/oFGPEvLuHf\">pic.twitter.com\/oFGPEvLuHf<\/a><\/p>&mdash; Eduardo Bolsonaro\ud83c\udde7\ud83c\uddf7 (@BolsonaroSP) <a href=\"https:\/\/twitter.com\/BolsonaroSP\/status\/1567610431065186307?ref_src=twsrc%5Etfw\">September 7, 2022<\/a><\/blockquote><script async src=\"https:\/\/platform.twitter.com\/widgets.js\" charset=\"utf-8\"><\/script>\n<\/div><\/figure>\n\n\n\n<p>Siga-nos nas nossas redes!<\/p>\n\n\n\n<h6 class=\"wp-block-heading\">Pleno.News &#8211;\u00a007\/09\/2022\u00a017h30 | atualizado em 08\/09\/2022 11h07<\/h6>\n<div class=\"jorna-rodape jorna-entity-placement\" id=\"jorna-2134419835\"><div id=\"jorna-3369529117\"><a href=\"https:\/\/gkscontabilidade.com\/\" aria-label=\"GKS Contabilidade\"><img src=\"https:\/\/jornalvaleevangelico.com.br\/wp-content\/uploads\/2023\/05\/GKS-Contabilidade.jpeg\" alt=\"\"  srcset=\"https:\/\/jornalvaleevangelico.com.br\/wp-content\/uploads\/2023\/05\/GKS-Contabilidade.jpeg 1600w, https:\/\/jornalvaleevangelico.com.br\/wp-content\/uploads\/2023\/05\/GKS-Contabilidade-300x65.jpeg 300w, https:\/\/jornalvaleevangelico.com.br\/wp-content\/uploads\/2023\/05\/GKS-Contabilidade-1024x223.jpeg 1024w, https:\/\/jornalvaleevangelico.com.br\/wp-content\/uploads\/2023\/05\/GKS-Contabilidade-768x168.jpeg 768w, https:\/\/jornalvaleevangelico.com.br\/wp-content\/uploads\/2023\/05\/GKS-Contabilidade-1536x335.jpeg 1536w\" sizes=\"(max-width: 1600px) 100vw, 1600px\" width=\"1600\" height=\"349\"   \/><\/a><\/div><\/div>","protected":false},"excerpt":{"rendered":"<p>Em car\u00e1ter reservado, aliados de Lula expressaram preocupa\u00e7\u00e3o com o uso eleitoral das manifesta\u00e7\u00f5es Aliados&#8230;<\/p>\n","protected":false},"author":2,"featured_media":18400,"comment_status":"open","ping_status":"open","sticky":false,"template":"","format":"standard","meta":{"_mi_skip_tracking":false,"_monsterinsights_sitenote_active":false,"_monsterinsights_sitenote_note":"","_monsterinsights_sitenote_category":0,"footnotes":""},"categories":[2,13],"tags":[],"class_list":["post-18399","post","type-post","status-publish","format-standard","has-post-thumbnail","hentry","category-noticia","category-politica"],"_links":{"self":[{"href":"https:\/\/jornalvaleevangelico.com.br\/index.php\/wp-json\/wp\/v2\/posts\/18399","targetHints":{"allow":["GET"]}}],"collection":[{"href":"https:\/\/jornalvaleevangelico.com.br\/index.php\/wp-json\/wp\/v2\/posts"}],"about":[{"href":"https:\/\/jornalvaleevangelico.com.br\/index.php\/wp-json\/wp\/v2\/types\/post"}],"author":[{"embeddable":true,"href":"https:\/\/jornalvaleevangelico.com.br\/index.php\/wp-json\/wp\/v2\/users\/2"}],"replies":[{"embeddable":true,"href":"https:\/\/jornalvaleevangelico.com.br\/index.php\/wp-json\/wp\/v2\/comments?post=18399"}],"version-history":[{"count":1,"href":"https:\/\/jornalvaleevangelico.com.br\/index.php\/wp-json\/wp\/v2\/posts\/18399\/revisions"}],"predecessor-version":[{"id":18401,"href":"https:\/\/jornalvaleevangelico.com.br\/index.php\/wp-json\/wp\/v2\/posts\/18399\/revisions\/18401"}],"wp:featuredmedia":[{"embeddable":true,"href":"https:\/\/jornalvaleevangelico.com.br\/index.php\/wp-json\/wp\/v2\/media\/18400"}],"wp:attachment":[{"href":"https:\/\/jornalvaleevangelico.com.br\/index.php\/wp-json\/wp\/v2\/media?parent=18399"}],"wp:term":[{"taxonomy":"category","embeddable":true,"href":"https:\/\/jornalvaleevangelico.com.br\/index.php\/wp-json\/wp\/v2\/categories?post=18399"},{"taxonomy":"post_tag","embeddable":true,"href":"https:\/\/jornalvaleevangelico.com.br\/index.php\/wp-json\/wp\/v2\/tags?post=18399"}],"curies":[{"name":"wp","href":"https:\/\/api.w.org\/{rel}","templated":true}]}}