{"id":18541,"date":"2022-09-14T17:00:59","date_gmt":"2022-09-14T20:00:59","guid":{"rendered":"https:\/\/jornalvaleevangelico.com.br\/?p=18541"},"modified":"2022-09-14T17:01:00","modified_gmt":"2022-09-14T20:01:00","slug":"vacinacao-antipolio-secretaria-de-saude-de-ipatinga-projeta-atingir-meta-nacional-ate-30-de-setembro","status":"publish","type":"post","link":"https:\/\/jornalvaleevangelico.com.br\/index.php\/2022\/09\/14\/vacinacao-antipolio-secretaria-de-saude-de-ipatinga-projeta-atingir-meta-nacional-ate-30-de-setembro\/","title":{"rendered":"Vacina\u00e7\u00e3o antip\u00f3lio Secretaria de Sa\u00fade de Ipatinga projeta atingir meta nacional at\u00e9 30 de setembro"},"content":{"rendered":"\n<h3 class=\"wp-block-heading\"><a><\/a> <em>Atendimento \u00e9 feito em 21 UBS\u2019s e objetivo \u00e9 alcan\u00e7ar at\u00e9 95% do p\u00fablico-alvo. Reflexo da neglig\u00eancia de muitos, contingente de crian\u00e7as imunizadas no munic\u00edpio, embora acima da m\u00e9dia do pa\u00eds, ainda est\u00e1 em 53%.<\/em><\/h3>\n\n\n\n<p>A Prefeitura de Ipatinga, por meio da Secretaria de Sa\u00fade, intensificou as a\u00e7\u00f5es no munic\u00edpio com o objetivo de aumentar a cobertura vacinal da campanha de imuniza\u00e7\u00e3o contra a poliomielite, que foi prorrogada em todo o pa\u00eds, pelo Minist\u00e9rio da Sa\u00fade, at\u00e9 o dia 30 de setembro.<\/p>\n\n\n\n<p>Na m\u00e9dia nacional, at\u00e9 o dia 14 de setembro, segundo o Minist\u00e9rio, a campanha atingiu somente 43% das crian\u00e7as de um a quatro anos. A meta \u00e9 vacinar 95% deste p\u00fablico-alvo. Em Ipatinga, apesar dos n\u00fameros serem um pouco mais satisfat\u00f3rios em rela\u00e7\u00e3o aos n\u00edveis do pa\u00eds, a ades\u00e3o tamb\u00e9m se mostra aqu\u00e9m das expectativas. At\u00e9 esta quarta-feira (14 de setembro), j\u00e1 haviam sido aplicadas mais de 6 mil doses da vacina, o que representa 53% do total de crian\u00e7as na faixa et\u00e1ria.<\/p>\n\n\n\n<p>Segundo a SMS, a baixa ades\u00e3o no munic\u00edpio \u00e9 maior entre o p\u00fablico de dois anos de idade. A meta \u00e9 vacinar 12.405 crian\u00e7as at\u00e9 o final da campanha.<\/p>\n\n\n\n<p>\u201cA procura pela vacina\u00e7\u00e3o est\u00e1 muito baixa. Pedimos aos pais e respons\u00e1veis que ainda n\u00e3o vacinaram suas crian\u00e7as, que atentem para a import\u00e2ncia da imuniza\u00e7\u00e3o e tamb\u00e9m para o prazo. Essa neglig\u00eancia pode favorecer o reaparecimento de doen\u00e7as que j\u00e1 estavam erradicadas no pa\u00eds, como a poliomielite. O Brasil est\u00e1 entre os dez pa\u00edses das Am\u00e9ricas que est\u00e3o em risco alto de reintrodu\u00e7\u00e3o da doen\u00e7a\u201d, destaca a gerente da Vigil\u00e2ncia Epidemiol\u00f3gica, Bruna Chaves.<\/p>\n\n\n\n<p>O objetivo da campanha \u00e9 aumentar o \u00edndice de cobertura vacinal, conforme o Calend\u00e1rio Nacional de Vacina\u00e7\u00e3o, e atualizar a caderneta de crian\u00e7as e adolescentes de zero a 14 anos.<\/p>\n\n\n\n<p><strong>Multivacina\u00e7\u00e3o<\/strong><\/p>\n\n\n\n<p>Foi prorrogada tamb\u00e9m, pelo Minist\u00e9rio da Sa\u00fade, a campanha de multivacina\u00e7\u00e3o, que \u00e9 realizada juntamente com a imuniza\u00e7\u00e3o contra a poliomielite. As vacinas dispon\u00edveis s\u00e3o: Hepatite A e B, Penta (DTP\/Hib\/Hep B), Pneumoc\u00f3cica 10 valente, VIP (Vacina Inativada Poliomielite), VRH (Vacina Rotav\u00edrus Humano), Meningoc\u00f3cica C (conjugada), VOP (Vacina Oral Poliomielite), Febre amarela, Tr\u00edplice viral (Sarampo, Rub\u00e9ola, Caxumba), Tetraviral (Sarampo, Rub\u00e9ola, Caxumba, Varicela), DTP (tr\u00edplice bacteriana), Varicela e HPV quadrivalente (Papilomav\u00edrus Humano).<\/p>\n\n\n\n<p><strong>Atendimento<\/strong><\/p>\n\n\n\n<p>Para atualizar a caderneta de vacina\u00e7\u00e3o e buscar a imuniza\u00e7\u00e3o contra a poliomielite, a popula\u00e7\u00e3o poder\u00e1 comparecer a qualquer uma das 21 Unidades B\u00e1sicas de Sa\u00fade (UBS\u2019s) do munic\u00edpio no per\u00edodo de 8h \u00e0s 16h, de segunda a sexta-feira.<\/p>\n\n\n\n<p>\u00c9 fundamental que os pais ou respons\u00e1veis levem o cart\u00e3o de vacina para a confer\u00eancia das doses aplicadas e atualiza\u00e7\u00e3o da situa\u00e7\u00e3o vacinal.<\/p>\n\n\n\n<h6 class=\"wp-block-heading\"><strong>Secretaria de Comunica\u00e7\u00e3o Social da Prefeitura de Ipatinga<\/strong>Tel: 3829-8086 \/ 3829-8263<\/h6>\n<div class=\"jorna-rodape jorna-entity-placement\" id=\"jorna-375919341\"><div id=\"jorna-282922502\"><a href=\"https:\/\/gkscontabilidade.com\/\" aria-label=\"GKS Contabilidade\"><img src=\"https:\/\/jornalvaleevangelico.com.br\/wp-content\/uploads\/2023\/05\/GKS-Contabilidade.jpeg\" alt=\"\"  srcset=\"https:\/\/jornalvaleevangelico.com.br\/wp-content\/uploads\/2023\/05\/GKS-Contabilidade.jpeg 1600w, https:\/\/jornalvaleevangelico.com.br\/wp-content\/uploads\/2023\/05\/GKS-Contabilidade-300x65.jpeg 300w, https:\/\/jornalvaleevangelico.com.br\/wp-content\/uploads\/2023\/05\/GKS-Contabilidade-1024x223.jpeg 1024w, https:\/\/jornalvaleevangelico.com.br\/wp-content\/uploads\/2023\/05\/GKS-Contabilidade-768x168.jpeg 768w, https:\/\/jornalvaleevangelico.com.br\/wp-content\/uploads\/2023\/05\/GKS-Contabilidade-1536x335.jpeg 1536w\" sizes=\"(max-width: 1600px) 100vw, 1600px\" width=\"1600\" height=\"349\"   \/><\/a><\/div><\/div>","protected":false},"excerpt":{"rendered":"<p>Atendimento \u00e9 feito em 21 UBS\u2019s e objetivo \u00e9 alcan\u00e7ar at\u00e9 95% do p\u00fablico-alvo. Reflexo&#8230;<\/p>\n","protected":false},"author":2,"featured_media":18542,"comment_status":"open","ping_status":"open","sticky":false,"template":"","format":"standard","meta":{"_mi_skip_tracking":false,"_monsterinsights_sitenote_active":false,"_monsterinsights_sitenote_note":"","_monsterinsights_sitenote_category":0,"footnotes":""},"categories":[2,10],"tags":[],"class_list":["post-18541","post","type-post","status-publish","format-standard","has-post-thumbnail","hentry","category-noticia","category-saude"],"_links":{"self":[{"href":"https:\/\/jornalvaleevangelico.com.br\/index.php\/wp-json\/wp\/v2\/posts\/18541","targetHints":{"allow":["GET"]}}],"collection":[{"href":"https:\/\/jornalvaleevangelico.com.br\/index.php\/wp-json\/wp\/v2\/posts"}],"about":[{"href":"https:\/\/jornalvaleevangelico.com.br\/index.php\/wp-json\/wp\/v2\/types\/post"}],"author":[{"embeddable":true,"href":"https:\/\/jornalvaleevangelico.com.br\/index.php\/wp-json\/wp\/v2\/users\/2"}],"replies":[{"embeddable":true,"href":"https:\/\/jornalvaleevangelico.com.br\/index.php\/wp-json\/wp\/v2\/comments?post=18541"}],"version-history":[{"count":1,"href":"https:\/\/jornalvaleevangelico.com.br\/index.php\/wp-json\/wp\/v2\/posts\/18541\/revisions"}],"predecessor-version":[{"id":18543,"href":"https:\/\/jornalvaleevangelico.com.br\/index.php\/wp-json\/wp\/v2\/posts\/18541\/revisions\/18543"}],"wp:featuredmedia":[{"embeddable":true,"href":"https:\/\/jornalvaleevangelico.com.br\/index.php\/wp-json\/wp\/v2\/media\/18542"}],"wp:attachment":[{"href":"https:\/\/jornalvaleevangelico.com.br\/index.php\/wp-json\/wp\/v2\/media?parent=18541"}],"wp:term":[{"taxonomy":"category","embeddable":true,"href":"https:\/\/jornalvaleevangelico.com.br\/index.php\/wp-json\/wp\/v2\/categories?post=18541"},{"taxonomy":"post_tag","embeddable":true,"href":"https:\/\/jornalvaleevangelico.com.br\/index.php\/wp-json\/wp\/v2\/tags?post=18541"}],"curies":[{"name":"wp","href":"https:\/\/api.w.org\/{rel}","templated":true}]}}