{"id":18544,"date":"2022-09-14T17:10:29","date_gmt":"2022-09-14T20:10:29","guid":{"rendered":"https:\/\/jornalvaleevangelico.com.br\/?p=18544"},"modified":"2022-09-14T17:10:31","modified_gmt":"2022-09-14T20:10:31","slug":"ipatinga-realiza-dia-d-de-vacinacao-antirrabica-animal-neste-sabado-17","status":"publish","type":"post","link":"https:\/\/jornalvaleevangelico.com.br\/index.php\/2022\/09\/14\/ipatinga-realiza-dia-d-de-vacinacao-antirrabica-animal-neste-sabado-17\/","title":{"rendered":"Ipatinga realiza Dia D de Vacina\u00e7\u00e3o Antirr\u00e1bica Animal neste s\u00e1bado (17)"},"content":{"rendered":"\n<h2 class=\"wp-block-heading\">Secretaria de Sa\u00fade ir\u00e1 atuar em dezenas de pontos de atendimento, abrangendo diversas regi\u00f5es da cidade<\/h2>\n\n\n\n<p>A Prefeitura de Ipatinga, por meio do Se\u00e7\u00e3o de Controle de Zoonoses (SCZ), ligada \u00e0 Secretaria de Sa\u00fade, organiza para o pr\u00f3ximo s\u00e1bado (17), em diversos pontos da cidade, a execu\u00e7\u00e3o do Dia D de Vacina\u00e7\u00e3o Antirr\u00e1bica Animal. As equipes de aplica\u00e7\u00e3o estar\u00e3o distribu\u00eddas pelos v\u00e1rios locais definidos, atendendo no hor\u00e1rio de 8h \u00e0s 17h.<\/p>\n\n\n\n<p>De acordo com a gerente do SCZ, Eliane Gar\u00e7\u00e3o Lana, &#8220;o objetivo \u00e9 realizar uma a\u00e7\u00e3o de vacina\u00e7\u00e3o r\u00e1pida e sem aglomera\u00e7\u00e3o, e que atinja um maior n\u00famero de animais. Pensamos que espalhar a vacina em diversos pontos da cidade facilite para que os tutores de pets compare\u00e7am, levando seus animais\u201d.<\/p>\n\n\n\n<p>Conforme acrescenta a gerente, o Dia D de Vacina\u00e7\u00e3o Antirr\u00e1bica Animal \u00e9 realizado seguindo padr\u00f5es de seguran\u00e7a. Assim, \u00e9 recomendado que o animal seja levado para vacinar sempre por um adulto. O c\u00e3o deve estar com a guia e coleira. Em caso de animal bravo, deve-se adotar a focinheira. Os gatos precisam ser conduzidos em caixas espec\u00edficas para evitar fugas. Animais com sintomas de resfriado ou com diarreia devem evitar a vacina.<\/p>\n\n\n\n<p>Segundo orienta a SCZ, a imuniza\u00e7\u00e3o \u00e9 indicada para animais a partir do terceiro m\u00eas de vida e, para receberem a vacina, \u00e9 preciso que eles estejam sadios. Ap\u00f3s a aplica\u00e7\u00e3o da vacina, recomenda-se que os animais n\u00e3o sejam submetidos a esfor\u00e7os f\u00edsicos, ficando preferencialmente em casa, na sombra, com \u00e1gua e alimenta\u00e7\u00e3o dispon\u00edveis.<\/p>\n\n\n\n<p><strong>A CAMPANHA<\/strong><\/p>\n\n\n\n<p>Em Ipatinga, a Se\u00e7\u00e3o de Controle de Zoonoses (SCZ) iniciou a vacina\u00e7\u00e3o dos pets em julho nas zonas rurais e em agosto na zona urbana e, at\u00e9 o momento, mais de 8.600 animais receberam as doses de prote\u00e7\u00e3o. Com base em n\u00fameros de 2021, a expectativa \u00e9 de que sejam imunizados de 5 a 6.000 animais no pr\u00f3ximo s\u00e1bado.<\/p>\n\n\n\n<h2 class=\"has-text-align-center wp-block-heading\"><strong>A DOEN\u00c7A<\/strong><\/h2>\n\n\n\n<figure class=\"wp-block-gallery has-nested-images columns-default is-cropped wp-block-gallery-1 is-layout-flex wp-block-gallery-is-layout-flex\">\n<figure class=\"wp-block-image size-large\"><img fetchpriority=\"high\" decoding=\"async\" width=\"1600\" height=\"1066\" data-id=\"18545\" src=\"https:\/\/jornalvaleevangelico.com.br\/wp-content\/uploads\/2022\/09\/WhatsApp-Image-2022-09-13-at-16.29.49.jpeg\" alt=\"\" class=\"wp-image-18545\" srcset=\"https:\/\/jornalvaleevangelico.com.br\/wp-content\/uploads\/2022\/09\/WhatsApp-Image-2022-09-13-at-16.29.49.jpeg 1600w, https:\/\/jornalvaleevangelico.com.br\/wp-content\/uploads\/2022\/09\/WhatsApp-Image-2022-09-13-at-16.29.49-300x200.jpeg 300w, https:\/\/jornalvaleevangelico.com.br\/wp-content\/uploads\/2022\/09\/WhatsApp-Image-2022-09-13-at-16.29.49-1024x682.jpeg 1024w, https:\/\/jornalvaleevangelico.com.br\/wp-content\/uploads\/2022\/09\/WhatsApp-Image-2022-09-13-at-16.29.49-768x512.jpeg 768w, https:\/\/jornalvaleevangelico.com.br\/wp-content\/uploads\/2022\/09\/WhatsApp-Image-2022-09-13-at-16.29.49-1536x1023.jpeg 1536w\" sizes=\"(max-width: 1600px) 100vw, 1600px\" \/><\/figure>\n<\/figure>\n\n\n\n<p>De acordo com a Secretaria de Sa\u00fade, a raiva \u00e9 uma doen\u00e7a infecciosa aguda transmitida por meio da mordedura, arranhadura ou lambidas de animais contaminados. Trata-se de uma zoonose, um tipo de doen\u00e7a que pode ser transmitida do animal para o homem. O v\u00edrus se concentra em maior quantidade na saliva, sangue e secre\u00e7\u00f5es dos animais acometidos pela doen\u00e7a.<\/p>\n\n\n\n<p><strong>CONFIRA OS LOCAIS DE VACINA\u00c7\u00c3O:<\/strong><\/p>\n\n\n\n<figure class=\"wp-block-table\"><table><tbody><tr><td><br><\/td><\/tr><tr><td>Beth\u00e2nia\/Campo Itamaraty<\/td><\/tr><tr><td>Beth\u00e2nia\/E. M. Chirlene Cristina<\/td><\/tr><tr><td>Beth\u00e2nia\/E. E. Chico Mendes<\/td><\/tr><tr><td>Vila Militar\/E. M. Vilma Faria<\/td><\/tr><tr><td>Vila Militar\/UBS<\/td><\/tr><tr><td>Cana\u00e3\/ Pra\u00e7a Central<\/td><\/tr><tr><td>Cana\u00e3\/ UBS<\/td><\/tr><tr><td>Caravelas\/Consa\u00fade &#8211; rua Passo Fundo, 550<\/td><\/tr><tr><td>Caravelas\/UBS<\/td><\/tr><tr><td>Jardim Panorama\/UBS<\/td><\/tr><tr><td>Cidade Nobre\/Pra\u00e7a Central<\/td><\/tr><tr><td>Igua\u00e7u\/E. M. Rodrigues Barnab\u00e9<\/td><\/tr><tr><td>Igua\u00e7u\/Pra\u00e7a Residencial da rua J\u00eas<\/td><\/tr><tr><td>Igua\u00e7u\/UBS<\/td><\/tr><tr><td>Esperan\u00e7a\/UBS I<\/td><\/tr><tr><td>Esperan\u00e7a\/UBS II<\/td><\/tr><tr><td>Nova Esperan\u00e7a UBS<\/td><\/tr><tr><td>Ideal\/Igreja Cat\u00f3lica, rua Manoel Iz\u00eddio<\/td><\/tr><tr><td>Ideal\/ Pra\u00e7a do Coreto<\/td><\/tr><tr><td>Bom Jardim\/E. M. Levindo Mariano<\/td><\/tr><tr><td>Bom Jardim\/Pra\u00e7a Central<\/td><\/tr><tr><td>Bom Jardim II \/UBS<\/td><\/tr><tr><td>Veneza II \/Pra\u00e7a Central (ao lado da UBS)<\/td><\/tr><tr><td>Veneza II\/Pra\u00e7a Parque das \u00c1guas<\/td><\/tr><tr><td>Veneza II \/Pra\u00e7a da rua Cristalina\/ Ilh\u00e9us<\/td><td><\/td><\/tr><tr><td>Planalto II \/UBS<\/td><td><\/td><td><\/td><\/tr><tr><td>Veneza I \/Igreja Cat\u00f3lica<\/td><\/tr><tr><td>Vila Formosa\/UBS<\/td><\/tr><tr><td>Limoeiro\/UBS<\/td><\/tr><tr><td>Limoeiro\/Pra\u00e7a Central<\/td><\/tr><tr><td>Vila Celeste\/Pra\u00e7a Central<\/td><td><\/td><td><\/td><\/tr><tr><td>Vila Celeste\/UBS<\/td><\/tr><tr><td>Vale do Sol \/UBS Vale do Sol \u2013 Centro Comunit\u00e1rio<\/td><\/tr><tr><td>Bela Vista\/Pra\u00e7a Quadra Coberta<\/td><\/tr><tr><td>Bom Retiro\/UBS<\/td><td><\/td><td><\/td><\/tr><tr><td>Cariru\/Centro Comercial<\/td><td><\/td><td><\/td><\/tr><\/tbody><\/table><\/figure>\n\n\n\n<p> A SCZ (Se\u00e7\u00e3o de Controle de Zoonoses) funciona de segunda a sexta-feira, de 7h \u00e0s 16h, e fica localizada na avenida Sim\u00f3n Bol\u00edvar, n\u00ba 713, bairro Cidade Nobre. Os telefones para informa\u00e7\u00f5es s\u00e3o: (31) 3829-8313\/ 3829-8383.<\/p>\n\n\n\n<p><\/p>\n<div class=\"jorna-rodape jorna-entity-placement\" id=\"jorna-3209422134\"><div id=\"jorna-3532906761\"><a href=\"https:\/\/gkscontabilidade.com\/\" aria-label=\"GKS Contabilidade\"><img src=\"https:\/\/jornalvaleevangelico.com.br\/wp-content\/uploads\/2023\/05\/GKS-Contabilidade.jpeg\" alt=\"\"  srcset=\"https:\/\/jornalvaleevangelico.com.br\/wp-content\/uploads\/2023\/05\/GKS-Contabilidade.jpeg 1600w, https:\/\/jornalvaleevangelico.com.br\/wp-content\/uploads\/2023\/05\/GKS-Contabilidade-300x65.jpeg 300w, https:\/\/jornalvaleevangelico.com.br\/wp-content\/uploads\/2023\/05\/GKS-Contabilidade-1024x223.jpeg 1024w, https:\/\/jornalvaleevangelico.com.br\/wp-content\/uploads\/2023\/05\/GKS-Contabilidade-768x168.jpeg 768w, https:\/\/jornalvaleevangelico.com.br\/wp-content\/uploads\/2023\/05\/GKS-Contabilidade-1536x335.jpeg 1536w\" sizes=\"(max-width: 1600px) 100vw, 1600px\" width=\"1600\" height=\"349\"   \/><\/a><\/div><\/div>","protected":false},"excerpt":{"rendered":"<p>Secretaria de Sa\u00fade ir\u00e1 atuar em dezenas de pontos de atendimento, abrangendo diversas regi\u00f5es da&#8230;<\/p>\n","protected":false},"author":2,"featured_media":18546,"comment_status":"open","ping_status":"open","sticky":false,"template":"","format":"standard","meta":{"_mi_skip_tracking":false,"_monsterinsights_sitenote_active":false,"_monsterinsights_sitenote_note":"","_monsterinsights_sitenote_category":0,"footnotes":""},"categories":[2],"tags":[],"class_list":["post-18544","post","type-post","status-publish","format-standard","has-post-thumbnail","hentry","category-noticia"],"_links":{"self":[{"href":"https:\/\/jornalvaleevangelico.com.br\/index.php\/wp-json\/wp\/v2\/posts\/18544","targetHints":{"allow":["GET"]}}],"collection":[{"href":"https:\/\/jornalvaleevangelico.com.br\/index.php\/wp-json\/wp\/v2\/posts"}],"about":[{"href":"https:\/\/jornalvaleevangelico.com.br\/index.php\/wp-json\/wp\/v2\/types\/post"}],"author":[{"embeddable":true,"href":"https:\/\/jornalvaleevangelico.com.br\/index.php\/wp-json\/wp\/v2\/users\/2"}],"replies":[{"embeddable":true,"href":"https:\/\/jornalvaleevangelico.com.br\/index.php\/wp-json\/wp\/v2\/comments?post=18544"}],"version-history":[{"count":1,"href":"https:\/\/jornalvaleevangelico.com.br\/index.php\/wp-json\/wp\/v2\/posts\/18544\/revisions"}],"predecessor-version":[{"id":18547,"href":"https:\/\/jornalvaleevangelico.com.br\/index.php\/wp-json\/wp\/v2\/posts\/18544\/revisions\/18547"}],"wp:featuredmedia":[{"embeddable":true,"href":"https:\/\/jornalvaleevangelico.com.br\/index.php\/wp-json\/wp\/v2\/media\/18546"}],"wp:attachment":[{"href":"https:\/\/jornalvaleevangelico.com.br\/index.php\/wp-json\/wp\/v2\/media?parent=18544"}],"wp:term":[{"taxonomy":"category","embeddable":true,"href":"https:\/\/jornalvaleevangelico.com.br\/index.php\/wp-json\/wp\/v2\/categories?post=18544"},{"taxonomy":"post_tag","embeddable":true,"href":"https:\/\/jornalvaleevangelico.com.br\/index.php\/wp-json\/wp\/v2\/tags?post=18544"}],"curies":[{"name":"wp","href":"https:\/\/api.w.org\/{rel}","templated":true}]}}