{"id":18548,"date":"2022-09-14T17:43:14","date_gmt":"2022-09-14T20:43:14","guid":{"rendered":"https:\/\/jornalvaleevangelico.com.br\/?p=18548"},"modified":"2022-09-14T17:43:17","modified_gmt":"2022-09-14T20:43:17","slug":"rei-charles-e-filhos-seguem-caixao-da-rainha-em-cortejo-em-londres","status":"publish","type":"post","link":"https:\/\/jornalvaleevangelico.com.br\/index.php\/2022\/09\/14\/rei-charles-e-filhos-seguem-caixao-da-rainha-em-cortejo-em-londres\/","title":{"rendered":"Rei Charles e filhos seguem caix\u00e3o da rainha em cortejo, em Londres"},"content":{"rendered":"\n<h2 class=\"wp-block-heading\">Trajeto seguiu do Pal\u00e1cio de Buckingham ao Parlamento brit\u00e2nico<\/h2>\n\n\n\n<p>O rei Charles III, seus filhos, os pr\u00edncipes William e Harry, e outros membros da realeza se juntaram a uma prociss\u00e3o solene depois que o caix\u00e3o da rainha Elizabeth foi retirado do Pal\u00e1cio de Buckingham nesta quarta-feira (14) para percurso at\u00e9 o Parlamento, acompanhado por uma multid\u00e3o em Londres.<img decoding=\"async\" src=\"https:\/\/agenciabrasil.ebc.com.br\/ebc.png?id=1482255&amp;o=node\"><img decoding=\"async\" src=\"https:\/\/agenciabrasil.ebc.com.br\/ebc.gif?id=1482255&amp;o=node\"><\/p>\n\n\n\n<p>Em uma carruagem, coberto pela bandeira do Royal Standard e com a Coroa do Estado Imperial colocada em uma almofada no topo ao lado de uma coroa de flores, o caix\u00e3o com o corpo de Elizabeth iniciou uma lenta e sombria prociss\u00e3o de seu pal\u00e1cio para Westminster Hall, onde ficar\u00e1 por quatro dias.<\/p>\n\n\n\n<p>Caminhando logo atr\u00e1s estavam Charles e seus irm\u00e3os, Anne, Andrew e Edward.<\/p>\n\n\n\n<p>Ap\u00f3s a morte da rainha na semana passada em sua casa de ver\u00e3o no Castelo de Balmoral, na Esc\u00f3cia, seu caix\u00e3o foi levado para Edimburgo para uma s\u00e9rie de cerim\u00f4nias comoventes e depois para Londres, na noite de ter\u00e7a-feira (13).<\/p>\n\n\n\n<p>Dezenas de milhares de pessoas percorreram a rota de 22 quil\u00f4metros (km) sob chuva forte e carros pararam em vias normalmente movimentadas para ver o carro funer\u00e1rio bem iluminado indo lentamente pela escurid\u00e3o em dire\u00e7\u00e3o ao Pal\u00e1cio de Buckingham, atraindo aplausos.<\/p>\n\n\n\n<p>No pal\u00e1cio, o caix\u00e3o foi recebido por Charles e todos os filhos da rainha, netos e seus c\u00f4njuges que se reuniram pela primeira vez desde a morte da matriarca.<\/p>\n\n\n\n<p>&#8220;Foi uma honra e um privil\u00e9gio acompanh\u00e1-la em suas viagens finais&#8221;, disse a filha de Elizabeth, Anne, de 72 anos, que voou da Esc\u00f3cia ao lado do caix\u00e3o.<\/p>\n\n\n\n<p>A morte da rainha, aos 96 anos, mergulhou a na\u00e7\u00e3o no luto por uma monarca que reinou por 70 anos.<\/p>\n\n\n\n<p>As pessoas come\u00e7aram a fazer fila nas ruas na noite de ontem para ser uma das primeiras a passar pelo caix\u00e3o nesta quarta-feira.<\/p>\n\n\n\n<p>Entre o p\u00fablico, alguns estavam l\u00e1 para representar pais idosos, outros para testemunhar a hist\u00f3ria e muitos para agradecer a uma mulher que, tendo ascendido ao trono em 1952, ainda realizava reuni\u00f5es oficiais do governo apenas dois dias antes de morrer.<\/p>\n\n\n\n<p>&#8220;Ela realmente cumpriu seu juramento de fazer tudo o que podia por este pa\u00eds&#8221;, disse Veronica Lewis, 52, de Worthing, Sul da Inglaterra.<\/p>\n\n\n\n<h6 class=\"wp-block-heading\">Publicado em 14\/09\/2022 &#8211; 11:39 Por Michael Holden e Kate Holton &#8211; rep\u00f3rteres da Reuters* &#8211; Londres<\/h6>\n<div class=\"jorna-rodape jorna-entity-placement\" id=\"jorna-3264583983\"><div id=\"jorna-2232518266\"><a href=\"https:\/\/gkscontabilidade.com\/\" aria-label=\"GKS Contabilidade\"><img src=\"https:\/\/jornalvaleevangelico.com.br\/wp-content\/uploads\/2023\/05\/GKS-Contabilidade.jpeg\" alt=\"\"  srcset=\"https:\/\/jornalvaleevangelico.com.br\/wp-content\/uploads\/2023\/05\/GKS-Contabilidade.jpeg 1600w, https:\/\/jornalvaleevangelico.com.br\/wp-content\/uploads\/2023\/05\/GKS-Contabilidade-300x65.jpeg 300w, https:\/\/jornalvaleevangelico.com.br\/wp-content\/uploads\/2023\/05\/GKS-Contabilidade-1024x223.jpeg 1024w, https:\/\/jornalvaleevangelico.com.br\/wp-content\/uploads\/2023\/05\/GKS-Contabilidade-768x168.jpeg 768w, https:\/\/jornalvaleevangelico.com.br\/wp-content\/uploads\/2023\/05\/GKS-Contabilidade-1536x335.jpeg 1536w\" sizes=\"(max-width: 1600px) 100vw, 1600px\" width=\"1600\" height=\"349\"   \/><\/a><\/div><\/div>","protected":false},"excerpt":{"rendered":"<p>Trajeto seguiu do Pal\u00e1cio de Buckingham ao Parlamento brit\u00e2nico O rei Charles III, seus filhos,&#8230;<\/p>\n","protected":false},"author":2,"featured_media":18549,"comment_status":"open","ping_status":"open","sticky":false,"template":"","format":"standard","meta":{"_mi_skip_tracking":false,"_monsterinsights_sitenote_active":false,"_monsterinsights_sitenote_note":"","_monsterinsights_sitenote_category":0,"footnotes":""},"categories":[8,2],"tags":[],"class_list":["post-18548","post","type-post","status-publish","format-standard","has-post-thumbnail","hentry","category-internacional","category-noticia"],"_links":{"self":[{"href":"https:\/\/jornalvaleevangelico.com.br\/index.php\/wp-json\/wp\/v2\/posts\/18548","targetHints":{"allow":["GET"]}}],"collection":[{"href":"https:\/\/jornalvaleevangelico.com.br\/index.php\/wp-json\/wp\/v2\/posts"}],"about":[{"href":"https:\/\/jornalvaleevangelico.com.br\/index.php\/wp-json\/wp\/v2\/types\/post"}],"author":[{"embeddable":true,"href":"https:\/\/jornalvaleevangelico.com.br\/index.php\/wp-json\/wp\/v2\/users\/2"}],"replies":[{"embeddable":true,"href":"https:\/\/jornalvaleevangelico.com.br\/index.php\/wp-json\/wp\/v2\/comments?post=18548"}],"version-history":[{"count":1,"href":"https:\/\/jornalvaleevangelico.com.br\/index.php\/wp-json\/wp\/v2\/posts\/18548\/revisions"}],"predecessor-version":[{"id":18550,"href":"https:\/\/jornalvaleevangelico.com.br\/index.php\/wp-json\/wp\/v2\/posts\/18548\/revisions\/18550"}],"wp:featuredmedia":[{"embeddable":true,"href":"https:\/\/jornalvaleevangelico.com.br\/index.php\/wp-json\/wp\/v2\/media\/18549"}],"wp:attachment":[{"href":"https:\/\/jornalvaleevangelico.com.br\/index.php\/wp-json\/wp\/v2\/media?parent=18548"}],"wp:term":[{"taxonomy":"category","embeddable":true,"href":"https:\/\/jornalvaleevangelico.com.br\/index.php\/wp-json\/wp\/v2\/categories?post=18548"},{"taxonomy":"post_tag","embeddable":true,"href":"https:\/\/jornalvaleevangelico.com.br\/index.php\/wp-json\/wp\/v2\/tags?post=18548"}],"curies":[{"name":"wp","href":"https:\/\/api.w.org\/{rel}","templated":true}]}}