{"id":19265,"date":"2022-11-01T10:24:57","date_gmt":"2022-11-01T13:24:57","guid":{"rendered":"https:\/\/jornalvaleevangelico.com.br\/?p=19265"},"modified":"2022-11-01T10:30:18","modified_gmt":"2022-11-01T13:30:18","slug":"maioria-do-stf-vota-por-manter-ordem-para-prf-liberar-rodovias","status":"publish","type":"post","link":"https:\/\/jornalvaleevangelico.com.br\/index.php\/2022\/11\/01\/maioria-do-stf-vota-por-manter-ordem-para-prf-liberar-rodovias\/","title":{"rendered":"Maioria do STF vota por manter ordem para PRF liberar rodovias"},"content":{"rendered":"\n<h2 class=\"wp-block-heading\">Ministro da Justi\u00e7a diz que 192 pontos de bloqueio foram desfeitos<\/h2>\n\n\n\n<p>A maioria dos ministros do Supremo Tribunal Federal (STF) votou durante a madrugada e confirmou decis\u00e3o proferida na noite de ontem (31), pelo ministro Alexandre de Moraes, determinando a libera\u00e7\u00e3o de rodovias federais bloqueadas ap\u00f3s o resultado das elei\u00e7\u00f5es ocorridas no domingo (30).<\/p>\n\n\n\n<p>Na decis\u00e3o, <a href=\"https:\/\/agenciabrasil.ebc.com.br\/justica\/noticia\/2022-10\/ministro-do-stf-determina-o-desbloqueio-de-rodovias-federais\" target=\"_blank\" rel=\"noreferrer noopener\">Moraes ordenou \u00e0 Pol\u00edcia Rodovi\u00e1ria<\/a> Federal (PRF) e \u00e0s pol\u00edcias militares que \u201ctomem todas as medidas necess\u00e1rias e suficientes\u201d para a \u201cimediata desobstru\u00e7\u00e3o de todas as vias p\u00fablicas que, ilicitamente, estejam com seu tr\u00e2nsito interrompido\u201d. Ele atendeu a pedido da Confedera\u00e7\u00e3o Nacional do Transporte (CNT), que alegou inclusive risco de desabastecimento em algumas cadeias industriais.<\/p>\n\n\n\n<p>At\u00e9 o momento, Moraes foi seguido pelos ministros Lu\u00eds Roberto Barroso, Edson Fachin, Gilmar Mendes, C\u00e1rmen L\u00facia, Rosa Weber e Dias Toffoli. O julgamento ocorre no plen\u00e1rio virtual, em sess\u00e3o de 24 horas, nesta ter\u00e7a-feira (1\u00b0), convocada ontem pela ministra Rosa Weber, presidente do Supremo, pouco depois de concedida a liminar (decis\u00e3o urgente e provis\u00f3ria) por Moraes. O prazo para votar segue at\u00e9 as 23h59 de hoje.<\/p>\n\n\n\n<h2 class=\"wp-block-heading\">Multa<\/h2>\n\n\n\n<p>No voto seguido pela maioria, Moraes determinou tamb\u00e9m multa de R$ 100 mil por hora, em car\u00e1ter pessoal, ao diretor-geral da PRF, Silvinei Vasques, \u201cem face da apontada OMISS\u00c3O e IN\u00c9RCIA\u201d do \u00f3rg\u00e3o em desobstruir as rodovias bloqueadas.<\/p>\n\n\n\n<p>O ministro apresenta links para v\u00eddeos publicados em redes sociais e cita registros de \u201cposs\u00edvel passividade de agentes da Pol\u00edcia Rodovi\u00e1ria Federal em face de manifesta\u00e7\u00f5es interruptivas de vias p\u00fablicas federais\u201d.<\/p>\n\n\n\n<h2 class=\"wp-block-heading\">Elei\u00e7\u00f5es<\/h2>\n\n\n\n<p>Moraes afirmou que as manifesta\u00e7\u00f5es \u201cs\u00e3o motivadas por pretens\u00f5es antidemocr\u00e1ticas qual seja, um protesto contra a elei\u00e7\u00e3o regular e leg\u00edtima de um novo Presidente da Rep\u00fablica, em 30 de outubro de 2022, inclusive com pretens\u00e3o impeditiva de posse por meio de atos ileg\u00edtimos e violentos como seria uma absolutamente impens\u00e1vel interven\u00e7\u00e3o militar\u201d.<\/p>\n\n\n\n<p>Os manifestantes, incluindo caminhoneiros, apoiam o presidente Jair Bolsonaro, que no \u00faltimo domingo perdeu a corrida ao Pal\u00e1cio do Planalto para o ex-presidente Luiz In\u00e1cio Lula da Silva. Pela decis\u00e3o de hoje, o plen\u00e1rio do Supremo ressalvou que nas a\u00e7\u00f5es de libera\u00e7\u00e3o sejam resguardadas a seguran\u00e7a do entorno, incluindo de pedestres, motoristas e manifestantes, com destaque para mulheres e crian\u00e7as.<\/p>\n\n\n\n<p>A PRF tem afirmado que j\u00e1 promove a libera\u00e7\u00e3o das rodovias e que dezenas de pontos de reten\u00e7\u00e3o foram liberados at\u00e9 o momento. De acordo com balan\u00e7o do fim da tarde de ontem, foram registrados ao menos 132 bloqueios em 20 estados. Ainda na segunda-feira, a Procuradoria-Geral da Rep\u00fablica (PGR) expediu of\u00edcio dando 24h para a PRF explicar os motivos da demora para a libera\u00e7\u00e3o das vias.<\/p>\n\n\n\n<p>No Twitter, o ministro da Justi\u00e7a Anderson Torres <a href=\"https:\/\/twitter.com\/andersongtorres\/status\/1587390161544945664?ref_src=twsrc%5Egoogle%7Ctwcamp%5Eserp%7Ctwgr%5Etweet\" target=\"_blank\" rel=\"noreferrer noopener\">postou na manh\u00e3<\/a> de hoje que, das 18h de domingo at\u00e9 \u00e0s 6h30 desta ter\u00e7a-feira &#8220;j\u00e1 foram eliminados 192 pontos de bloqueio.&#8221;<\/p>\n\n\n\n<p>J\u00e1 o presidente do Tribunal de Contas da Uni\u00e3o, Bruno Dantas, que no domingo do segundo turno garantiu que houve &#8220;zero diverg\u00eancia&#8221; na auditoria das urnas, postou na manh\u00e3 de hoje que os manifestantes ser\u00e3o severamente punidos:<\/p>\n\n\n\n<p>&#8220;Vivandeiras alvoro\u00e7adas tentam fabricar artificialmente clima de insurrei\u00e7\u00e3o num pa\u00eds cujo povo trabalhador e ordeiro deseja paz. Ser\u00e3o severamente processados, responsabilizados civilmente e presos. De t\u00e3o poucos, mal encher\u00e3o um pavilh\u00e3o de pres\u00eddio federal&#8221;, diz o post.<\/p>\n\n\n\n<h6 class=\"wp-block-heading\">Edi\u00e7\u00e3o: Denise Griesinger-Publicado em 01\/11\/2022 &#8211; 09:10 Por Felipe Pontes \u2013 Rep\u00f3rter da Ag\u00eancia Brasil &#8211; Bras\u00edlia<\/h6>\n<div class=\"jorna-rodape jorna-entity-placement\" id=\"jorna-1345108104\"><div id=\"jorna-2903071109\"><a href=\"https:\/\/gkscontabilidade.com\/\" aria-label=\"GKS Contabilidade\"><img src=\"https:\/\/jornalvaleevangelico.com.br\/wp-content\/uploads\/2023\/05\/GKS-Contabilidade.jpeg\" alt=\"\"  srcset=\"https:\/\/jornalvaleevangelico.com.br\/wp-content\/uploads\/2023\/05\/GKS-Contabilidade.jpeg 1600w, https:\/\/jornalvaleevangelico.com.br\/wp-content\/uploads\/2023\/05\/GKS-Contabilidade-300x65.jpeg 300w, https:\/\/jornalvaleevangelico.com.br\/wp-content\/uploads\/2023\/05\/GKS-Contabilidade-1024x223.jpeg 1024w, https:\/\/jornalvaleevangelico.com.br\/wp-content\/uploads\/2023\/05\/GKS-Contabilidade-768x168.jpeg 768w, https:\/\/jornalvaleevangelico.com.br\/wp-content\/uploads\/2023\/05\/GKS-Contabilidade-1536x335.jpeg 1536w\" sizes=\"(max-width: 1600px) 100vw, 1600px\" width=\"1600\" height=\"349\"   \/><\/a><\/div><\/div>","protected":false},"excerpt":{"rendered":"<p>Ministro da Justi\u00e7a diz que 192 pontos de bloqueio foram desfeitos A maioria dos ministros&#8230;<\/p>\n","protected":false},"author":2,"featured_media":19266,"comment_status":"open","ping_status":"open","sticky":false,"template":"","format":"standard","meta":{"_mi_skip_tracking":false,"_monsterinsights_sitenote_active":false,"_monsterinsights_sitenote_note":"","_monsterinsights_sitenote_category":0,"footnotes":""},"categories":[2],"tags":[],"class_list":["post-19265","post","type-post","status-publish","format-standard","has-post-thumbnail","hentry","category-noticia"],"_links":{"self":[{"href":"https:\/\/jornalvaleevangelico.com.br\/index.php\/wp-json\/wp\/v2\/posts\/19265","targetHints":{"allow":["GET"]}}],"collection":[{"href":"https:\/\/jornalvaleevangelico.com.br\/index.php\/wp-json\/wp\/v2\/posts"}],"about":[{"href":"https:\/\/jornalvaleevangelico.com.br\/index.php\/wp-json\/wp\/v2\/types\/post"}],"author":[{"embeddable":true,"href":"https:\/\/jornalvaleevangelico.com.br\/index.php\/wp-json\/wp\/v2\/users\/2"}],"replies":[{"embeddable":true,"href":"https:\/\/jornalvaleevangelico.com.br\/index.php\/wp-json\/wp\/v2\/comments?post=19265"}],"version-history":[{"count":2,"href":"https:\/\/jornalvaleevangelico.com.br\/index.php\/wp-json\/wp\/v2\/posts\/19265\/revisions"}],"predecessor-version":[{"id":19268,"href":"https:\/\/jornalvaleevangelico.com.br\/index.php\/wp-json\/wp\/v2\/posts\/19265\/revisions\/19268"}],"wp:featuredmedia":[{"embeddable":true,"href":"https:\/\/jornalvaleevangelico.com.br\/index.php\/wp-json\/wp\/v2\/media\/19266"}],"wp:attachment":[{"href":"https:\/\/jornalvaleevangelico.com.br\/index.php\/wp-json\/wp\/v2\/media?parent=19265"}],"wp:term":[{"taxonomy":"category","embeddable":true,"href":"https:\/\/jornalvaleevangelico.com.br\/index.php\/wp-json\/wp\/v2\/categories?post=19265"},{"taxonomy":"post_tag","embeddable":true,"href":"https:\/\/jornalvaleevangelico.com.br\/index.php\/wp-json\/wp\/v2\/tags?post=19265"}],"curies":[{"name":"wp","href":"https:\/\/api.w.org\/{rel}","templated":true}]}}