{"id":25078,"date":"2023-06-07T19:02:15","date_gmt":"2023-06-07T22:02:15","guid":{"rendered":"https:\/\/jornalvaleevangelico.com.br\/?p=25078"},"modified":"2023-06-07T19:02:15","modified_gmt":"2023-06-07T22:02:15","slug":"pobreza-e-fome-levam-familias-ao-suicidio-na-coreia-do-norte","status":"publish","type":"post","link":"https:\/\/jornalvaleevangelico.com.br\/index.php\/2023\/06\/07\/pobreza-e-fome-levam-familias-ao-suicidio-na-coreia-do-norte\/","title":{"rendered":"Pobreza e fome levam fam\u00edlias ao suic\u00eddio na Coreia do Norte"},"content":{"rendered":"\n<h2 class=\"wp-block-heading\">O ditador Jong Un definiu oficialmente o suic\u00eddio como um \u201cato de trai\u00e7\u00e3o contra o socialismo\u201d.<\/h2>\n\n\n\n<figure class=\"wp-block-image\"><img decoding=\"async\" src=\"https:\/\/thumbor.guiame.com.br\/unsafe\/840x500\/http:\/\/media.guiame.com.br\/archives\/2023\/06\/07\/347763753-coreia-do-norte.jpeg\" alt=\"Jong Un ainda definiu o suic\u00eddio como um \u201cato de trai\u00e7\u00e3o contra o socialismo\u201d. (Foto: Reprodu\u00e7\u00e3o\/Open Doors).\"\/><figcaption class=\"wp-element-caption\">Jong Un ainda definiu o suic\u00eddio como um \u201cato de trai\u00e7\u00e3o contra o socialismo\u201d. (Foto: Reprodu\u00e7\u00e3o\/Open Doors).<\/figcaption><\/figure>\n\n\n\n<p>A pobreza e a<strong><a href=\"https:\/\/guiame.com.br\/gospel\/missoes-acao-social\/cristaos-da-coreia-do-norte-sofrem-com-fome-enquanto-pais-proibe-ajuda-de-desertores.html\">&nbsp;fome<\/a><\/strong>&nbsp;que assola a&nbsp;<strong><a href=\"https:\/\/guiame.com.br\/gospel\/mundo-cristao\/ministro-nega-perseguicao-e-compara-coreia-do-norte-ao-jardim-do-eden.html\">Coreia do Norte<\/a><\/strong>&nbsp;\u2013 o pa\u00eds mais perigoso para crist\u00e3os segundo a Lista Mundial da Persegui\u00e7\u00e3o 2023 \u2013 est\u00e1 levando pessoas a tirarem sua pr\u00f3pria vida.<\/p>\n\n\n\n<p>Com a situa\u00e7\u00e3o extrema, o ditador Kim Jong Un emitiu uma ordem \u00e0s autoridades locais para que tomem medidas de preven\u00e7\u00e3o ao&nbsp;<strong><a href=\"https:\/\/guiame.com.br\/gospel\/testemunhos\/jovem-desiste-de-suicidio-ao-ouvir-louvor-oceanos-deus-me-salvou.html\">suic\u00eddio<\/a><\/strong>, durante reuni\u00f5es de emerg\u00eancia com l\u00edderes do partido em todo o pa\u00eds, de acordo com a Radio Free Asia (RFA).<\/p>\n\n\n\n<p>Jong Un ainda definiu oficialmente o suic\u00eddio como um \u201cato de trai\u00e7\u00e3o contra o socialismo\u201d. A medida aconteceu ap\u00f3s a m\u00eddia divulgar v\u00e1rios relatos de fam\u00edlias que tinham se suicidado devido \u00e0 fome.<\/p>\n\n\n\n<p>Em entrevista \u00e0 RFA, um funcion\u00e1rio n\u00e3o identificado de North Hamgyong relatou que houve 35 casos de suic\u00eddio este ano nos condatos de Chongjin e Kyongsong, incluindo fam\u00edlias tirando suas vidas juntas.<\/p>\n\n\n\n<p>Ele acrescentou que os detalhes dos casos de suic\u00eddio chocaram as autoridades presentes na reuni\u00e3o.<\/p>\n\n\n\n<p>\u201cNossa reuni\u00e3o foi realizada no pr\u00e9dio do comit\u00ea provincial do partido localizado no distrito de Pohang, na cidade de Chongjin. [Os participantes] ficaram chocados com a divulga\u00e7\u00e3o de bilhetes de suic\u00eddio que criticavam o pa\u00eds e o sistema social\u201d, afirmou.&nbsp;<\/p>\n\n\n\n<p><strong>Relatos chocantes<\/strong><\/p>\n\n\n\n<p>Em outra reuni\u00e3o na prov\u00edncia de Ryanggang, um segundo oficial n\u00e3o identificado afirmou que as autoridades n\u00e3o conseguiram encontrar uma solu\u00e7\u00e3o para o problema social.<\/p>\n\n\n\n<p>\u201cApesar da pol\u00edtica de preven\u00e7\u00e3o do suic\u00eddio ratificada pelo secret\u00e1rio-geral, as autoridades n\u00e3o conseguiram encontrar uma solu\u00e7\u00e3o adequada. A maioria dos suic\u00eddios foi causada por extrema pobreza e fome, ent\u00e3o ningu\u00e9m pode propor uma contra-medida agora\u201d, contou ele, \u00e0 Radio Free Asia.<\/p>\n\n\n\n<p>\u201cNa cidade de Hyesan, um menino de 10 anos vivia com sua av\u00f3 depois que seus pais morreram de fome, mas eles tiraram suas pr\u00f3prias vidas comendo veneno de rato\u201d, disse o oficial n\u00e3o identificado.<\/p>\n\n\n\n<p>Segundo ele, um casal de 60 anos tamb\u00e9m cometeu suic\u00eddio, se enforcando em uma \u00e1rvore nas montanhas. Ap\u00f3s comeram sua \u00faltima refei\u00e7\u00e3o juntos, uma fam\u00edlia de quatro pessoas ingeriram cianeto de pot\u00e1ssio e morreram intoxicados.<\/p>\n\n\n\n<p>O oficial explicou que o suic\u00eddio familiar foi usado como um \u201cato final de desafio contra um sistema sem esperan\u00e7a\u201d.<\/p>\n\n\n\n<p>Ele ainda revelou que o ditador Jung Un ordenou que as autoridades locais assumam a responsabilidade pelos suic\u00eddios em suas jurisdi\u00e7\u00f5es.<\/p>\n\n\n\n<p>\u201cFoi enfatizado que os funcion\u00e1rios respons\u00e1veis \u200b\u200bser\u00e3o responsabilizados conjuntamente, porque &#8216;o suic\u00eddio \u00e9 um claro desafio social e uma trai\u00e7\u00e3o contra o pa\u00eds'&#8221;, afirmou o oficial.<\/p>\n\n\n\n<p><strong>Escassez de alimento<\/strong><\/p>\n\n\n\n<p>Devido \u00e0 pandemia, a popula\u00e7\u00e3o da Coreia do Norte est\u00e1 enfrentando uma escassez de alimentos.&nbsp;<\/p>\n\n\n\n<p>O pa\u00eds comunista passa por uma das piores secas em d\u00e9cadas, por\u00e9m o ditador rejeita ajuda internacional. Em 2021, Kim j\u00e1 havia admitido que h\u00e1 escassez de alimentos no pa\u00eds.<\/p>\n\n\n\n<p>Conforme um relat\u00f3rio do Conselho de Direitos Humanos da ONU, cerca de 42% da popula\u00e7\u00e3o da Coreia do Norte est\u00e1 desnutrida devido \u00e0 falta de alimentos.&nbsp;<\/p>\n\n\n\n<p><strong>Caso voc\u00ea esteja pensando em cometer suic\u00eddio, procure ajuda especializada como o CVV e os CAPS (Centros de Aten\u00e7\u00e3o Psicossocial) da sua cidade.<\/strong><\/p>\n\n\n\n<p><strong>O CVV (https:\/\/www.cvv.org.br\/) funciona 24 horas por dia (inclusive aos feriados) pelo telefone 188, e tamb\u00e9m atende por e-mail, chat e pessoalmente. S\u00e3o mais de 120 postos de atendimento em todo o Brasil.<\/strong><\/p>\n\n\n\n<h6 class=\"wp-block-heading\"><strong>FONTE:<\/strong>\u00a0GUIAME, COM INFORMA\u00c7\u00d5ES DE RADIO FREE ASIA <strong>ATUALIZADO:\u00a0<\/strong>QUARTA-FEIRA, 7 DE JUNHO DE 2023 12:58<\/h6>\n<div class=\"jorna-rodape jorna-entity-placement\" id=\"jorna-3505718076\"><div id=\"jorna-839771630\"><a href=\"https:\/\/gkscontabilidade.com\/\" aria-label=\"GKS Contabilidade\"><img src=\"https:\/\/jornalvaleevangelico.com.br\/wp-content\/uploads\/2023\/05\/GKS-Contabilidade.jpeg\" alt=\"\"  srcset=\"https:\/\/jornalvaleevangelico.com.br\/wp-content\/uploads\/2023\/05\/GKS-Contabilidade.jpeg 1600w, https:\/\/jornalvaleevangelico.com.br\/wp-content\/uploads\/2023\/05\/GKS-Contabilidade-300x65.jpeg 300w, https:\/\/jornalvaleevangelico.com.br\/wp-content\/uploads\/2023\/05\/GKS-Contabilidade-1024x223.jpeg 1024w, https:\/\/jornalvaleevangelico.com.br\/wp-content\/uploads\/2023\/05\/GKS-Contabilidade-768x168.jpeg 768w, https:\/\/jornalvaleevangelico.com.br\/wp-content\/uploads\/2023\/05\/GKS-Contabilidade-1536x335.jpeg 1536w\" sizes=\"(max-width: 1600px) 100vw, 1600px\" width=\"1600\" height=\"349\"   \/><\/a><\/div><\/div>","protected":false},"excerpt":{"rendered":"<p>O ditador Jong Un definiu oficialmente o suic\u00eddio como um \u201cato de trai\u00e7\u00e3o contra o&#8230;<\/p>\n","protected":false},"author":2,"featured_media":25079,"comment_status":"open","ping_status":"open","sticky":false,"template":"","format":"standard","meta":{"_mi_skip_tracking":false,"_monsterinsights_sitenote_active":false,"_monsterinsights_sitenote_note":"","_monsterinsights_sitenote_category":0,"footnotes":""},"categories":[8,10],"tags":[],"class_list":["post-25078","post","type-post","status-publish","format-standard","has-post-thumbnail","hentry","category-internacional","category-saude"],"_links":{"self":[{"href":"https:\/\/jornalvaleevangelico.com.br\/index.php\/wp-json\/wp\/v2\/posts\/25078","targetHints":{"allow":["GET"]}}],"collection":[{"href":"https:\/\/jornalvaleevangelico.com.br\/index.php\/wp-json\/wp\/v2\/posts"}],"about":[{"href":"https:\/\/jornalvaleevangelico.com.br\/index.php\/wp-json\/wp\/v2\/types\/post"}],"author":[{"embeddable":true,"href":"https:\/\/jornalvaleevangelico.com.br\/index.php\/wp-json\/wp\/v2\/users\/2"}],"replies":[{"embeddable":true,"href":"https:\/\/jornalvaleevangelico.com.br\/index.php\/wp-json\/wp\/v2\/comments?post=25078"}],"version-history":[{"count":1,"href":"https:\/\/jornalvaleevangelico.com.br\/index.php\/wp-json\/wp\/v2\/posts\/25078\/revisions"}],"predecessor-version":[{"id":25080,"href":"https:\/\/jornalvaleevangelico.com.br\/index.php\/wp-json\/wp\/v2\/posts\/25078\/revisions\/25080"}],"wp:featuredmedia":[{"embeddable":true,"href":"https:\/\/jornalvaleevangelico.com.br\/index.php\/wp-json\/wp\/v2\/media\/25079"}],"wp:attachment":[{"href":"https:\/\/jornalvaleevangelico.com.br\/index.php\/wp-json\/wp\/v2\/media?parent=25078"}],"wp:term":[{"taxonomy":"category","embeddable":true,"href":"https:\/\/jornalvaleevangelico.com.br\/index.php\/wp-json\/wp\/v2\/categories?post=25078"},{"taxonomy":"post_tag","embeddable":true,"href":"https:\/\/jornalvaleevangelico.com.br\/index.php\/wp-json\/wp\/v2\/tags?post=25078"}],"curies":[{"name":"wp","href":"https:\/\/api.w.org\/{rel}","templated":true}]}}