{"id":25081,"date":"2023-06-07T19:09:55","date_gmt":"2023-06-07T22:09:55","guid":{"rendered":"https:\/\/jornalvaleevangelico.com.br\/?p=25081"},"modified":"2023-06-07T19:09:55","modified_gmt":"2023-06-07T22:09:55","slug":"feminista-pro-aborto-passa-a-defender-a-vida-a-maternidade-e-uma-dadiva","status":"publish","type":"post","link":"https:\/\/jornalvaleevangelico.com.br\/index.php\/2023\/06\/07\/feminista-pro-aborto-passa-a-defender-a-vida-a-maternidade-e-uma-dadiva\/","title":{"rendered":"Feminista pr\u00f3-aborto passa a defender a vida: \u201cA maternidade \u00e9 uma d\u00e1diva\u201d"},"content":{"rendered":"\n<h2 class=\"wp-block-heading\">Adriana contou que as l\u00edderes do movimento feminista incentivavam as participantes a se sentirem atra\u00eddas por outras mulheres e a se despirem durante os eventos.<\/h2>\n\n\n\n<p>Uma ex-feminista colombiana compartilhou sua mudan\u00e7a de perspectiva em rela\u00e7\u00e3o ao direito \u00e0 vida atrav\u00e9s da plataforma \u201cUnidos por la Vida\u201d&nbsp;<em>(\u201cUnidos pela Vida\u201d)<\/em>, que promoveu a XVII Marcha Nacional pela Vida.<\/p>\n\n\n\n<p>O evento ocorreu no dia 3 de junho, em Medell\u00edn, e levou milhares de colombianos \u00e0s ruas com o objetivo de exigir que a Corte Constitucional anule a libera\u00e7\u00e3o do aborto no pa\u00eds, que foi autorizada em fevereiro de 2022.<\/p>\n\n\n\n<p>A comunidade Unidos pela Vida, \u00e9 um grupo de pessoas e organiza\u00e7\u00f5es da sociedade civil da&nbsp;<a href=\"https:\/\/guiame.com.br\/tudo-sobre?tag=col%C3%B4mbia\"><strong>Col\u00f4mbia<\/strong><\/a>&nbsp;comprometidas com a defesa e promo\u00e7\u00e3o da vida humana e da fam\u00edlia.<\/p>\n\n\n\n<p><img decoding=\"async\" src=\"https:\/\/thumbor.guiame.com.br\/unsafe\/smart\/https:\/\/media.guiame.com.br\/archives\/2023\/06\/07\/2811109640-.jpeg\" alt=\"\" width=\"600\"><br><sup>Milhares participaram do evento no \u00faltimo s\u00e1bado. (Foto: Reprodu\u00e7\u00e3o\/Instagram\/Unidos Por La Vida Colombia)<\/sup><\/p>\n\n\n\n<p>Adriana, que est\u00e1 gr\u00e1vida, relembrou sua participa\u00e7\u00e3o em um grupo feminista em sua cidade.&nbsp;<\/p>\n\n\n\n<p>Ela contou que as l\u00edderes do&nbsp;<a href=\"https:\/\/guiame.com.br\/busca?termo=feminista\"><strong>movimento feminista&nbsp;<\/strong><\/a>encorajavam as participantes a se sentirem atra\u00eddas por outras mulheres e a se despirem durante as manifesta\u00e7\u00f5es.<\/p>\n\n\n\n<p>Adriana afirmou que essas ideias n\u00e3o condizem com seus valores e cren\u00e7as.<\/p>\n\n\n\n<p>Segundo o Evangelico Digital News, ela nunca concordou com essas orienta\u00e7\u00f5es, pois n\u00e3o via motivo para violar sua \u201cprivacidade e dignidade\u201d.&nbsp;<\/p>\n\n\n\n<p>\u201cMilhares sa\u00edram \u00e0s ruas de Medell\u00edn neste s\u00e1bado, milhares de pessoas cansadas de esperar que outros fa\u00e7am algo pelos mais indefesos e decidiram ser a voz daqueles que outros assumiram a responsabilidade de descartar\u201d, escreveu a comunidade em seu perfil <\/p>\n\n\n\n<p><strong>Mudan\u00e7a de posicionamento<\/strong><\/p>\n\n\n\n<p>A inconformidade com as experi\u00eancias propostas nas manifesta\u00e7\u00f5es feministas a levaram a questionar sua participa\u00e7\u00e3o no movimento e finalmente abandon\u00e1-lo.<\/p>\n\n\n\n<p>Adriana destacou que discorda da posi\u00e7\u00e3o do grupo em rela\u00e7\u00e3o ao aborto, argumentando que n\u00e3o lhe parecia justo atentar contra a vida de um&nbsp;<a href=\"https:\/\/guiame.com.br\/busca?termo=pr%C3%B3-vida\"><strong>beb\u00ea inocente<\/strong><\/a>.&nbsp;<\/p>\n\n\n\n<p>\u201cAs \u00fanicas pessoas que podem defender essas crian\u00e7as s\u00e3o suas m\u00e3es, por isso considerou necess\u00e1rio abandonar o movimento\u201d, disse ela.<\/p>\n\n\n\n<p>Para Adriana, \u201ca maternidade \u00e9 uma d\u00e1diva e n\u00e3o um direito absoluto\u201d, pois h\u00e1 muitas mulheres que querem ser m\u00e3es, mas n\u00e3o conseguem engravidar.<\/p>\n\n\n\n<h6 class=\"wp-block-heading\"><strong>FONTE:<\/strong>\u00a0GUIAME, COM INFORMA\u00c7\u00d5ES DO EVANGELICO DIGITAL <strong>ATUALIZADO:\u00a0<\/strong>QUARTA-FEIRA, 7 DE JUNHO DE 2023 12:38<\/h6>\n<div class=\"jorna-rodape jorna-entity-placement\" id=\"jorna-68628211\"><div id=\"jorna-2445835165\"><a href=\"https:\/\/gkscontabilidade.com\/\" aria-label=\"GKS Contabilidade\"><img src=\"https:\/\/jornalvaleevangelico.com.br\/wp-content\/uploads\/2023\/05\/GKS-Contabilidade.jpeg\" alt=\"\"  srcset=\"https:\/\/jornalvaleevangelico.com.br\/wp-content\/uploads\/2023\/05\/GKS-Contabilidade.jpeg 1600w, https:\/\/jornalvaleevangelico.com.br\/wp-content\/uploads\/2023\/05\/GKS-Contabilidade-300x65.jpeg 300w, https:\/\/jornalvaleevangelico.com.br\/wp-content\/uploads\/2023\/05\/GKS-Contabilidade-1024x223.jpeg 1024w, https:\/\/jornalvaleevangelico.com.br\/wp-content\/uploads\/2023\/05\/GKS-Contabilidade-768x168.jpeg 768w, https:\/\/jornalvaleevangelico.com.br\/wp-content\/uploads\/2023\/05\/GKS-Contabilidade-1536x335.jpeg 1536w\" sizes=\"(max-width: 1600px) 100vw, 1600px\" width=\"1600\" height=\"349\"   \/><\/a><\/div><\/div>","protected":false},"excerpt":{"rendered":"<p>Adriana contou que as l\u00edderes do movimento feminista incentivavam as participantes a se sentirem atra\u00eddas&#8230;<\/p>\n","protected":false},"author":2,"featured_media":25082,"comment_status":"open","ping_status":"open","sticky":false,"template":"","format":"standard","meta":{"_mi_skip_tracking":false,"_monsterinsights_sitenote_active":false,"_monsterinsights_sitenote_note":"","_monsterinsights_sitenote_category":0,"footnotes":""},"categories":[8,2],"tags":[],"class_list":["post-25081","post","type-post","status-publish","format-standard","has-post-thumbnail","hentry","category-internacional","category-noticia"],"_links":{"self":[{"href":"https:\/\/jornalvaleevangelico.com.br\/index.php\/wp-json\/wp\/v2\/posts\/25081","targetHints":{"allow":["GET"]}}],"collection":[{"href":"https:\/\/jornalvaleevangelico.com.br\/index.php\/wp-json\/wp\/v2\/posts"}],"about":[{"href":"https:\/\/jornalvaleevangelico.com.br\/index.php\/wp-json\/wp\/v2\/types\/post"}],"author":[{"embeddable":true,"href":"https:\/\/jornalvaleevangelico.com.br\/index.php\/wp-json\/wp\/v2\/users\/2"}],"replies":[{"embeddable":true,"href":"https:\/\/jornalvaleevangelico.com.br\/index.php\/wp-json\/wp\/v2\/comments?post=25081"}],"version-history":[{"count":1,"href":"https:\/\/jornalvaleevangelico.com.br\/index.php\/wp-json\/wp\/v2\/posts\/25081\/revisions"}],"predecessor-version":[{"id":25083,"href":"https:\/\/jornalvaleevangelico.com.br\/index.php\/wp-json\/wp\/v2\/posts\/25081\/revisions\/25083"}],"wp:featuredmedia":[{"embeddable":true,"href":"https:\/\/jornalvaleevangelico.com.br\/index.php\/wp-json\/wp\/v2\/media\/25082"}],"wp:attachment":[{"href":"https:\/\/jornalvaleevangelico.com.br\/index.php\/wp-json\/wp\/v2\/media?parent=25081"}],"wp:term":[{"taxonomy":"category","embeddable":true,"href":"https:\/\/jornalvaleevangelico.com.br\/index.php\/wp-json\/wp\/v2\/categories?post=25081"},{"taxonomy":"post_tag","embeddable":true,"href":"https:\/\/jornalvaleevangelico.com.br\/index.php\/wp-json\/wp\/v2\/tags?post=25081"}],"curies":[{"name":"wp","href":"https:\/\/api.w.org\/{rel}","templated":true}]}}