{"id":2570,"date":"2020-11-18T09:24:36","date_gmt":"2020-11-18T12:24:36","guid":{"rendered":"http:\/\/jornalvaleevangelico.com.br\/?p=2570"},"modified":"2020-11-18T09:24:37","modified_gmt":"2020-11-18T12:24:37","slug":"pf-e-mpf-apuram-esquema-criminoso-envolvendo-desembargadores-de-minas","status":"publish","type":"post","link":"https:\/\/jornalvaleevangelico.com.br\/index.php\/2020\/11\/18\/pf-e-mpf-apuram-esquema-criminoso-envolvendo-desembargadores-de-minas\/","title":{"rendered":"PF e MPF apuram esquema criminoso envolvendo desembargadores de Minas"},"content":{"rendered":"\n<h3 class=\"wp-block-heading\">Fatos incluem pagamentos indevidos a um desembargador<\/h3>\n\n\n\n<p>O Minist\u00e9rio P\u00fablico Federal (MPF) e a Pol\u00edcia Federal (PF) cumprem, na manh\u00e3 desta quarta-feira (18), mandados de busca e apreens\u00e3o em 12 endere\u00e7os ligados a sete investigados dentro de um esquema criminoso envolvendo desembargadores do Tribunal de Justi\u00e7a de Minas Gerais (TJMG).<img decoding=\"async\" src=\"https:\/\/agenciabrasil.ebc.com.br\/ebc.png?id=1393826&amp;o=node\"><img decoding=\"async\" src=\"https:\/\/agenciabrasil.ebc.com.br\/ebc.gif?id=1393826&amp;o=node\"><\/p>\n\n\n\n<p>As medidas cautelares foram determinadas pelo ministro do Superior Tribunal de Justi\u00e7a (STJ), Jorge Mussi, que tamb\u00e9m acatou pedido do MPF e determinou o desmembramento do caso para que tr\u00eas fatos mencionados nas investiga\u00e7\u00f5es preliminares passem a ser apurados na primeira inst\u00e2ncia da justi\u00e7a estadual.<\/p>\n\n\n\n<p>A investiga\u00e7\u00e3o come\u00e7ou a partir provas recolhidas no \u00e2mbito da Opera\u00e7\u00e3o Capitu. Ao analisar o material apreendido naquela oportunidade, os investigadores identificaram mensagens no telefone celular de um advogado, que indicavam a pr\u00e1tica de diversos delitos, sendo alguns com participa\u00e7\u00e3o de desembargadores do TJMG.<\/p>\n\n\n\n<p>A descoberta fez com que o caso fosse enviado ao STJ, foro para o julgamento de processos contra magistrados de segunda inst\u00e2ncia. Al\u00e9m da capital mineira, est\u00e3o sendo cumpridos mandados de busca e apreens\u00e3o na cidade de S\u00e3o Paulo.<\/p>\n\n\n\n<h2 class=\"wp-block-heading\">Cautelares<\/h2>\n\n\n\n<p>Ao justificar a necessidade das cautelares, a subprocuradora-geral da Rep\u00fablica, Lind\u00f4ra Ara\u00fajo, destacou o fato de a autoridade policial ter listado 17 eventos que, conforme avalia\u00e7\u00e3o pr\u00e9via, deveriam ser apurados no STJ.&nbsp;<\/p>\n\n\n\n<p>Os fatos incluem pagamentos indevidos a um desembargador para que ele pudesse intervir junto a colegas e at\u00e9 junto a autoridades de \u00f3rg\u00e3os fora do Judici\u00e1rio para a ado\u00e7\u00e3o de medidas de interesse dos envolvidos no esquema. Tamb\u00e9m revelam a exist\u00eancia de contratos superfaturados de presta\u00e7\u00e3o de servi\u00e7os por um advogado, que seria o principal operador do grupo.<\/p>\n\n\n\n<p>\u201cNo pedido, a subprocuradora apresenta extenso material probat\u00f3rio, incluindo transcri\u00e7\u00f5es de mensagens entre os envolvidos, que evidenciam, entre outras irregularidades, conluio entre um desembargador e um advogado. As conversas tratavam de estrat\u00e9gias jur\u00eddicas para, por exemplo, adiar o julgamento de processos na Corte, pedido de interfer\u00eancia em demandas junto ao Executivo e at\u00e9 solicita\u00e7\u00e3o de reajuste salarial para uma sobrinha de um desembargador, que trabalhava para um dos grupos empresariais beneficiado pelo esquema. Pela decis\u00e3o, tr\u00eas dos 17 eventos passam a ser apurados em Minas Gerais\u201d, revelou o MPF.<\/p>\n\n\n\n<h6 class=\"wp-block-heading\">Edi\u00e7\u00e3o: Kleber Sampaio Publicado em 18\/11\/2020 &#8211; 07:38 Por Karine Melo &#8211; Rep\u00f3rter da Ag\u00eancia Brasil &#8211; Bras\u00edlia<\/h6>\n<div class=\"jorna-rodape jorna-entity-placement\" id=\"jorna-2606394965\"><div id=\"jorna-695007320\"><a href=\"https:\/\/gkscontabilidade.com\/\" aria-label=\"GKS Contabilidade\"><img src=\"https:\/\/jornalvaleevangelico.com.br\/wp-content\/uploads\/2023\/05\/GKS-Contabilidade.jpeg\" alt=\"\"  srcset=\"https:\/\/jornalvaleevangelico.com.br\/wp-content\/uploads\/2023\/05\/GKS-Contabilidade.jpeg 1600w, https:\/\/jornalvaleevangelico.com.br\/wp-content\/uploads\/2023\/05\/GKS-Contabilidade-300x65.jpeg 300w, https:\/\/jornalvaleevangelico.com.br\/wp-content\/uploads\/2023\/05\/GKS-Contabilidade-1024x223.jpeg 1024w, https:\/\/jornalvaleevangelico.com.br\/wp-content\/uploads\/2023\/05\/GKS-Contabilidade-768x168.jpeg 768w, https:\/\/jornalvaleevangelico.com.br\/wp-content\/uploads\/2023\/05\/GKS-Contabilidade-1536x335.jpeg 1536w\" sizes=\"(max-width: 1600px) 100vw, 1600px\" width=\"1600\" height=\"349\"   \/><\/a><\/div><\/div>","protected":false},"excerpt":{"rendered":"<p>Fatos incluem pagamentos indevidos a um desembargador O Minist\u00e9rio P\u00fablico Federal (MPF) e a Pol\u00edcia&#8230;<\/p>\n","protected":false},"author":2,"featured_media":2571,"comment_status":"open","ping_status":"open","sticky":false,"template":"","format":"standard","meta":{"_mi_skip_tracking":false,"_monsterinsights_sitenote_active":false,"_monsterinsights_sitenote_note":"","_monsterinsights_sitenote_category":0,"footnotes":""},"categories":[2],"tags":[],"class_list":["post-2570","post","type-post","status-publish","format-standard","has-post-thumbnail","hentry","category-noticia"],"_links":{"self":[{"href":"https:\/\/jornalvaleevangelico.com.br\/index.php\/wp-json\/wp\/v2\/posts\/2570","targetHints":{"allow":["GET"]}}],"collection":[{"href":"https:\/\/jornalvaleevangelico.com.br\/index.php\/wp-json\/wp\/v2\/posts"}],"about":[{"href":"https:\/\/jornalvaleevangelico.com.br\/index.php\/wp-json\/wp\/v2\/types\/post"}],"author":[{"embeddable":true,"href":"https:\/\/jornalvaleevangelico.com.br\/index.php\/wp-json\/wp\/v2\/users\/2"}],"replies":[{"embeddable":true,"href":"https:\/\/jornalvaleevangelico.com.br\/index.php\/wp-json\/wp\/v2\/comments?post=2570"}],"version-history":[{"count":1,"href":"https:\/\/jornalvaleevangelico.com.br\/index.php\/wp-json\/wp\/v2\/posts\/2570\/revisions"}],"predecessor-version":[{"id":2572,"href":"https:\/\/jornalvaleevangelico.com.br\/index.php\/wp-json\/wp\/v2\/posts\/2570\/revisions\/2572"}],"wp:featuredmedia":[{"embeddable":true,"href":"https:\/\/jornalvaleevangelico.com.br\/index.php\/wp-json\/wp\/v2\/media\/2571"}],"wp:attachment":[{"href":"https:\/\/jornalvaleevangelico.com.br\/index.php\/wp-json\/wp\/v2\/media?parent=2570"}],"wp:term":[{"taxonomy":"category","embeddable":true,"href":"https:\/\/jornalvaleevangelico.com.br\/index.php\/wp-json\/wp\/v2\/categories?post=2570"},{"taxonomy":"post_tag","embeddable":true,"href":"https:\/\/jornalvaleevangelico.com.br\/index.php\/wp-json\/wp\/v2\/tags?post=2570"}],"curies":[{"name":"wp","href":"https:\/\/api.w.org\/{rel}","templated":true}]}}