{"id":27135,"date":"2023-08-19T11:05:37","date_gmt":"2023-08-19T14:05:37","guid":{"rendered":"https:\/\/jornalvaleevangelico.com.br\/?p=27135"},"modified":"2023-08-19T11:05:41","modified_gmt":"2023-08-19T14:05:41","slug":"presidente-eleito-do-paraguai-reabrira-embaixada-em-jerusalem","status":"publish","type":"post","link":"https:\/\/jornalvaleevangelico.com.br\/index.php\/2023\/08\/19\/presidente-eleito-do-paraguai-reabrira-embaixada-em-jerusalem\/","title":{"rendered":"Presidente eleito do Paraguai reabrir\u00e1 embaixada em Jerusal\u00e9m"},"content":{"rendered":"\n<h2 class=\"wp-block-heading\">An\u00fancio foi feito pelo diplomata israelense Eli Cohen, ap\u00f3s encontro com Santiago Pe\u00f1a na cerim\u00f4nia de posse.<\/h2>\n\n\n\n<p>O\u00a0<strong><a href=\"https:\/\/guiame.com.br\/gospel\/missoes-acao-social\/800-policiais-no-paraguai-sao-alcancados-pela-mensagem-do-evangelho.html\">Paraguai<\/a><\/strong>\u00a0reabrir\u00e1 a embaixada do pa\u00eds em Jerusal\u00e9m, anunciou o ministro das Rela\u00e7\u00f5es Exteriores de Israel, Eli Cohen na quarta-feira (16), encerrando ostensivamente uma divis\u00e3o iniciada cinco anos antes.<\/p>\n\n\n\n<p>Cohen fez o an\u00fancio ap\u00f3s uma breve reuni\u00e3o com o novo presidente do Paraguai, Santiago Pe\u00f1a, ap\u00f3s sua posse na ter\u00e7a-feira.<\/p>\n\n\n\n<p>\u201cContinuamos fortalecendo o status internacional de Jerusal\u00e9m como a capital eterna do Estado de Israel\u201d, disse Cohen.<\/p>\n\n\n\n<p>O ministro disse ainda que convidou o presidente eleito para visitar&nbsp;<strong><a href=\"https:\/\/guiame.com.br\/gospel\/israel\/lider-terrorista-do-hezbollah-ameaca-israel-o-estado-judeu-deixara-de-existir.html\">Israel<\/a><\/strong>&nbsp;dentro de um ano para dedicar a nova miss\u00e3o e Pe\u00f1a aceitou.<\/p>\n\n\n\n<p>\u201cA abertura da embaixada do Paraguai em Jerusal\u00e9m junto com a embaixada de Israel em Assun\u00e7\u00e3o fortalecer\u00e1 a posi\u00e7\u00e3o regional e internacional de Israel, bem como os importantes la\u00e7os entre os pa\u00edses. Continuaremos e fortaleceremos a importante conex\u00e3o hist\u00f3rica com os pa\u00edses da&nbsp;<strong><a href=\"https:\/\/guiame.com.br\/gospel\/mundo-cristao\/1-cada-15-cristaos-na-america-latina-e-perseguido-por-causa-de-sua-fe.html\">Am\u00e9rica Latina<\/a><\/strong>, que h\u00e1 muito defendem o Estado de Israel e o povo judeu\u201d, disse Cohen.<\/p>\n\n\n\n<p><strong>Reivindica\u00e7\u00e3o de Israel<\/strong><\/p>\n\n\n\n<p>Se a inten\u00e7\u00e3o de Pe\u00f1a se concretizar, o Paraguai ser\u00e1 o quinto pa\u00eds a abrir uma embaixada em Jerusal\u00e9m, depois de Kosovo, Honduras, Guatemala e Estados Unidos.<\/p>\n\n\n\n<p>Para Israel, as medidas refor\u00e7am a reivindica\u00e7\u00e3o da cidade como sua capital, embora a maioria dos pa\u00edses mantenham suas embaixadas em Tel Aviv ou ao redor da cidade.<\/p>\n\n\n\n<p>Em 2018, o ex-presidente do Paraguai, Horacio Cartes, anunciou que seu pa\u00eds abriria uma embaixada em Jerusal\u00e9m, seguindo movimentos semelhantes dos EUA e da Guatemala.<\/p>\n\n\n\n<p>No entanto, a embaixada foi transferida de volta para Tel Aviv ap\u00f3s apenas cinco meses em que sucessor o Cartes, Abdo Benitez, que disse n\u00e3o ter sido consultado na decis\u00e3o original e indicou que prejudicou os esfor\u00e7os para manter uma abordagem mais neutra do conflito israelense-palestino.<\/p>\n\n\n\n<p><strong>Cerim\u00f4nia de posse<\/strong><\/p>\n\n\n\n<p>Economista, Pe\u00f1a venceu com folga a elei\u00e7\u00e3o no in\u00edcio deste ano, mantendo o Partido Colorado no poder por mais cinco anos.<\/p>\n\n\n\n<p>Pe\u00f1a, de 44 anos, tornou-se o governante mais jovem da era democr\u00e1tica no Paraguai e \u00e9 considerado o herdeiro de Cartes, que tomou a decis\u00e3o inicial da embaixada do pa\u00eds em Jerusal\u00e9m h\u00e1 cinco anos.<\/p>\n\n\n\n<p>Na cerim\u00f4nia de posse, o novo presidente prestou juramento do lado de fora do pal\u00e1cio do governo em Assun\u00e7\u00e3o com a presen\u00e7a de v\u00e1rios l\u00edderes regionais, incluindo Cohen, que conheceu brevemente o novo l\u00edder do Paraguai, disse o Minist\u00e9rio das Rela\u00e7\u00f5es Exteriores.<\/p>\n\n\n\n<p>N\u00e3o houve nenhuma palavra imediata de Pe\u00f1a ou de seu gabinete confirmando que ele havia decidido manter a promessa de campanha de devolver a embaixada de seu pa\u00eds a Jerusal\u00e9m.<\/p>\n\n\n\n<p>Israel n\u00e3o anunciou um cronograma para a reabertura da embaixada em Assun\u00e7\u00e3o.<\/p>\n\n\n\n<p><strong>Comunidade internacional<\/strong><\/p>\n\n\n\n<p>Jerusal\u00e9m, incluindo sua por\u00e7\u00e3o Oriental anexada em 1980, \u00e9 considerada por Israel como sua capital.<\/p>\n\n\n\n<p>No entanto, a maior parte da comunidade internacional n\u00e3o reconhece essa altera\u00e7\u00e3o e defende que os limites definitivos da cidade deveriam ser determinados por meio de negocia\u00e7\u00f5es com os palestinos.<\/p>\n\n\n\n<p>Embora Israel mantenha rela\u00e7\u00f5es diplom\u00e1ticas com quase 100 na\u00e7\u00f5es, todas elas mant\u00eam suas embaixadas em Tel Aviv.<\/p>\n\n\n\n<h6 class=\"wp-block-heading\"><strong>FONTE:<\/strong>\u00a0GUIAME, COM INFORMA\u00c7\u00d5ES DO TIMES OF ISRAEL <strong>ATUALIZADO:\u00a0<\/strong>SEXTA-FEIRA, 18 DE AGOSTO DE 2023 13:00<\/h6>\n<div class=\"jorna-rodape jorna-entity-placement\" id=\"jorna-52057138\"><div id=\"jorna-3312553937\"><a href=\"https:\/\/gkscontabilidade.com\/\" aria-label=\"GKS Contabilidade\"><img src=\"https:\/\/jornalvaleevangelico.com.br\/wp-content\/uploads\/2023\/05\/GKS-Contabilidade.jpeg\" alt=\"\"  srcset=\"https:\/\/jornalvaleevangelico.com.br\/wp-content\/uploads\/2023\/05\/GKS-Contabilidade.jpeg 1600w, https:\/\/jornalvaleevangelico.com.br\/wp-content\/uploads\/2023\/05\/GKS-Contabilidade-300x65.jpeg 300w, https:\/\/jornalvaleevangelico.com.br\/wp-content\/uploads\/2023\/05\/GKS-Contabilidade-1024x223.jpeg 1024w, https:\/\/jornalvaleevangelico.com.br\/wp-content\/uploads\/2023\/05\/GKS-Contabilidade-768x168.jpeg 768w, https:\/\/jornalvaleevangelico.com.br\/wp-content\/uploads\/2023\/05\/GKS-Contabilidade-1536x335.jpeg 1536w\" sizes=\"(max-width: 1600px) 100vw, 1600px\" width=\"1600\" height=\"349\"   \/><\/a><\/div><\/div>","protected":false},"excerpt":{"rendered":"<p>An\u00fancio foi feito pelo diplomata israelense Eli Cohen, ap\u00f3s encontro com Santiago Pe\u00f1a na cerim\u00f4nia&#8230;<\/p>\n","protected":false},"author":2,"featured_media":27136,"comment_status":"open","ping_status":"open","sticky":false,"template":"","format":"standard","meta":{"_mi_skip_tracking":false,"_monsterinsights_sitenote_active":false,"_monsterinsights_sitenote_note":"","_monsterinsights_sitenote_category":0,"footnotes":""},"categories":[8,2,13],"tags":[],"class_list":["post-27135","post","type-post","status-publish","format-standard","has-post-thumbnail","hentry","category-internacional","category-noticia","category-politica"],"_links":{"self":[{"href":"https:\/\/jornalvaleevangelico.com.br\/index.php\/wp-json\/wp\/v2\/posts\/27135","targetHints":{"allow":["GET"]}}],"collection":[{"href":"https:\/\/jornalvaleevangelico.com.br\/index.php\/wp-json\/wp\/v2\/posts"}],"about":[{"href":"https:\/\/jornalvaleevangelico.com.br\/index.php\/wp-json\/wp\/v2\/types\/post"}],"author":[{"embeddable":true,"href":"https:\/\/jornalvaleevangelico.com.br\/index.php\/wp-json\/wp\/v2\/users\/2"}],"replies":[{"embeddable":true,"href":"https:\/\/jornalvaleevangelico.com.br\/index.php\/wp-json\/wp\/v2\/comments?post=27135"}],"version-history":[{"count":1,"href":"https:\/\/jornalvaleevangelico.com.br\/index.php\/wp-json\/wp\/v2\/posts\/27135\/revisions"}],"predecessor-version":[{"id":27137,"href":"https:\/\/jornalvaleevangelico.com.br\/index.php\/wp-json\/wp\/v2\/posts\/27135\/revisions\/27137"}],"wp:featuredmedia":[{"embeddable":true,"href":"https:\/\/jornalvaleevangelico.com.br\/index.php\/wp-json\/wp\/v2\/media\/27136"}],"wp:attachment":[{"href":"https:\/\/jornalvaleevangelico.com.br\/index.php\/wp-json\/wp\/v2\/media?parent=27135"}],"wp:term":[{"taxonomy":"category","embeddable":true,"href":"https:\/\/jornalvaleevangelico.com.br\/index.php\/wp-json\/wp\/v2\/categories?post=27135"},{"taxonomy":"post_tag","embeddable":true,"href":"https:\/\/jornalvaleevangelico.com.br\/index.php\/wp-json\/wp\/v2\/tags?post=27135"}],"curies":[{"name":"wp","href":"https:\/\/api.w.org\/{rel}","templated":true}]}}