{"id":33385,"date":"2024-04-02T11:13:08","date_gmt":"2024-04-02T14:13:08","guid":{"rendered":"https:\/\/jornalvaleevangelico.com.br\/?p=33385"},"modified":"2024-04-02T11:13:08","modified_gmt":"2024-04-02T14:13:08","slug":"pastor-ameacado-de-morte-em-culto-de-pascoa-se-recusa-a-parar-vou-servir-ao-senhor","status":"publish","type":"post","link":"https:\/\/jornalvaleevangelico.com.br\/index.php\/2024\/04\/02\/pastor-ameacado-de-morte-em-culto-de-pascoa-se-recusa-a-parar-vou-servir-ao-senhor\/","title":{"rendered":"Pastor amea\u00e7ado de morte em culto de P\u00e1scoa se recusa a parar: \u201cVou servir ao Senhor\u201d"},"content":{"rendered":"\n<h2 class=\"wp-block-heading\">Extremistas religiosos disseram que o pastor destru\u00eda a harmonia da vila ao ensinar sobre um Deus estrangeiro.<\/h2>\n\n\n\n<p>Hari Rana (nome fict\u00edcio por motivos de seguran\u00e7a) \u00e9 pastor\u00a0<a href=\"https:\/\/guiame.com.br\/gospel\/missoes-acao-social\/igreja-na-india-e-atacada-pedradas-por-grupo-de-200-pessoas.html\"><strong>na \u00cdndia<\/strong><\/a>\u00a0e serve numa vila onde o cristianismo n\u00e3o \u00e9 aceito. Desde que ele se decidiu por Cristo, vem enfrentando\u00a0<a href=\"https:\/\/guiame.com.br\/gospel\/missoes-acao-social\/cristaos-enfrentam-violencia-extrema-na-india-manipur-cheira-sangue.html\"><strong>grande oposi\u00e7\u00e3o<\/strong><\/a>\u00a0por parte da comunidade local.\u00a0<\/p>\n\n\n\n<p>O pastor j\u00e1 foi preso duas vezes, mas disse que n\u00e3o imaginava que o pior ainda estava por vir. \u201cDurante nosso culto de P\u00e1scoa, extremistas religiosos e a pol\u00edcia invadiram a igreja. Eles nos amea\u00e7aram e disseram que todos seriam presos\u201d, compartilhou conforme a Portas Abertas.&nbsp;<\/p>\n\n\n\n<p>Na delegacia, Hari foi interrogado junto com os outros membros que foram presos. \u201cEnquanto era interrogado, os extremistas n\u00e3o s\u00f3 estavam presentes, mas pressionavam os policiais a se oporem a n\u00f3s\u201d, disse.&nbsp;<\/p>\n\n\n\n<p>\u201cOs oficiais nos perguntaram: Quem deu a voc\u00eas o direito de fazer isso? Eu respondi: A Constitui\u00e7\u00e3o indiana, minha B\u00edblia e o Deus que eu adoro\u201d, compartilhou ao explicar \u00e0s autoridades que nunca for\u00e7ou ningu\u00e9m a aceitar Jesus e que as pessoas ouvem sua prega\u00e7\u00e3o e v\u00e3o \u00e0 igreja quando aceitam.&nbsp;<\/p>\n\n\n\n<p><strong>Igreja \u00e9 fechada e lacrada<\/strong><\/p>\n\n\n\n<p>Segundo a Portas Abertas, a pol\u00edcia n\u00e3o se importou com as explica\u00e7\u00f5es do pastor Hari. \u201cEles continuaram alegando que eu destru\u00eda a harmonia da vila ao ensinar sobre um Deus estrangeiro\u201d, continuou ele.&nbsp;<\/p>\n\n\n\n<p>\u201cEles me disseram duramente para n\u00e3o realizar mais cultos na igreja. Os extremistas que estavam l\u00e1 amea\u00e7aram me matar, em frente aos policiais. Depois disso, a pol\u00edcia fechou e lacrou a igreja\u201d, disse ainda.&nbsp;<\/p>\n\n\n\n<p>Hari tentou de tudo, mas n\u00e3o teve permiss\u00e3o para continuar realizando os cultos na igreja e a \u00fanica solu\u00e7\u00e3o ser\u00e1 se reunir de forma secreta, em pequenos grupos, nas casas dos fieis.&nbsp;<\/p>\n\n\n\n<p>Hari deixou claro que, mesmo sob amea\u00e7a de morte, vai continuar firme em sua f\u00e9: \u201cVou continuar servindo ao Senhor. Cristo me deu sua vida e todos esses anos me protegeu das amea\u00e7as. Sei que ainda h\u00e1 muito trabalho a ser realizado no Reino de Deus\u201d, concluiu.\u00a0<\/p>\n\n\n\n<h6 class=\"wp-block-heading\"><strong>FONTE:<\/strong>\u00a0GUIAME, COM INFORMA\u00c7\u00d5ES DA PORTAS ABERTAS <strong>ATUALIZADO:\u00a0<\/strong>SEGUNDA-FEIRA, 1 DE ABRIL DE 2024 14:46<\/h6>\n<div class=\"jorna-rodape jorna-entity-placement\" id=\"jorna-3322027185\"><div id=\"jorna-1373052394\"><a href=\"https:\/\/gkscontabilidade.com\/\" aria-label=\"GKS Contabilidade\"><img src=\"https:\/\/jornalvaleevangelico.com.br\/wp-content\/uploads\/2023\/05\/GKS-Contabilidade.jpeg\" alt=\"\"  srcset=\"https:\/\/jornalvaleevangelico.com.br\/wp-content\/uploads\/2023\/05\/GKS-Contabilidade.jpeg 1600w, https:\/\/jornalvaleevangelico.com.br\/wp-content\/uploads\/2023\/05\/GKS-Contabilidade-300x65.jpeg 300w, https:\/\/jornalvaleevangelico.com.br\/wp-content\/uploads\/2023\/05\/GKS-Contabilidade-1024x223.jpeg 1024w, https:\/\/jornalvaleevangelico.com.br\/wp-content\/uploads\/2023\/05\/GKS-Contabilidade-768x168.jpeg 768w, https:\/\/jornalvaleevangelico.com.br\/wp-content\/uploads\/2023\/05\/GKS-Contabilidade-1536x335.jpeg 1536w\" sizes=\"(max-width: 1600px) 100vw, 1600px\" width=\"1600\" height=\"349\"   \/><\/a><\/div><\/div>","protected":false},"excerpt":{"rendered":"<p>Extremistas religiosos disseram que o pastor destru\u00eda a harmonia da vila ao ensinar sobre um&#8230;<\/p>\n","protected":false},"author":2,"featured_media":33386,"comment_status":"open","ping_status":"open","sticky":false,"template":"","format":"standard","meta":{"_mi_skip_tracking":false,"_monsterinsights_sitenote_active":false,"_monsterinsights_sitenote_note":"","_monsterinsights_sitenote_category":0,"footnotes":""},"categories":[8,7,15,6],"tags":[],"class_list":["post-33385","post","type-post","status-publish","format-standard","has-post-thumbnail","hentry","category-internacional","category-missoes","category-mundo-cristao","category-testemunho"],"_links":{"self":[{"href":"https:\/\/jornalvaleevangelico.com.br\/index.php\/wp-json\/wp\/v2\/posts\/33385","targetHints":{"allow":["GET"]}}],"collection":[{"href":"https:\/\/jornalvaleevangelico.com.br\/index.php\/wp-json\/wp\/v2\/posts"}],"about":[{"href":"https:\/\/jornalvaleevangelico.com.br\/index.php\/wp-json\/wp\/v2\/types\/post"}],"author":[{"embeddable":true,"href":"https:\/\/jornalvaleevangelico.com.br\/index.php\/wp-json\/wp\/v2\/users\/2"}],"replies":[{"embeddable":true,"href":"https:\/\/jornalvaleevangelico.com.br\/index.php\/wp-json\/wp\/v2\/comments?post=33385"}],"version-history":[{"count":1,"href":"https:\/\/jornalvaleevangelico.com.br\/index.php\/wp-json\/wp\/v2\/posts\/33385\/revisions"}],"predecessor-version":[{"id":33387,"href":"https:\/\/jornalvaleevangelico.com.br\/index.php\/wp-json\/wp\/v2\/posts\/33385\/revisions\/33387"}],"wp:featuredmedia":[{"embeddable":true,"href":"https:\/\/jornalvaleevangelico.com.br\/index.php\/wp-json\/wp\/v2\/media\/33386"}],"wp:attachment":[{"href":"https:\/\/jornalvaleevangelico.com.br\/index.php\/wp-json\/wp\/v2\/media?parent=33385"}],"wp:term":[{"taxonomy":"category","embeddable":true,"href":"https:\/\/jornalvaleevangelico.com.br\/index.php\/wp-json\/wp\/v2\/categories?post=33385"},{"taxonomy":"post_tag","embeddable":true,"href":"https:\/\/jornalvaleevangelico.com.br\/index.php\/wp-json\/wp\/v2\/tags?post=33385"}],"curies":[{"name":"wp","href":"https:\/\/api.w.org\/{rel}","templated":true}]}}