{"id":34402,"date":"2024-06-05T13:41:39","date_gmt":"2024-06-05T16:41:39","guid":{"rendered":"https:\/\/jornalvaleevangelico.com.br\/?p=34402"},"modified":"2024-06-05T13:54:01","modified_gmt":"2024-06-05T16:54:01","slug":"lideres-evangelicos-brasileiros-sao-recebidos-por-presidente-de-israel","status":"publish","type":"post","link":"https:\/\/jornalvaleevangelico.com.br\/index.php\/2024\/06\/05\/lideres-evangelicos-brasileiros-sao-recebidos-por-presidente-de-israel\/","title":{"rendered":"L\u00edderes evang\u00e9licos brasileiros s\u00e3o recebidos por presidente de Israel"},"content":{"rendered":"\n<h2 class=\"wp-block-heading\">Comitiva foi recebida pelo presidente Isaac Herzog e sua esposa, que agradeceu \u00e0 visita de solidariedade falando em portugu\u00eas.<\/h2>\n\n\n\n<p>Um grupo de&nbsp;<strong><a href=\"https:\/\/guiame.com.br\/gospel\/israel\/lideres-cristaos-lamentam-fala-de-lula-sobre-israel-ha-uma-repercussao-espiritual.html\">l\u00edderes evang\u00e9licos brasileiros<\/a><\/strong>&nbsp;esteve em visita a Israel onde foi recebido pelo presidente do pa\u00eds, Isaac Herzog, nesta ter\u00e7a-feira (4).<\/p>\n\n\n\n<p>A comitiva estava composta pelo ap\u00f3stolo Estevam Hernandes e Bispa Sonia Hernandes (Igreja Renascer), o pastor Edson Rebustini e Wesley Rebustini (Igreja B\u00edblica da Paz), entre outros.<\/p>\n\n\n\n<p>O grupo viajou a&nbsp;<strong><a href=\"https:\/\/guiame.com.br\/gospel\/israel\/israel-diz-que-mais-de-um-terco-dos-refens-de-gaza-estao-mortos.html\">Israel<\/a><\/strong>&nbsp;para manifestar solidariedade ao pa\u00eds em resposta aos ataques terroristas perpetrados pelo Hamas em&nbsp;<strong><a href=\"https:\/\/guiame.com.br\/gospel\/israel\/estamos-em-guerra-israel-sofre-ataque-ao-fim-da-festa-dos-tabernaculos.html\">7 de outubro<\/a><\/strong>&nbsp;passado.<\/p>\n\n\n\n<p>O presidente israelense expressou sua gratid\u00e3o pelo apoio recebido, enquanto sua esposa, Michal Herzog, falou em portugu\u00eas sobre a import\u00e2ncia da iniciativa &#8220;em um momento t\u00e3o dif\u00edcil para o povo israelense&#8221;.<\/p>\n\n\n\n<p>\u201cOs povos do Brasil e de Israel s\u00e3o irm\u00e3os. No Brasil e pelo mundo vemos irm\u00e3os e irm\u00e3s da comunidade crist\u00e3 que entendem que fomos atacados por terroristas e estamos lutando contra for\u00e7as do mal\u201d, disse o presidente de Israel.<\/p>\n\n\n\n<p>\u201cQueremos mandar uma mensagem para nossos irm\u00e3os de todas as igrejas: n\u00f3s amamos voc\u00eas e queremos v\u00ea-los aqui na Terra Santa. Amamos os brasileiros e desejamos o melhor a todos os brasileiros. Shalom\u201d, disse Herzog.<\/p>\n\n\n\n<p><strong>Solidariedade<\/strong><\/p>\n\n\n\n<p>No encontro, o l\u00edder da Igreja Renascer tamb\u00e9m discursou, afirmando: \u201c\u00c9 muito importante entendermos essas palavras t\u00e3o profundas que o presidente acabou de falar, porque realmente temos uma alian\u00e7a entre Brasil e Israel\u201d.<\/p>\n\n\n\n<p>E continuou: \u201cN\u00f3s amamos Israel, oramos por Israel, e queremos que essa alian\u00e7a jamais seja rompida\u201d, complementou Estevam Hernandes.<\/p>\n\n\n\n<p>A viagem dos l\u00edderes evang\u00e9licos \u00e9 uma miss\u00e3o de solidariedade ao Estado judeu em resposta aos ataques brutais ocorridos em 7 de outubro de 2023.<\/p>\n\n\n\n<p>Os conflitos iniciados ap\u00f3s o ataque do Hamas em solo israelense tamb\u00e9m desencadearam ataques cont\u00ednuos de outros grupos terroristas nas regi\u00f5es Norte e Sul do pa\u00eds.<\/p>\n\n\n\n<p>Desde ent\u00e3o, os judeus t\u00eam sofrido hostilidades com aumento de&nbsp;<strong><a href=\"https:\/\/guiame.com.br\/gospel\/israel\/casos-de-antissemitismo-quadruplicaram-no-brasil-segundo-analise.html\">antissemitismo<\/a><\/strong>&nbsp;em diversos pa\u00edses, como nos EUA e Brasil, e na Europa.<\/p>\n\n\n\n<p>Assista:<\/p>\n\n\n\n<figure class=\"wp-block-embed is-type-video is-provider-youtube wp-block-embed-youtube wp-embed-aspect-16-9 wp-has-aspect-ratio\"><div class=\"wp-block-embed__wrapper\">\n<iframe title=\"Comitiva de evang\u00e9licos visita o presidente de Israel\" width=\"640\" height=\"360\" src=\"https:\/\/www.youtube.com\/embed\/6lXIVqVc2v0?feature=oembed\" frameborder=\"0\" allow=\"accelerometer; autoplay; clipboard-write; encrypted-media; gyroscope; picture-in-picture; web-share\" referrerpolicy=\"strict-origin-when-cross-origin\" allowfullscreen><\/iframe>\n<\/div><\/figure>\n\n\n\n<h6 class=\"wp-block-heading\"><strong>FONTE:<\/strong>\u00a0GUIAME, COM INFORMA\u00c7\u00d5ES DA FOLHA DE S.PAULO <strong>ATUALIZADO:\u00a0<\/strong>QUARTA-FEIRA, 5 DE JUNHO DE 2024 09:47<\/h6>\n<div class=\"jorna-rodape jorna-entity-placement\" id=\"jorna-1162371956\"><div id=\"jorna-3538770130\"><a href=\"https:\/\/gkscontabilidade.com\/\" aria-label=\"GKS Contabilidade\"><img src=\"https:\/\/jornalvaleevangelico.com.br\/wp-content\/uploads\/2023\/05\/GKS-Contabilidade.jpeg\" alt=\"\"  srcset=\"https:\/\/jornalvaleevangelico.com.br\/wp-content\/uploads\/2023\/05\/GKS-Contabilidade.jpeg 1600w, https:\/\/jornalvaleevangelico.com.br\/wp-content\/uploads\/2023\/05\/GKS-Contabilidade-300x65.jpeg 300w, https:\/\/jornalvaleevangelico.com.br\/wp-content\/uploads\/2023\/05\/GKS-Contabilidade-1024x223.jpeg 1024w, https:\/\/jornalvaleevangelico.com.br\/wp-content\/uploads\/2023\/05\/GKS-Contabilidade-768x168.jpeg 768w, https:\/\/jornalvaleevangelico.com.br\/wp-content\/uploads\/2023\/05\/GKS-Contabilidade-1536x335.jpeg 1536w\" sizes=\"(max-width: 1600px) 100vw, 1600px\" width=\"1600\" height=\"349\"   \/><\/a><\/div><\/div>","protected":false},"excerpt":{"rendered":"<p>Comitiva foi recebida pelo presidente Isaac Herzog e sua esposa, que agradeceu \u00e0 visita de&#8230;<\/p>\n","protected":false},"author":2,"featured_media":34405,"comment_status":"open","ping_status":"open","sticky":false,"template":"","format":"standard","meta":{"_mi_skip_tracking":false,"_monsterinsights_sitenote_active":false,"_monsterinsights_sitenote_note":"","_monsterinsights_sitenote_category":0,"footnotes":""},"categories":[15,2],"tags":[],"class_list":["post-34402","post","type-post","status-publish","format-standard","has-post-thumbnail","hentry","category-mundo-cristao","category-noticia"],"_links":{"self":[{"href":"https:\/\/jornalvaleevangelico.com.br\/index.php\/wp-json\/wp\/v2\/posts\/34402","targetHints":{"allow":["GET"]}}],"collection":[{"href":"https:\/\/jornalvaleevangelico.com.br\/index.php\/wp-json\/wp\/v2\/posts"}],"about":[{"href":"https:\/\/jornalvaleevangelico.com.br\/index.php\/wp-json\/wp\/v2\/types\/post"}],"author":[{"embeddable":true,"href":"https:\/\/jornalvaleevangelico.com.br\/index.php\/wp-json\/wp\/v2\/users\/2"}],"replies":[{"embeddable":true,"href":"https:\/\/jornalvaleevangelico.com.br\/index.php\/wp-json\/wp\/v2\/comments?post=34402"}],"version-history":[{"count":1,"href":"https:\/\/jornalvaleevangelico.com.br\/index.php\/wp-json\/wp\/v2\/posts\/34402\/revisions"}],"predecessor-version":[{"id":34406,"href":"https:\/\/jornalvaleevangelico.com.br\/index.php\/wp-json\/wp\/v2\/posts\/34402\/revisions\/34406"}],"wp:featuredmedia":[{"embeddable":true,"href":"https:\/\/jornalvaleevangelico.com.br\/index.php\/wp-json\/wp\/v2\/media\/34405"}],"wp:attachment":[{"href":"https:\/\/jornalvaleevangelico.com.br\/index.php\/wp-json\/wp\/v2\/media?parent=34402"}],"wp:term":[{"taxonomy":"category","embeddable":true,"href":"https:\/\/jornalvaleevangelico.com.br\/index.php\/wp-json\/wp\/v2\/categories?post=34402"},{"taxonomy":"post_tag","embeddable":true,"href":"https:\/\/jornalvaleevangelico.com.br\/index.php\/wp-json\/wp\/v2\/tags?post=34402"}],"curies":[{"name":"wp","href":"https:\/\/api.w.org\/{rel}","templated":true}]}}