{"id":34410,"date":"2024-06-05T14:07:34","date_gmt":"2024-06-05T17:07:34","guid":{"rendered":"https:\/\/jornalvaleevangelico.com.br\/?p=34410"},"modified":"2024-06-05T14:07:40","modified_gmt":"2024-06-05T17:07:40","slug":"nikolas-enfrenta-janones-maior-divulgador-de-mentiras","status":"publish","type":"post","link":"https:\/\/jornalvaleevangelico.com.br\/index.php\/2024\/06\/05\/nikolas-enfrenta-janones-maior-divulgador-de-mentiras\/","title":{"rendered":"Nikolas enfrenta Janones: \u201cMaior divulgador de mentiras\u201d"},"content":{"rendered":"\n<h2 class=\"wp-block-heading\">Andr\u00e9 Janones passa pelo Conselho de \u00c9tica por suspeita de &#8220;rachadinha&#8221;<\/h2>\n\n\n\n<p>O deputado federal Nikolas Ferreira (PL-MG) enfrentou o deputado Andr\u00e9 Janones (Avante-MG), durante sess\u00e3o do Conselho de \u00c9tica da C\u00e2mara dos Deputados, nesta quarta-feira (5). Janones \u00e9 justamente o foco da sess\u00e3o, por suspeita de \u201crachadinha\u201d.<\/p>\n\n\n\n<p>Nikolas abriu seu discurso disparando que Janones \u00e9 o \u201cmaior divulgador de mentiras do Brasil\u201d.<\/p>\n\n\n\n<p>\u2013 \u00c9 o maior divulgador de mentiras do Brasil. E eu sou uma das maiores v\u00edtimas dele \u2013 disse Nikolas.<\/p>\n\n\n\n<p>Em seguida, o parlamentar citou uma s\u00e9rie de atitudes controversas de Janones, como a foto dele ao lado da esposa de l\u00edder do Comando Vermelho, conhecida como \u201cdama do tr\u00e1fico\u201d.<\/p>\n\n\n\n<p>\u2013 Se fosse eu [na foto] estava pedindo minha cabe\u00e7a h\u00e1 muito tempo. Estaria pedindo para seus rob\u00f4s se levantarem (\u2026) \u2013 apontou.<\/p>\n\n\n\n<p>\u2013 Admite fake news em seus livros, dizendo que \u00e9 uma estrat\u00e9gia em elei\u00e7\u00f5es \u2013 disse, citando mais um item no \u201ccurr\u00edculo\u201d de Janones.<\/p>\n\n\n\n<p>Nikolas disparou ainda que Janones o acusa de homofobia e fascismo, mas n\u00e3o tem condi\u00e7\u00f5es de apontar rachadinha.<\/p>\n\n\n\n<p>\u2013 Jamais vai me ver numa lista de corrup\u00e7\u00e3o \u2013 afirmou.<\/p>\n\n\n\n<p>\u2013 \u00c9 impressionante como dia ap\u00f3s dia esta pessoa quer acabar com reputa\u00e7\u00f5es, destruir fam\u00edlias (\u2026). O STF pode fazer o que ele quiser, mas h\u00e1 uma lei que jamais ele vai poder derrubar aqui neste pa\u00eds, que \u00e9 a lei do plantio \u2013 declarou.<\/p>\n\n\n\n<p>Todas as afirma\u00e7\u00f5es de Nikolas foram ditas diante do pr\u00f3prio Janones.<\/p>\n\n\n\n<p><strong>Assista:<\/strong><\/p>\n\n\n\n<figure class=\"wp-block-embed is-type-rich is-provider-twitter wp-block-embed-twitter\"><div class=\"wp-block-embed__wrapper\">\n<blockquote class=\"twitter-tweet\" data-width=\"550\" data-dnt=\"true\"><p lang=\"pt\" dir=\"ltr\">Agora Janones ouviu na cara &#8211; literalmente. <a href=\"https:\/\/t.co\/bqxar1ie9g\">pic.twitter.com\/bqxar1ie9g<\/a><\/p>&mdash; Nikolas Ferreira (@nikolas_dm) <a href=\"https:\/\/twitter.com\/nikolas_dm\/status\/1798382168730931561?ref_src=twsrc%5Etfw\">June 5, 2024<\/a><\/blockquote><script async src=\"https:\/\/platform.twitter.com\/widgets.js\" charset=\"utf-8\"><\/script>\n<\/div><\/figure>\n\n\n\n<p>O deputado Andr\u00e9 Janones \u00e9 suspeito de ter cobrado de seus assessores uma devolutiva do sal\u00e1rio para pagar despesas pessoais, pr\u00e1tica conhecida como \u201crachadinha\u201d. Durante uma conversa com seus assessores, na C\u00e2mara, em 5 de fevereiro de 2019, o deputado afirmou que alguns funcion\u00e1rios receberiam sal\u00e1rios maiores e devolveriam parte desse dinheiro para que ele pudesse arcar com os custos da corrida eleitoral para prefeito.<\/p>\n\n\n\n<p>\u2013 Eu perdi R$ 675 mil na campanha \u2013 afirmou o parlamentar na grava\u00e7\u00e3o feita por um ex-funcion\u00e1rio.<\/p>\n\n\n\n<h6 class=\"wp-block-heading\">Monique Mello &#8211;\u00a005\/06\/2024\u00a013h29 | atualizado em 05\/06\/2024 13h50-Pleno.News<\/h6>\n<div class=\"jorna-rodape jorna-entity-placement\" id=\"jorna-806055499\"><div id=\"jorna-120377977\"><a href=\"https:\/\/gkscontabilidade.com\/\" aria-label=\"GKS Contabilidade\"><img src=\"https:\/\/jornalvaleevangelico.com.br\/wp-content\/uploads\/2023\/05\/GKS-Contabilidade.jpeg\" alt=\"\"  srcset=\"https:\/\/jornalvaleevangelico.com.br\/wp-content\/uploads\/2023\/05\/GKS-Contabilidade.jpeg 1600w, https:\/\/jornalvaleevangelico.com.br\/wp-content\/uploads\/2023\/05\/GKS-Contabilidade-300x65.jpeg 300w, https:\/\/jornalvaleevangelico.com.br\/wp-content\/uploads\/2023\/05\/GKS-Contabilidade-1024x223.jpeg 1024w, https:\/\/jornalvaleevangelico.com.br\/wp-content\/uploads\/2023\/05\/GKS-Contabilidade-768x168.jpeg 768w, https:\/\/jornalvaleevangelico.com.br\/wp-content\/uploads\/2023\/05\/GKS-Contabilidade-1536x335.jpeg 1536w\" sizes=\"(max-width: 1600px) 100vw, 1600px\" width=\"1600\" height=\"349\"   \/><\/a><\/div><\/div>","protected":false},"excerpt":{"rendered":"<p>Andr\u00e9 Janones passa pelo Conselho de \u00c9tica por suspeita de &#8220;rachadinha&#8221; O deputado federal Nikolas&#8230;<\/p>\n","protected":false},"author":2,"featured_media":34411,"comment_status":"open","ping_status":"open","sticky":false,"template":"","format":"standard","meta":{"_mi_skip_tracking":false,"_monsterinsights_sitenote_active":false,"_monsterinsights_sitenote_note":"","_monsterinsights_sitenote_category":0,"footnotes":""},"categories":[2],"tags":[],"class_list":["post-34410","post","type-post","status-publish","format-standard","has-post-thumbnail","hentry","category-noticia"],"_links":{"self":[{"href":"https:\/\/jornalvaleevangelico.com.br\/index.php\/wp-json\/wp\/v2\/posts\/34410","targetHints":{"allow":["GET"]}}],"collection":[{"href":"https:\/\/jornalvaleevangelico.com.br\/index.php\/wp-json\/wp\/v2\/posts"}],"about":[{"href":"https:\/\/jornalvaleevangelico.com.br\/index.php\/wp-json\/wp\/v2\/types\/post"}],"author":[{"embeddable":true,"href":"https:\/\/jornalvaleevangelico.com.br\/index.php\/wp-json\/wp\/v2\/users\/2"}],"replies":[{"embeddable":true,"href":"https:\/\/jornalvaleevangelico.com.br\/index.php\/wp-json\/wp\/v2\/comments?post=34410"}],"version-history":[{"count":1,"href":"https:\/\/jornalvaleevangelico.com.br\/index.php\/wp-json\/wp\/v2\/posts\/34410\/revisions"}],"predecessor-version":[{"id":34412,"href":"https:\/\/jornalvaleevangelico.com.br\/index.php\/wp-json\/wp\/v2\/posts\/34410\/revisions\/34412"}],"wp:featuredmedia":[{"embeddable":true,"href":"https:\/\/jornalvaleevangelico.com.br\/index.php\/wp-json\/wp\/v2\/media\/34411"}],"wp:attachment":[{"href":"https:\/\/jornalvaleevangelico.com.br\/index.php\/wp-json\/wp\/v2\/media?parent=34410"}],"wp:term":[{"taxonomy":"category","embeddable":true,"href":"https:\/\/jornalvaleevangelico.com.br\/index.php\/wp-json\/wp\/v2\/categories?post=34410"},{"taxonomy":"post_tag","embeddable":true,"href":"https:\/\/jornalvaleevangelico.com.br\/index.php\/wp-json\/wp\/v2\/tags?post=34410"}],"curies":[{"name":"wp","href":"https:\/\/api.w.org\/{rel}","templated":true}]}}