{"id":34929,"date":"2024-06-25T11:30:27","date_gmt":"2024-06-25T14:30:27","guid":{"rendered":"https:\/\/jornalvaleevangelico.com.br\/?p=34929"},"modified":"2024-06-25T17:07:41","modified_gmt":"2024-06-25T20:07:41","slug":"e-se-sua-vida-tivesse-prazo-de-validade-o-que-voce-faria","status":"publish","type":"post","link":"https:\/\/jornalvaleevangelico.com.br\/index.php\/2024\/06\/25\/e-se-sua-vida-tivesse-prazo-de-validade-o-que-voce-faria\/","title":{"rendered":"E se sua vida tivesse prazo de validade? O que voc\u00ea faria?"},"content":{"rendered":"\n<p>No m\u00eas de maio do ano 2020 recebi um diagn\u00f3stico de uma doen\u00e7a rara e o m\u00e9dico me deu um progn\u00f3stico de 3 a 5 anos de vida a partir daquele momento.<br>Lembrei-me ent\u00e3o do salmista quando escreveu Salmos 39.4 &#8220;Faze-me conhecer, Senhor, o meu fim, e a medida dos meus dias qual \u00e9, para que eu sinta quanto sou fr\u00e1gil.&#8221;<br>Ali, diante da triste not\u00edcia que recebi, vi o meu fim e o quanto sou fr\u00e1gil.<br>O que fazer a partir dessa realidade?<br>Foi neste momento que me lembrei dos textos b\u00edblicos:<br>&#8220;O Senhor \u00e9 o que tira a vida e a d\u00e1;&#8221; 1 Sm 2.6<br>&#8220;Vede, agora, que Eu Sou o \u00fanico, Eu somente, e mais nenhum deus al\u00e9m de mim. Fa\u00e7o morrer e fa\u00e7o viver, fa\u00e7o adoecer e fa\u00e7o sarar, e ningu\u00e9m h\u00e1 que seja capaz de livrar-se da minha m\u00e3o. Dt 32.39<br>&#8220;Sim! Ele \u00e9 para n\u00f3s o Deus que nos liberta at\u00e9 mesmo dos grilh\u00f5es da morte!&#8221; Sl 68.20<br>Ap\u00f3s meditar nestas passagens percebi claramente que a medicina \u00e9 importante e tem um papel fundamental na manuten\u00e7\u00e3o e preserva\u00e7\u00e3o da vida humana.<br>Todavia, um laudo m\u00e9dico n\u00e3o tem o poder de determinar o futuro de uma pessoa, somente Deus tem esse poder.<br>O que eu fiz?<br>Me apeguei a palavra e a f\u00e9 em Deus, e prossigo caminhando, N\u00e3o pelo que vejo\u2026Mas pelo que creio.<br>Vivo um dia de cada vez cumprindo o meu prop\u00f3sito confiando naquele que escreve a minha hist\u00f3ria.<br>Que tal confiar sua vida e seu futuro a Deus?<\/p>\n<div class=\"jorna-rodape jorna-entity-placement\" id=\"jorna-650202287\"><div id=\"jorna-969644728\"><a href=\"https:\/\/gkscontabilidade.com\/\" aria-label=\"GKS Contabilidade\"><img src=\"https:\/\/jornalvaleevangelico.com.br\/wp-content\/uploads\/2023\/05\/GKS-Contabilidade.jpeg\" alt=\"\"  srcset=\"https:\/\/jornalvaleevangelico.com.br\/wp-content\/uploads\/2023\/05\/GKS-Contabilidade.jpeg 1600w, https:\/\/jornalvaleevangelico.com.br\/wp-content\/uploads\/2023\/05\/GKS-Contabilidade-300x65.jpeg 300w, https:\/\/jornalvaleevangelico.com.br\/wp-content\/uploads\/2023\/05\/GKS-Contabilidade-1024x223.jpeg 1024w, https:\/\/jornalvaleevangelico.com.br\/wp-content\/uploads\/2023\/05\/GKS-Contabilidade-768x168.jpeg 768w, https:\/\/jornalvaleevangelico.com.br\/wp-content\/uploads\/2023\/05\/GKS-Contabilidade-1536x335.jpeg 1536w\" sizes=\"(max-width: 1600px) 100vw, 1600px\" width=\"1600\" height=\"349\"   \/><\/a><\/div><\/div>","protected":false},"excerpt":{"rendered":"<p>No m\u00eas de maio do ano 2020 recebi um diagn\u00f3stico de uma doen\u00e7a rara e&#8230;<\/p>\n","protected":false},"author":2,"featured_media":34551,"comment_status":"open","ping_status":"open","sticky":false,"template":"","format":"standard","meta":{"_mi_skip_tracking":false,"_monsterinsights_sitenote_active":false,"_monsterinsights_sitenote_note":"","_monsterinsights_sitenote_category":0,"footnotes":""},"categories":[3,15],"tags":[],"class_list":["post-34929","post","type-post","status-publish","format-standard","has-post-thumbnail","hentry","category-artigo","category-mundo-cristao"],"_links":{"self":[{"href":"https:\/\/jornalvaleevangelico.com.br\/index.php\/wp-json\/wp\/v2\/posts\/34929","targetHints":{"allow":["GET"]}}],"collection":[{"href":"https:\/\/jornalvaleevangelico.com.br\/index.php\/wp-json\/wp\/v2\/posts"}],"about":[{"href":"https:\/\/jornalvaleevangelico.com.br\/index.php\/wp-json\/wp\/v2\/types\/post"}],"author":[{"embeddable":true,"href":"https:\/\/jornalvaleevangelico.com.br\/index.php\/wp-json\/wp\/v2\/users\/2"}],"replies":[{"embeddable":true,"href":"https:\/\/jornalvaleevangelico.com.br\/index.php\/wp-json\/wp\/v2\/comments?post=34929"}],"version-history":[{"count":2,"href":"https:\/\/jornalvaleevangelico.com.br\/index.php\/wp-json\/wp\/v2\/posts\/34929\/revisions"}],"predecessor-version":[{"id":34931,"href":"https:\/\/jornalvaleevangelico.com.br\/index.php\/wp-json\/wp\/v2\/posts\/34929\/revisions\/34931"}],"wp:featuredmedia":[{"embeddable":true,"href":"https:\/\/jornalvaleevangelico.com.br\/index.php\/wp-json\/wp\/v2\/media\/34551"}],"wp:attachment":[{"href":"https:\/\/jornalvaleevangelico.com.br\/index.php\/wp-json\/wp\/v2\/media?parent=34929"}],"wp:term":[{"taxonomy":"category","embeddable":true,"href":"https:\/\/jornalvaleevangelico.com.br\/index.php\/wp-json\/wp\/v2\/categories?post=34929"},{"taxonomy":"post_tag","embeddable":true,"href":"https:\/\/jornalvaleevangelico.com.br\/index.php\/wp-json\/wp\/v2\/tags?post=34929"}],"curies":[{"name":"wp","href":"https:\/\/api.w.org\/{rel}","templated":true}]}}