{"id":35854,"date":"2024-07-26T09:16:54","date_gmt":"2024-07-26T12:16:54","guid":{"rendered":"https:\/\/jornalvaleevangelico.com.br\/?p=35854"},"modified":"2024-07-26T09:16:55","modified_gmt":"2024-07-26T12:16:55","slug":"motorista-que-acelerou-carro-com-homem-pendurado-cita-assalto","status":"publish","type":"post","link":"https:\/\/jornalvaleevangelico.com.br\/index.php\/2024\/07\/26\/motorista-que-acelerou-carro-com-homem-pendurado-cita-assalto\/","title":{"rendered":"Motorista que acelerou carro com homem pendurado cita assalto"},"content":{"rendered":"\n<h2 class=\"wp-block-heading\">Caso aconteceu na Zona Oeste do Rio de Janeiro<\/h2>\n\n\n\n<p>No Rio de Janeiro, um motorista foi filmado dirigindo com um homem pendurado na janela do carro. O caso aconteceu nesta quarta-feira (24), na Barra da Tijuca, Zona Oeste da cidade. Segundo o condutor do ve\u00edculo, a pessoa pendurada era um bandido que tentou roubar o celular dele.<\/p>\n\n\n\n<p>O motorista foi identificado como Rafael Queiroz, de 27 anos. Ele estava com a filha de 3 anos de idade quando um criminoso tentou levar seu celular.<\/p>\n\n\n\n<p>Rafael levantou o vidro e acelerou o carro. O ladr\u00e3o ficou pendurado.<\/p>\n\n\n\n<p>\u2013 Minha rea\u00e7\u00e3o foi levantar o vidro r\u00e1pido e acelerar, porque eu estava com a minha fam\u00edlia no carro, minha filha de 3 anos estava junto. Foi um ato de seguran\u00e7a. Tem menos de um ano que eu fui assaltado e levaram tudo \u2013 explicou.<\/p>\n\n\n\n<p>Por fim, Queiroz disse que desacelerou o carro e abriu a janela para que o bandido n\u00e3o ca\u00edsse do autom\u00f3vel e se machucasse. Ele destacou que o cidad\u00e3o brasileiro est\u00e1 cansado da falta de seguran\u00e7a.<\/p>\n\n\n\n<p>\u2013 O cidad\u00e3o brasileiro est\u00e1 cansado dessa falta de seguran\u00e7a. O rapaz acredito que ficou bem. Eu n\u00e3o podia parar antes, porque n\u00e3o sabia se ele estava armado ou com uma faca, eu fiz para proteger minha fam\u00edlia \u2013 falou.<\/p>\n\n\n\n<p>O caso foi filmado e divulgado em v\u00e1rias emissoras de TV e redes sociais. Rafael acabou soltando o ladr\u00e3o do carro. Depois disso, ele levou a fam\u00edlia para casa e decidiu n\u00e3o procurar a pol\u00edcia.<\/p>\n\n\n\n<p>A Pol\u00edcia Militar (PM) soube do ocorrido por meio da internet e avisou que o policiamento ser\u00e1 refor\u00e7ado na regi\u00e3o. O 31\u00ba BPM (Recreio dos Bandeirantes) fez uma busca na \u00e1rea. At\u00e9 o momento, n\u00e3o h\u00e1 informa\u00e7\u00f5es sobre o criminoso. As informa\u00e7\u00f5es s\u00e3o do G1.<\/p>\n\n\n\n<h6 class=\"wp-block-heading\">Pleno.News &#8211;\u00a025\/07\/2024\u00a018h51 | atualizado em 25\/07\/2024 19h33<\/h6>\n<div class=\"jorna-rodape jorna-entity-placement\" id=\"jorna-2896013803\"><div id=\"jorna-3463725749\"><a href=\"https:\/\/gkscontabilidade.com\/\" aria-label=\"GKS Contabilidade\"><img src=\"https:\/\/jornalvaleevangelico.com.br\/wp-content\/uploads\/2023\/05\/GKS-Contabilidade.jpeg\" alt=\"\"  srcset=\"https:\/\/jornalvaleevangelico.com.br\/wp-content\/uploads\/2023\/05\/GKS-Contabilidade.jpeg 1600w, https:\/\/jornalvaleevangelico.com.br\/wp-content\/uploads\/2023\/05\/GKS-Contabilidade-300x65.jpeg 300w, https:\/\/jornalvaleevangelico.com.br\/wp-content\/uploads\/2023\/05\/GKS-Contabilidade-1024x223.jpeg 1024w, https:\/\/jornalvaleevangelico.com.br\/wp-content\/uploads\/2023\/05\/GKS-Contabilidade-768x168.jpeg 768w, https:\/\/jornalvaleevangelico.com.br\/wp-content\/uploads\/2023\/05\/GKS-Contabilidade-1536x335.jpeg 1536w\" sizes=\"(max-width: 1600px) 100vw, 1600px\" width=\"1600\" height=\"349\"   \/><\/a><\/div><\/div>","protected":false},"excerpt":{"rendered":"<p>Caso aconteceu na Zona Oeste do Rio de Janeiro No Rio de Janeiro, um motorista&#8230;<\/p>\n","protected":false},"author":2,"featured_media":35855,"comment_status":"open","ping_status":"open","sticky":false,"template":"","format":"standard","meta":{"_mi_skip_tracking":false,"_monsterinsights_sitenote_active":false,"_monsterinsights_sitenote_note":"","_monsterinsights_sitenote_category":0,"footnotes":""},"categories":[2],"tags":[],"class_list":["post-35854","post","type-post","status-publish","format-standard","has-post-thumbnail","hentry","category-noticia"],"_links":{"self":[{"href":"https:\/\/jornalvaleevangelico.com.br\/index.php\/wp-json\/wp\/v2\/posts\/35854","targetHints":{"allow":["GET"]}}],"collection":[{"href":"https:\/\/jornalvaleevangelico.com.br\/index.php\/wp-json\/wp\/v2\/posts"}],"about":[{"href":"https:\/\/jornalvaleevangelico.com.br\/index.php\/wp-json\/wp\/v2\/types\/post"}],"author":[{"embeddable":true,"href":"https:\/\/jornalvaleevangelico.com.br\/index.php\/wp-json\/wp\/v2\/users\/2"}],"replies":[{"embeddable":true,"href":"https:\/\/jornalvaleevangelico.com.br\/index.php\/wp-json\/wp\/v2\/comments?post=35854"}],"version-history":[{"count":1,"href":"https:\/\/jornalvaleevangelico.com.br\/index.php\/wp-json\/wp\/v2\/posts\/35854\/revisions"}],"predecessor-version":[{"id":35856,"href":"https:\/\/jornalvaleevangelico.com.br\/index.php\/wp-json\/wp\/v2\/posts\/35854\/revisions\/35856"}],"wp:featuredmedia":[{"embeddable":true,"href":"https:\/\/jornalvaleevangelico.com.br\/index.php\/wp-json\/wp\/v2\/media\/35855"}],"wp:attachment":[{"href":"https:\/\/jornalvaleevangelico.com.br\/index.php\/wp-json\/wp\/v2\/media?parent=35854"}],"wp:term":[{"taxonomy":"category","embeddable":true,"href":"https:\/\/jornalvaleevangelico.com.br\/index.php\/wp-json\/wp\/v2\/categories?post=35854"},{"taxonomy":"post_tag","embeddable":true,"href":"https:\/\/jornalvaleevangelico.com.br\/index.php\/wp-json\/wp\/v2\/tags?post=35854"}],"curies":[{"name":"wp","href":"https:\/\/api.w.org\/{rel}","templated":true}]}}