{"id":35860,"date":"2024-07-26T09:59:48","date_gmt":"2024-07-26T12:59:48","guid":{"rendered":"https:\/\/jornalvaleevangelico.com.br\/?p=35860"},"modified":"2024-07-26T09:59:55","modified_gmt":"2024-07-26T12:59:55","slug":"cristaos-sao-afetados-pela-fome-em-cuba","status":"publish","type":"post","link":"https:\/\/jornalvaleevangelico.com.br\/index.php\/2024\/07\/26\/cristaos-sao-afetados-pela-fome-em-cuba\/","title":{"rendered":"Crist\u00e3os s\u00e3o afetados pela fome em Cuba"},"content":{"rendered":"\n<h2 class=\"wp-block-heading\">Os seguidores de Cristo s\u00e3o vistos como amea\u00e7as ao regime do pa\u00eds<\/h2>\n\n\n\n<p>Todo o pa\u00eds passa por uma crise pol\u00edtica e econ\u00f4mica desde 2021 (Foto representativa \/ Portas Abertas) <a href=\"https:\/\/portasabertas.org.br\/lista-mundial-da-perseguicao\/cuba\">Cuba<\/a>\u00a0enfrenta uma intensa crise econ\u00f4mica e social. Populares s\u00e3o assolados pela fome, que chegam a ficar mais de 20 horas sem se alimentarem. o pre\u00e7o dos servi\u00e7os essenciais continua subindo, al\u00e9m da escassez de itens de necessidade b\u00e1sica. Al\u00e9m disso, por causa dos\u00a0<a href=\"https:\/\/portasabertas.org.br\/noticias\/cristaos-perseguidos\/pastor-e-condenado-a-sete-anos-de-prisao-em-cuba\">protestos massivos contra o governo em julho de 2021<\/a>, uma lei recente foi aprovada proibindo manifesta\u00e7\u00f5es nas redes sociais.<\/p>\n\n\n\n<p>Para os crist\u00e3os, o contexto \u00e9 particularmente dif\u00edcil, pois eles s\u00e3o vistos como amea\u00e7as ao regime. Por isso, a vigil\u00e2ncia sobre os seguidores de Jesus \u00e9 intensa. Atualmente, Cuba \u00e9 o pa\u00eds com&nbsp;<a href=\"https:\/\/portasabertas.org.br\/noticias\/cristaos-perseguidos\/nicaragua-e-cuba-se-destacam-na-perseguicao-aos-cristaos\">posi\u00e7\u00e3o mais alta da Am\u00e9rica Latina<\/a>&nbsp;entre os 50 pa\u00edses da&nbsp;<a href=\"https:\/\/portasabertas.org.br\/lista-mundial\/paises-da-lista\">Lista Mundial da Persegui\u00e7\u00e3o 2024<\/a>.<\/p>\n\n\n\n<h6 class=\"wp-block-heading\"><em>Com informa\u00e7\u00f5es: Portas Abertas (25.07.24)<\/em>&#8211;\u00a0<a href=\"https:\/\/www.cpadnews.com.br\/author\/cpadnews\/\">Reda\u00e7\u00e3o CPAD News<\/a> 25 de julho de 2024 Atualizado:25 de julho de 20241 leitura m\u00ednima<\/h6>\n<div class=\"jorna-rodape jorna-entity-placement\" id=\"jorna-1162850203\"><div id=\"jorna-351766286\"><a href=\"https:\/\/gkscontabilidade.com\/\" aria-label=\"GKS Contabilidade\"><img src=\"https:\/\/jornalvaleevangelico.com.br\/wp-content\/uploads\/2023\/05\/GKS-Contabilidade.jpeg\" alt=\"\"  srcset=\"https:\/\/jornalvaleevangelico.com.br\/wp-content\/uploads\/2023\/05\/GKS-Contabilidade.jpeg 1600w, https:\/\/jornalvaleevangelico.com.br\/wp-content\/uploads\/2023\/05\/GKS-Contabilidade-300x65.jpeg 300w, https:\/\/jornalvaleevangelico.com.br\/wp-content\/uploads\/2023\/05\/GKS-Contabilidade-1024x223.jpeg 1024w, https:\/\/jornalvaleevangelico.com.br\/wp-content\/uploads\/2023\/05\/GKS-Contabilidade-768x168.jpeg 768w, https:\/\/jornalvaleevangelico.com.br\/wp-content\/uploads\/2023\/05\/GKS-Contabilidade-1536x335.jpeg 1536w\" sizes=\"(max-width: 1600px) 100vw, 1600px\" width=\"1600\" height=\"349\"   \/><\/a><\/div><\/div>","protected":false},"excerpt":{"rendered":"<p>Os seguidores de Cristo s\u00e3o vistos como amea\u00e7as ao regime do pa\u00eds Todo o pa\u00eds&#8230;<\/p>\n","protected":false},"author":2,"featured_media":35861,"comment_status":"open","ping_status":"open","sticky":false,"template":"","format":"standard","meta":{"_mi_skip_tracking":false,"_monsterinsights_sitenote_active":false,"_monsterinsights_sitenote_note":"","_monsterinsights_sitenote_category":0,"footnotes":""},"categories":[7,15,2],"tags":[],"class_list":["post-35860","post","type-post","status-publish","format-standard","has-post-thumbnail","hentry","category-missoes","category-mundo-cristao","category-noticia"],"_links":{"self":[{"href":"https:\/\/jornalvaleevangelico.com.br\/index.php\/wp-json\/wp\/v2\/posts\/35860","targetHints":{"allow":["GET"]}}],"collection":[{"href":"https:\/\/jornalvaleevangelico.com.br\/index.php\/wp-json\/wp\/v2\/posts"}],"about":[{"href":"https:\/\/jornalvaleevangelico.com.br\/index.php\/wp-json\/wp\/v2\/types\/post"}],"author":[{"embeddable":true,"href":"https:\/\/jornalvaleevangelico.com.br\/index.php\/wp-json\/wp\/v2\/users\/2"}],"replies":[{"embeddable":true,"href":"https:\/\/jornalvaleevangelico.com.br\/index.php\/wp-json\/wp\/v2\/comments?post=35860"}],"version-history":[{"count":1,"href":"https:\/\/jornalvaleevangelico.com.br\/index.php\/wp-json\/wp\/v2\/posts\/35860\/revisions"}],"predecessor-version":[{"id":35862,"href":"https:\/\/jornalvaleevangelico.com.br\/index.php\/wp-json\/wp\/v2\/posts\/35860\/revisions\/35862"}],"wp:featuredmedia":[{"embeddable":true,"href":"https:\/\/jornalvaleevangelico.com.br\/index.php\/wp-json\/wp\/v2\/media\/35861"}],"wp:attachment":[{"href":"https:\/\/jornalvaleevangelico.com.br\/index.php\/wp-json\/wp\/v2\/media?parent=35860"}],"wp:term":[{"taxonomy":"category","embeddable":true,"href":"https:\/\/jornalvaleevangelico.com.br\/index.php\/wp-json\/wp\/v2\/categories?post=35860"},{"taxonomy":"post_tag","embeddable":true,"href":"https:\/\/jornalvaleevangelico.com.br\/index.php\/wp-json\/wp\/v2\/tags?post=35860"}],"curies":[{"name":"wp","href":"https:\/\/api.w.org\/{rel}","templated":true}]}}