{"id":35978,"date":"2024-07-30T20:24:22","date_gmt":"2024-07-30T23:24:22","guid":{"rendered":"https:\/\/jornalvaleevangelico.com.br\/?p=35978"},"modified":"2024-07-30T20:25:50","modified_gmt":"2024-07-30T23:25:50","slug":"pr-silvio-tomaz-liderando-a-missao-boas-novas-e-o-impacto-do-emibom","status":"publish","type":"post","link":"https:\/\/jornalvaleevangelico.com.br\/index.php\/2024\/07\/30\/pr-silvio-tomaz-liderando-a-missao-boas-novas-e-o-impacto-do-emibom\/","title":{"rendered":"Pr. Silvio Tomaz: Liderando a Miss\u00e3o Boas Novas e o Impacto do EMIBOM"},"content":{"rendered":"\n<h2 class=\"wp-block-heading\"><strong>Vis\u00e3o e Experi\u00eancias do Pr. S\u00edlvio Tomaz no Encontro de Mission\u00e1rios da Miss\u00e3o Boas Novas<\/strong><\/h2>\n\n\n\n<figure class=\"wp-block-gallery has-nested-images columns-default is-cropped wp-block-gallery-1 is-layout-flex wp-block-gallery-is-layout-flex\">\n<figure class=\"wp-block-image size-large\"><img fetchpriority=\"high\" decoding=\"async\" width=\"1024\" height=\"683\" data-id=\"35877\" src=\"https:\/\/jornalvaleevangelico.com.br\/wp-content\/uploads\/2024\/07\/DSC_0036-Copy-2-1024x683.jpg\" alt=\"\" class=\"wp-image-35877\" srcset=\"https:\/\/jornalvaleevangelico.com.br\/wp-content\/uploads\/2024\/07\/DSC_0036-Copy-2-1024x683.jpg 1024w, https:\/\/jornalvaleevangelico.com.br\/wp-content\/uploads\/2024\/07\/DSC_0036-Copy-2-300x200.jpg 300w, https:\/\/jornalvaleevangelico.com.br\/wp-content\/uploads\/2024\/07\/DSC_0036-Copy-2-768x512.jpg 768w, https:\/\/jornalvaleevangelico.com.br\/wp-content\/uploads\/2024\/07\/DSC_0036-Copy-2-1536x1024.jpg 1536w, https:\/\/jornalvaleevangelico.com.br\/wp-content\/uploads\/2024\/07\/DSC_0036-Copy-2-2048x1365.jpg 2048w\" sizes=\"(max-width: 1024px) 100vw, 1024px\" \/><\/figure>\n<\/figure>\n\n\n\n<p>O Pr. Silvio Tomaz, diretor da Miss\u00e3o Boas Novas, compartilhou sua vis\u00e3o e experi\u00eancias sobre o Encontro de Mission\u00e1rios da Miss\u00e3o Boas Novas (EMIBOM), que \u00e9 o departamento de miss\u00f5es da Assembleia de Deus, Minist\u00e9rio Coronel Fabriciano Ipatinga. Este ano, o evento est\u00e1 em sua sexta edi\u00e7\u00e3o, marcando um per\u00edodo significativo de continuidade e crescimento desde que foi iniciado sob a gest\u00e3o do Pr. Valdir Gon\u00e7alves.<\/p>\n\n\n\n<p><strong>Hist\u00f3ria e Prop\u00f3sito do EMIBOM<\/strong><\/p>\n\n\n\n<p>&#8220;Estamos h\u00e1 quase dois anos \u00e0 frente do departamento de miss\u00e3o e continuamos este trabalho importante,&#8221; explicou Pr. Silvio. &#8220;Os mission\u00e1rios presentes s\u00e3o cerca de 15 fam\u00edlias, atuando dentro do estado de Minas Gerais, no norte de Minas, Jequitinhonha, Alto do Rio Doce, Zona da Mata, e at\u00e9 entre os \u00edndios Patax\u00f3s no sul da Bahia. Temos tamb\u00e9m mission\u00e1rios envolvidos no projeto da Igreja para os Refugiados, Miss\u00e3o Buenas Nuevas, trabalhando com refugiados de pa\u00edses de l\u00edngua hisp\u00e2nica, como Col\u00f4mbia, Venezuela e Cuba.&#8221;<\/p>\n\n\n\n<p><strong>Atividades do EMIBOM<\/strong><\/p>\n\n\n\n<p>O EMIBOM proporciona uma semana de reciclagem e fortalecimento para os mission\u00e1rios. &#8220;Durante essa semana, os mission\u00e1rios t\u00eam a oportunidade de compartilhar experi\u00eancias, rever amigos e participar de palestras diversificadas sobre temas como fam\u00edlia, gest\u00e3o financeira, e espiritualidade,&#8221; disse Pr. Silvio. &#8220;As atividades incluem palestras, momentos de ora\u00e7\u00e3o, e cultos, com uma programa\u00e7\u00e3o que combina aprendizado e recrea\u00e7\u00e3o.&#8221;<\/p>\n\n\n\n<p><strong>Participa\u00e7\u00e3o da Comunidade<\/strong><\/p>\n\n\n\n<figure class=\"wp-block-gallery has-nested-images columns-default is-cropped wp-block-gallery-2 is-layout-flex wp-block-gallery-is-layout-flex\">\n<figure class=\"wp-block-image size-large\"><img decoding=\"async\" width=\"1024\" height=\"772\" data-id=\"35982\" src=\"https:\/\/jornalvaleevangelico.com.br\/wp-content\/uploads\/2024\/07\/DSC0008-Copy-4-1024x772.jpg\" alt=\"\" class=\"wp-image-35982\" srcset=\"https:\/\/jornalvaleevangelico.com.br\/wp-content\/uploads\/2024\/07\/DSC0008-Copy-4-1024x772.jpg 1024w, https:\/\/jornalvaleevangelico.com.br\/wp-content\/uploads\/2024\/07\/DSC0008-Copy-4-300x226.jpg 300w, https:\/\/jornalvaleevangelico.com.br\/wp-content\/uploads\/2024\/07\/DSC0008-Copy-4-768x579.jpg 768w, https:\/\/jornalvaleevangelico.com.br\/wp-content\/uploads\/2024\/07\/DSC0008-Copy-4-1536x1159.jpg 1536w, https:\/\/jornalvaleevangelico.com.br\/wp-content\/uploads\/2024\/07\/DSC0008-Copy-4.jpg 1824w\" sizes=\"(max-width: 1024px) 100vw, 1024px\" \/><\/figure>\n<\/figure>\n\n\n\n<p>A comunidade local e os pastores regionais desempenham um papel crucial no sucesso do EMIBOM. &#8220;Cada dia, uma igreja diferente se encarrega de servir caf\u00e9 da manh\u00e3, almo\u00e7o e jantar,&#8221; explicou Pr. Silvio. &#8220;A mobiliza\u00e7\u00e3o das igrejas e dos pastores \u00e9 essencial para que este evento aconte\u00e7a, dada a magnitude dos custos envolvidos.&#8221;<\/p>\n\n\n\n<p><strong>Palestrantes e Dire\u00e7\u00e3o Espiritual<\/strong><\/p>\n\n\n\n<p>O evento conta com palestrantes variados, incluindo membros da diretoria da miss\u00e3o e pastores convidados. &#8220;Entre os palestrantes, tivemos o Pr. Joedson, Pr. Jadson, e nossos diretores, como Pr. Bicalho, Pr. Marcelo Chever, e Pr. WerleyKrey ,&#8221; destacou Pr. Silvio. &#8220;Tamb\u00e9m tivemos a participa\u00e7\u00e3o do Pr. J\u00falio C\u00e9sar e do Pr. Wallace, al\u00e9m do Pr. J\u00fanior Calais, nosso presidente do Minist\u00e9rio.&#8221;<\/p>\n\n\n\n<p><strong>Apoio e Reconhecimento<\/strong><\/p>\n\n\n\n<p>Pr. Silvio expressou profunda gratid\u00e3o aos l\u00edderes e pastores que apoiam o evento. &#8220;A Miss\u00e3o Boas Novas, com quase 35 anos de hist\u00f3ria, desempenha um trabalho mission\u00e1rio relevante no Brasil e no exterior,&#8221; afirmou. &#8220;Esperamos que nosso modelo de trabalho seja seguido em todo o pa\u00eds, reconhecendo a import\u00e2ncia de apoiar e fortalecer nossos mission\u00e1rios.&#8221;<\/p>\n\n\n\n<p><strong>Experi\u00eancia e Dedica\u00e7\u00e3o<\/strong><\/p>\n\n\n\n<p>Refletindo sobre o desafio de organizar o EMIBOM, Pr. Silvio comentou: &#8220;A preocupa\u00e7\u00e3o \u00e9 constante, desde os preparativos at\u00e9 a execu\u00e7\u00e3o. Minha esposa, sempre detalhista, n\u00e3o dorme direito, preocupada se tudo vai funcionar bem. Mas a recompensa \u00e9 ver o impacto positivo na vida dos mission\u00e1rios.&#8221;<\/p>\n\n\n\n<p>A dedica\u00e7\u00e3o e o compromisso do Pr. Silvio Tomaz e de sua equipe s\u00e3o evidentes, e o sucesso do EMIBOM \u00e9 um testemunho da import\u00e2ncia de proporcionar apoio e renova\u00e7\u00e3o espiritual aos mission\u00e1rios que servem em \u00e1reas desafiadoras.<\/p>\n\n\n\n<p><strong>Conclus\u00e3o<\/strong><\/p>\n\n\n\n<p>Com a sexta edi\u00e7\u00e3o do EMIBOM, a Miss\u00e3o Boas Novas continua a fortalecer seus mission\u00e1rios e a expandir seu impacto. &#8220;A presen\u00e7a dos secret\u00e1rios de miss\u00e3o nesta edi\u00e7\u00e3o foi especialmente significativa,&#8221; concluiu Pr. Silvio. &#8220;Eles puderam vivenciar o trabalho mission\u00e1rio de perto e levar essas experi\u00eancias para suas igrejas, promovendo ainda mais o apoio<\/p>\n\n\n\n<p>Pr. Silvio Tomaz, com seu compromisso e lideran\u00e7a, continua a guiar a Miss\u00e3o Boas Novas, garantindo que os mission\u00e1rios recebam o apoio necess\u00e1rio para continuar seu trabalho vital em todo o Brasil e al\u00e9m.<\/p>\n\n\n\n<p><strong>Pr. J\u00falio Cesar Nogueira Palestra sobre o Desafio do Islamismo no S\u00e9culo 21<\/strong><\/p>\n\n\n\n<figure class=\"wp-block-gallery has-nested-images columns-default is-cropped wp-block-gallery-3 is-layout-flex wp-block-gallery-is-layout-flex\">\n<figure class=\"wp-block-image size-large\"><img decoding=\"async\" width=\"1024\" height=\"665\" data-id=\"35984\" src=\"https:\/\/jornalvaleevangelico.com.br\/wp-content\/uploads\/2024\/07\/DSC0017-Copy-3-1024x665.jpg\" alt=\"\" class=\"wp-image-35984\" srcset=\"https:\/\/jornalvaleevangelico.com.br\/wp-content\/uploads\/2024\/07\/DSC0017-Copy-3-1024x665.jpg 1024w, https:\/\/jornalvaleevangelico.com.br\/wp-content\/uploads\/2024\/07\/DSC0017-Copy-3-300x195.jpg 300w, https:\/\/jornalvaleevangelico.com.br\/wp-content\/uploads\/2024\/07\/DSC0017-Copy-3-768x498.jpg 768w, https:\/\/jornalvaleevangelico.com.br\/wp-content\/uploads\/2024\/07\/DSC0017-Copy-3-1536x997.jpg 1536w, https:\/\/jornalvaleevangelico.com.br\/wp-content\/uploads\/2024\/07\/DSC0017-Copy-3.jpg 1952w\" sizes=\"(max-width: 1024px) 100vw, 1024px\" \/><\/figure>\n<\/figure>\n\n\n\n<p>Na segunda-feira, 29 de julho, o pastor J\u00falio Cesar Nogueira, 1\u00ba Secret\u00e1rio do Minist\u00e9rio Coronel Fabriciano Ipatinga, ministrou uma palestra no Encontro de Mission\u00e1rios da Miss\u00e3o Boas Novas (EMIBOM) com o tema: &#8220;O Islamismo: O Desafio para o S\u00e9culo 21&#8221;. Ele iniciou abordando as origens do islamismo, explicando a trajet\u00f3ria de Maom\u00e9 e a conex\u00e3o hist\u00f3rica entre o islamismo e o juda\u00edsmo atrav\u00e9s de Ismael, filho de Abra\u00e3o.<\/p>\n\n\n\n<p>O pastor explicou que Maom\u00e9, descendente de Ismael e palestino, fundou o islamismo em 590 a.C. Destacou que tanto Ismael quanto Isaac, filhos de Abra\u00e3o, originaram duas grandes na\u00e7\u00f5es: os palestinos e os israelitas. Maom\u00e9, surgindo entre os palestinos, instituiu o islamismo, que hoje \u00e9 uma das maiores religi\u00f5es do mundo.<\/p>\n\n\n\n<figure class=\"wp-block-gallery has-nested-images columns-default is-cropped wp-block-gallery-4 is-layout-flex wp-block-gallery-is-layout-flex\">\n<figure class=\"wp-block-image size-large\"><img loading=\"lazy\" decoding=\"async\" width=\"1024\" height=\"681\" data-id=\"35985\" src=\"https:\/\/jornalvaleevangelico.com.br\/wp-content\/uploads\/2024\/07\/DSC0027-Copy-3-1024x681.jpg\" alt=\"\" class=\"wp-image-35985\" srcset=\"https:\/\/jornalvaleevangelico.com.br\/wp-content\/uploads\/2024\/07\/DSC0027-Copy-3-1024x681.jpg 1024w, https:\/\/jornalvaleevangelico.com.br\/wp-content\/uploads\/2024\/07\/DSC0027-Copy-3-300x200.jpg 300w, https:\/\/jornalvaleevangelico.com.br\/wp-content\/uploads\/2024\/07\/DSC0027-Copy-3-768x511.jpg 768w, https:\/\/jornalvaleevangelico.com.br\/wp-content\/uploads\/2024\/07\/DSC0027-Copy-3-1536x1021.jpg 1536w, https:\/\/jornalvaleevangelico.com.br\/wp-content\/uploads\/2024\/07\/DSC0027-Copy-3-2048x1362.jpg 2048w\" sizes=\"(max-width: 1024px) 100vw, 1024px\" \/><\/figure>\n<\/figure>\n\n\n\n<p>Para proporcionar um contexto mais amplo, Pr. J\u00falio Cesar mencionou as oito maiores religi\u00f5es do mundo: Cristianismo, Islamismo, Hindu\u00edsmo, Budismo, Xinto\u00edsmo, Tao\u00edsmo, Sikhismo e Juda\u00edsmo. Ele compartilhou curiosidades e informa\u00e7\u00f5es relevantes sobre cada uma, destacando que todas, de alguma forma, esperam a vinda de um messias.<\/p>\n\n\n\n<p>O pastor ressaltou a import\u00e2ncia da reflex\u00e3o sobre o comportamento dos crist\u00e3os, citando um epis\u00f3dio envolvendo Mahatma Gandhi. Gandhi, ao visitar uma igreja crist\u00e3, se sentiu repelido pelo comportamento dos fi\u00e9is, apesar de se encantar com a mensagem de Jesus. Pr. J\u00falio Cesar enfatizou a necessidade de os crist\u00e3os provarem, com atos e gestos, que seguem os ensinamentos de Jesus Cristo.<\/p>\n\n\n\n<p>Ele tamb\u00e9m destacou o crescimento anual do islamismo, observando que a religi\u00e3o est\u00e1 se aproximando do cristianismo em termos de n\u00famero de seguidores, especialmente quando comparado ao catolicismo e protestantismo. O pastor apresentou algumas estrat\u00e9gias para evangelizar mu\u00e7ulmanos, incentivando os mission\u00e1rios a se prepararem para este desafio crescente.<\/p>\n\n\n\n<p><strong>Presen\u00e7a do Presidente Pr. Jos\u00e9 Martins de Calais Junior no EMIBOM<\/strong><\/p>\n\n\n\n<figure class=\"wp-block-gallery has-nested-images columns-default is-cropped wp-block-gallery-5 is-layout-flex wp-block-gallery-is-layout-flex\">\n<figure class=\"wp-block-image size-large\"><img loading=\"lazy\" decoding=\"async\" width=\"1024\" height=\"679\" data-id=\"35988\" src=\"https:\/\/jornalvaleevangelico.com.br\/wp-content\/uploads\/2024\/07\/DSC0032-Copy-7-1024x679.jpg\" alt=\"\" class=\"wp-image-35988\" srcset=\"https:\/\/jornalvaleevangelico.com.br\/wp-content\/uploads\/2024\/07\/DSC0032-Copy-7-1024x679.jpg 1024w, https:\/\/jornalvaleevangelico.com.br\/wp-content\/uploads\/2024\/07\/DSC0032-Copy-7-300x199.jpg 300w, https:\/\/jornalvaleevangelico.com.br\/wp-content\/uploads\/2024\/07\/DSC0032-Copy-7-768x509.jpg 768w, https:\/\/jornalvaleevangelico.com.br\/wp-content\/uploads\/2024\/07\/DSC0032-Copy-7-1536x1018.jpg 1536w, https:\/\/jornalvaleevangelico.com.br\/wp-content\/uploads\/2024\/07\/DSC0032-Copy-7-2048x1358.jpg 2048w\" sizes=\"(max-width: 1024px) 100vw, 1024px\" \/><\/figure>\n\n\n\n<figure class=\"wp-block-image size-large\"><img loading=\"lazy\" decoding=\"async\" width=\"1024\" height=\"730\" data-id=\"35989\" src=\"https:\/\/jornalvaleevangelico.com.br\/wp-content\/uploads\/2024\/07\/DSC0034-Copy-2-1024x730.jpg\" alt=\"\" class=\"wp-image-35989\" srcset=\"https:\/\/jornalvaleevangelico.com.br\/wp-content\/uploads\/2024\/07\/DSC0034-Copy-2-1024x730.jpg 1024w, https:\/\/jornalvaleevangelico.com.br\/wp-content\/uploads\/2024\/07\/DSC0034-Copy-2-300x214.jpg 300w, https:\/\/jornalvaleevangelico.com.br\/wp-content\/uploads\/2024\/07\/DSC0034-Copy-2-768x548.jpg 768w, https:\/\/jornalvaleevangelico.com.br\/wp-content\/uploads\/2024\/07\/DSC0034-Copy-2-1536x1095.jpg 1536w, https:\/\/jornalvaleevangelico.com.br\/wp-content\/uploads\/2024\/07\/DSC0034-Copy-2-2048x1461.jpg 2048w\" sizes=\"(max-width: 1024px) 100vw, 1024px\" \/><\/figure>\n<\/figure>\n\n\n\n<p>O EMIBOM contou com a presen\u00e7a do presidente Pr. Jos\u00e9 Martins de Calais Junior, acompanhado de sua esposa, Vania Gon\u00e7alves de Oliveira Calais. Recebidos calorosamente pelos participantes e pela diretoria da miss\u00e3o, ambos participaram ativamente das atividades do evento. O evento j\u00e1 havia contado com a palestra do Pr. J\u00falio Cesar, que representou o presidente anteriormente. Desta vez, Pr. Jos\u00e9 Martins de Calais J\u00fanior fez quest\u00e3o de estar presente pessoalmente, trazendo um refor\u00e7o de apoio e espiritualidade. Sua esposa, V\u00e2nia, junto com a irm\u00e3 Vera, esposa do Pr. J\u00falio C\u00e9sar, foram presenteadas pela Miss\u00e3o Boas Novas em reconhecimento ao seu apoio e dedica\u00e7\u00e3o<\/p>\n\n\n\n<figure class=\"wp-block-gallery has-nested-images columns-default is-cropped wp-block-gallery-6 is-layout-flex wp-block-gallery-is-layout-flex\">\n<figure class=\"wp-block-image size-large\"><img loading=\"lazy\" decoding=\"async\" width=\"1024\" height=\"787\" data-id=\"35993\" src=\"https:\/\/jornalvaleevangelico.com.br\/wp-content\/uploads\/2024\/07\/DSC0043-Copy-5-1024x787.jpg\" alt=\"\" class=\"wp-image-35993\" srcset=\"https:\/\/jornalvaleevangelico.com.br\/wp-content\/uploads\/2024\/07\/DSC0043-Copy-5-1024x787.jpg 1024w, https:\/\/jornalvaleevangelico.com.br\/wp-content\/uploads\/2024\/07\/DSC0043-Copy-5-300x231.jpg 300w, https:\/\/jornalvaleevangelico.com.br\/wp-content\/uploads\/2024\/07\/DSC0043-Copy-5-768x590.jpg 768w, https:\/\/jornalvaleevangelico.com.br\/wp-content\/uploads\/2024\/07\/DSC0043-Copy-5-1536x1180.jpg 1536w, https:\/\/jornalvaleevangelico.com.br\/wp-content\/uploads\/2024\/07\/DSC0043-Copy-5.jpg 1823w\" sizes=\"(max-width: 1024px) 100vw, 1024px\" \/><\/figure>\n\n\n\n<figure class=\"wp-block-image size-large\"><img decoding=\"async\" width=\"1024\" height=\"665\" data-id=\"35984\" src=\"https:\/\/jornalvaleevangelico.com.br\/wp-content\/uploads\/2024\/07\/DSC0017-Copy-3-1024x665.jpg\" alt=\"\" class=\"wp-image-35984\" srcset=\"https:\/\/jornalvaleevangelico.com.br\/wp-content\/uploads\/2024\/07\/DSC0017-Copy-3-1024x665.jpg 1024w, https:\/\/jornalvaleevangelico.com.br\/wp-content\/uploads\/2024\/07\/DSC0017-Copy-3-300x195.jpg 300w, https:\/\/jornalvaleevangelico.com.br\/wp-content\/uploads\/2024\/07\/DSC0017-Copy-3-768x498.jpg 768w, https:\/\/jornalvaleevangelico.com.br\/wp-content\/uploads\/2024\/07\/DSC0017-Copy-3-1536x997.jpg 1536w, https:\/\/jornalvaleevangelico.com.br\/wp-content\/uploads\/2024\/07\/DSC0017-Copy-3.jpg 1952w\" sizes=\"(max-width: 1024px) 100vw, 1024px\" \/><\/figure>\n<\/figure>\n\n\n\n<p>Pr. Jos\u00e9 Martins de Calais Junior aproveitou a ocasi\u00e3o para ouvir palestrante, Pr. J\u00falio Cesar, e orar pelos mission\u00e1rios e suas fam\u00edlias. <\/p>\n\n\n\n<figure class=\"wp-block-gallery has-nested-images columns-default is-cropped wp-block-gallery-7 is-layout-flex wp-block-gallery-is-layout-flex\">\n<figure class=\"wp-block-image size-large\"><img loading=\"lazy\" decoding=\"async\" width=\"1024\" height=\"681\" data-id=\"36000\" src=\"https:\/\/jornalvaleevangelico.com.br\/wp-content\/uploads\/2024\/07\/DSC0057-Copy-3-1024x681.jpg\" alt=\"\" class=\"wp-image-36000\" srcset=\"https:\/\/jornalvaleevangelico.com.br\/wp-content\/uploads\/2024\/07\/DSC0057-Copy-3-1024x681.jpg 1024w, https:\/\/jornalvaleevangelico.com.br\/wp-content\/uploads\/2024\/07\/DSC0057-Copy-3-300x200.jpg 300w, https:\/\/jornalvaleevangelico.com.br\/wp-content\/uploads\/2024\/07\/DSC0057-Copy-3-768x511.jpg 768w, https:\/\/jornalvaleevangelico.com.br\/wp-content\/uploads\/2024\/07\/DSC0057-Copy-3-1536x1021.jpg 1536w, https:\/\/jornalvaleevangelico.com.br\/wp-content\/uploads\/2024\/07\/DSC0057-Copy-3-2048x1362.jpg 2048w\" sizes=\"(max-width: 1024px) 100vw, 1024px\" \/><\/figure>\n\n\n\n<figure class=\"wp-block-image size-large\"><img loading=\"lazy\" decoding=\"async\" width=\"1024\" height=\"681\" data-id=\"35999\" src=\"https:\/\/jornalvaleevangelico.com.br\/wp-content\/uploads\/2024\/07\/DSC0053-Copy-6-1024x681.jpg\" alt=\"\" class=\"wp-image-35999\" srcset=\"https:\/\/jornalvaleevangelico.com.br\/wp-content\/uploads\/2024\/07\/DSC0053-Copy-6-1024x681.jpg 1024w, https:\/\/jornalvaleevangelico.com.br\/wp-content\/uploads\/2024\/07\/DSC0053-Copy-6-300x200.jpg 300w, https:\/\/jornalvaleevangelico.com.br\/wp-content\/uploads\/2024\/07\/DSC0053-Copy-6-768x511.jpg 768w, https:\/\/jornalvaleevangelico.com.br\/wp-content\/uploads\/2024\/07\/DSC0053-Copy-6-1536x1021.jpg 1536w, https:\/\/jornalvaleevangelico.com.br\/wp-content\/uploads\/2024\/07\/DSC0053-Copy-6-2048x1362.jpg 2048w\" sizes=\"(max-width: 1024px) 100vw, 1024px\" \/><\/figure>\n<\/figure>\n\n\n\n<p>Ele tamb\u00e9m almo\u00e7ou com os mission\u00e1rios, orando pela refei\u00e7\u00e3o e interagindo com as cozinheiras respons\u00e1veis pelo preparo do almo\u00e7o. O momento foi registrado com fotos, nas quais Pr. J\u00fanior posou ao lado das dedicadas cozinheiras.<\/p>\n\n\n\n<p>Durante sua visita, Pr. J\u00fanior dialogou com os diretores do departamento de miss\u00e3o, fortalecendo os la\u00e7os e discutindo estrat\u00e9gias para o futuro das atividades mission\u00e1rias. Sua presen\u00e7a, junto com a de sua esposa, Vania, foi um momento significativo, evidenciando o compromisso e o apoio cont\u00ednuo da lideran\u00e7a da Miss\u00e3o Boas Novas aos seus mission\u00e1rios.<\/p>\n\n\n\n<p><strong>Mission\u00e1rio Evangelista Ant\u00f4nio Geraldo Ferreira Silva: Relato de F\u00e9 e Milagres no Norte de Minas<\/strong><\/p>\n\n\n\n<figure class=\"wp-block-gallery has-nested-images columns-default is-cropped wp-block-gallery-8 is-layout-flex wp-block-gallery-is-layout-flex\">\n<figure class=\"wp-block-image size-large\"><img loading=\"lazy\" decoding=\"async\" width=\"1024\" height=\"681\" data-id=\"36013\" src=\"https:\/\/jornalvaleevangelico.com.br\/wp-content\/uploads\/2024\/07\/DSC0061-Copy-5-1024x681.jpg\" alt=\"\" class=\"wp-image-36013\" srcset=\"https:\/\/jornalvaleevangelico.com.br\/wp-content\/uploads\/2024\/07\/DSC0061-Copy-5-1024x681.jpg 1024w, https:\/\/jornalvaleevangelico.com.br\/wp-content\/uploads\/2024\/07\/DSC0061-Copy-5-300x200.jpg 300w, https:\/\/jornalvaleevangelico.com.br\/wp-content\/uploads\/2024\/07\/DSC0061-Copy-5-768x511.jpg 768w, https:\/\/jornalvaleevangelico.com.br\/wp-content\/uploads\/2024\/07\/DSC0061-Copy-5-1536x1021.jpg 1536w, https:\/\/jornalvaleevangelico.com.br\/wp-content\/uploads\/2024\/07\/DSC0061-Copy-5-2048x1362.jpg 2048w\" sizes=\"(max-width: 1024px) 100vw, 1024px\" \/><\/figure>\n<\/figure>\n\n\n\n<p>O mission\u00e1rio evangelista Ant\u00f4nio Geraldo Ferreira Silva atua na cidade de Santa Cruz de Salinas, no norte de Minas Gerais, parte do Campo de Cachoeira de Paje\u00fa, sob a lideran\u00e7a do pastor presidente Elias Dias Alves. Com apenas sete meses de trabalho mission\u00e1rio, Ant\u00f4nio Geraldo j\u00e1 acumulou experi\u00eancias significativas e transformadoras.<\/p>\n\n\n\n<p>Ant\u00f4nio Geraldo compartilhou que o trabalho mission\u00e1rio \u00e9 gratificante e proporciona experi\u00eancias inexplic\u00e1veis com Deus. &#8220;Nesses sete meses, temos visto o quanto Deus tem sido fiel a n\u00f3s, mission\u00e1rios no campo. Dia ap\u00f3s dia, Deus nos surpreende com a salva\u00e7\u00e3o de almas e vidas sendo transformadas. Milagres tamb\u00e9m t\u00eam acontecido,&#8221; testemunhou.<\/p>\n\n\n\n<p>Ele relatou uma experi\u00eancia pessoal marcante durante esse per\u00edodo. &#8220;Seis meses ap\u00f3s ingressar no campo mission\u00e1rio, minha esposa engravidou de nossa segunda filha. Foi uma gravidez de risco, devido a v\u00e1rios problemas de sa\u00fade, incluindo hipertens\u00e3o. Na primeira ultrassonografia, com quatro meses, o m\u00e9dico nos informou que nossa filha n\u00e3o seria perfeita e poderia ter v\u00e1rias s\u00edndromes, como microcefalia e S\u00edndrome de Patau, al\u00e9m de problemas no cr\u00e2nio. Por\u00e9m, em esp\u00edrito de ora\u00e7\u00e3o, fomos encaminhados a um especialista. Hoje, nossa filha, que completou tr\u00eas meses ontem, nasceu perfeita para a gl\u00f3ria de Deus,&#8221; compartilhou emocionado.<\/p>\n\n\n\n<p>Sobre o EMEBOM (Encontro de Mission\u00e1rios da Miss\u00e3o Boas Novas), Ant\u00f4nio Geraldo destacou a import\u00e2ncia do evento para os mission\u00e1rios. &#8220;O EMEBOM \u00e9 um refrig\u00e9rio para n\u00f3s que estamos no campo, enfrentando desafios di\u00e1rios. Este evento nos renova, traz um novo tempo para nossas vidas e fortalece nossas for\u00e7as, energias e f\u00e9. Al\u00e9m disso, nossos filhos tamb\u00e9m se beneficiam, pois no campo n\u00e3o temos muitos momentos de descontra\u00e7\u00e3o e aprendizado como aqui,&#8221; explicou.<\/p>\n\n\n\n<p>Ant\u00f4nio Geraldo \u00e9 pai de duas filhas, Elo\u00edsa, de 6 anos, e Helena, de 3 meses. Ele expressou sua gratid\u00e3o a Deus e ao minist\u00e9rio, especialmente ao pastor presidente Jo\u00e3o Paulo e ao diretor de miss\u00e3o, pastor Silvio Ramos, por confiarem e permitirem que ele e sua fam\u00edlia levem a palavra de Deus ao campo mission\u00e1rio. &#8220;Para n\u00f3s, \u00e9 motivo de imensa satisfa\u00e7\u00e3o e alegria,&#8221; concluiu.<\/p>\n\n\n\n<p>Evangelista Ant\u00f4nio Geraldo Ferreira Silva, agradecido por suas experi\u00eancias e fortalecido pela f\u00e9, continua seu trabalho mission\u00e1rio com dedica\u00e7\u00e3o e esperan\u00e7a, inspirado pelos milagres e transforma\u00e7\u00f5es que testemunha diariamente.<\/p>\n\n\n\n<p><strong>Mission\u00e1rio Gleidson Ant\u00f4nio de Almeida Bretas em Miss\u00e3o no Vale do Jequitinhonha<\/strong><\/p>\n\n\n\n<figure class=\"wp-block-gallery has-nested-images columns-default is-cropped wp-block-gallery-9 is-layout-flex wp-block-gallery-is-layout-flex\">\n<figure class=\"wp-block-image size-large\"><img loading=\"lazy\" decoding=\"async\" width=\"1024\" height=\"752\" data-id=\"35983\" src=\"https:\/\/jornalvaleevangelico.com.br\/wp-content\/uploads\/2024\/07\/DSC0012-Copy-6-1024x752.jpg\" alt=\"\" class=\"wp-image-35983\" srcset=\"https:\/\/jornalvaleevangelico.com.br\/wp-content\/uploads\/2024\/07\/DSC0012-Copy-6-1024x752.jpg 1024w, https:\/\/jornalvaleevangelico.com.br\/wp-content\/uploads\/2024\/07\/DSC0012-Copy-6-300x220.jpg 300w, https:\/\/jornalvaleevangelico.com.br\/wp-content\/uploads\/2024\/07\/DSC0012-Copy-6-768x564.jpg 768w, https:\/\/jornalvaleevangelico.com.br\/wp-content\/uploads\/2024\/07\/DSC0012-Copy-6-1536x1128.jpg 1536w, https:\/\/jornalvaleevangelico.com.br\/wp-content\/uploads\/2024\/07\/DSC0012-Copy-6.jpg 1638w\" sizes=\"(max-width: 1024px) 100vw, 1024px\" \/><\/figure>\n<\/figure>\n\n\n\n<p>O mission\u00e1rio presb\u00edtero Gleidson Ant\u00f4nio de Almeida Bretas est\u00e1 atuando em Presidente Kubitschek, no Vale do Jequitinhonha. Bretas ingressou na miss\u00e3o em 2017 e desde ent\u00e3o tem enfrentado diversas dificuldades em suas designa\u00e7\u00f5es, incluindo um ano no norte de Minas Gerais e duas vezes no Vale do Jequitinhonha.<\/p>\n\n\n\n<p>Ao longo desses sete anos, Bretas relata que cada localidade tem suas particularidades, mas sempre encontrou muitos desafios. &#8220;Deus tem nos dado vit\u00f3ria. Hoje estamos em uma regi\u00e3o mais tranquila, mas ainda enfrentamos dificuldades, especialmente na \u00e1rea financeira e no mercado de trabalho. Muitas pessoas migram para outras cidades em busca de emprego,&#8221; explicou.<\/p>\n\n\n\n<p>A resist\u00eancia religiosa \u00e9 outro obst\u00e1culo significativo que Bretas enfrenta. Ele comenta que o catolicismo \u00e9 a religi\u00e3o predominante na cidade, enquanto muitos que n\u00e3o s\u00e3o crist\u00e3os ou cat\u00f3licos ficam descompromissados com a religi\u00e3o. &#8220;H\u00e1 uma resist\u00eancia religiosa e uma inclina\u00e7\u00e3o contr\u00e1ria \u00e0 vida com Cristo. As pessoas n\u00e3o t\u00eam interesse em se render ao Evangelho,&#8221; afirmou Bretas.<\/p>\n\n\n\n<p>O mission\u00e1rio tamb\u00e9m destacou a import\u00e2ncia do evento EMIBOM (Encontro de Mission\u00e1rios da Miss\u00e3o Boas Novas). &#8220;O EMIBOM \u00e9 um evento de extrema signific\u00e2ncia. \u00c9 um momento de recriamento para os mission\u00e1rios, uma oportunidade para estreitar os la\u00e7os com as igrejas que nos mant\u00eam e com outros mission\u00e1rios. \u00c9 como uma reciclagem, que nos fortalece para voltarmos ao campo mission\u00e1rio mais preparados,&#8221; disse Bretas.<\/p>\n\n\n\n<p>Bretas \u00e9 casado com Carla e tem dois filhos: Karen, de 15 anos, e Adam, de 9 anos. Ele relata que a adolesc\u00eancia de Karen no campo mission\u00e1rio \u00e9 um desafio adicional. &#8220;\u00c9 muito dif\u00edcil, pois estamos em uma regi\u00e3o onde os jovens s\u00e3o propensos a relacionamentos sexuais precoces e descompromissados com a vida moral. Al\u00e9m disso, a \u00e1rea tem altos \u00edndices de suic\u00eddio, automutila\u00e7\u00e3o e ansiedade. Mas, com a gra\u00e7a de Deus, estamos vencendo,&#8221; concluiu Bretas.<\/p>\n\n\n\n<figure class=\"wp-block-gallery has-nested-images columns-default is-cropped wp-block-gallery-10 is-layout-flex wp-block-gallery-is-layout-flex\">\n<figure class=\"wp-block-image size-large\"><img loading=\"lazy\" decoding=\"async\" width=\"681\" height=\"1024\" data-id=\"36015\" src=\"https:\/\/jornalvaleevangelico.com.br\/wp-content\/uploads\/2024\/07\/DSC0063-Copy-4-681x1024.jpg\" alt=\"\" class=\"wp-image-36015\" srcset=\"https:\/\/jornalvaleevangelico.com.br\/wp-content\/uploads\/2024\/07\/DSC0063-Copy-4-681x1024.jpg 681w, https:\/\/jornalvaleevangelico.com.br\/wp-content\/uploads\/2024\/07\/DSC0063-Copy-4-200x300.jpg 200w, https:\/\/jornalvaleevangelico.com.br\/wp-content\/uploads\/2024\/07\/DSC0063-Copy-4-768x1155.jpg 768w, https:\/\/jornalvaleevangelico.com.br\/wp-content\/uploads\/2024\/07\/DSC0063-Copy-4-1021x1536.jpg 1021w, https:\/\/jornalvaleevangelico.com.br\/wp-content\/uploads\/2024\/07\/DSC0063-Copy-4-1362x2048.jpg 1362w, https:\/\/jornalvaleevangelico.com.br\/wp-content\/uploads\/2024\/07\/DSC0063-Copy-4-1024x1540.jpg 1024w, https:\/\/jornalvaleevangelico.com.br\/wp-content\/uploads\/2024\/07\/DSC0063-Copy-4.jpg 1600w\" sizes=\"(max-width: 681px) 100vw, 681px\" \/><\/figure>\n\n\n\n<figure class=\"wp-block-image size-large\"><img loading=\"lazy\" decoding=\"async\" width=\"681\" height=\"1024\" data-id=\"36014\" src=\"https:\/\/jornalvaleevangelico.com.br\/wp-content\/uploads\/2024\/07\/DSC0062-Copy-1-681x1024.jpg\" alt=\"\" class=\"wp-image-36014\" srcset=\"https:\/\/jornalvaleevangelico.com.br\/wp-content\/uploads\/2024\/07\/DSC0062-Copy-1-681x1024.jpg 681w, https:\/\/jornalvaleevangelico.com.br\/wp-content\/uploads\/2024\/07\/DSC0062-Copy-1-200x300.jpg 200w, https:\/\/jornalvaleevangelico.com.br\/wp-content\/uploads\/2024\/07\/DSC0062-Copy-1-768x1155.jpg 768w, https:\/\/jornalvaleevangelico.com.br\/wp-content\/uploads\/2024\/07\/DSC0062-Copy-1-1021x1536.jpg 1021w, https:\/\/jornalvaleevangelico.com.br\/wp-content\/uploads\/2024\/07\/DSC0062-Copy-1-1362x2048.jpg 1362w, https:\/\/jornalvaleevangelico.com.br\/wp-content\/uploads\/2024\/07\/DSC0062-Copy-1-1024x1540.jpg 1024w, https:\/\/jornalvaleevangelico.com.br\/wp-content\/uploads\/2024\/07\/DSC0062-Copy-1.jpg 1600w\" sizes=\"(max-width: 681px) 100vw, 681px\" \/><\/figure>\n<\/figure>\n\n\n\n<figure class=\"wp-block-gallery has-nested-images columns-default is-cropped wp-block-gallery-11 is-layout-flex wp-block-gallery-is-layout-flex\">\n<figure class=\"wp-block-image size-large\"><img loading=\"lazy\" decoding=\"async\" width=\"1024\" height=\"665\" data-id=\"36011\" src=\"https:\/\/jornalvaleevangelico.com.br\/wp-content\/uploads\/2024\/07\/DSC0017-Copy-4-1024x665.jpg\" alt=\"\" class=\"wp-image-36011\" srcset=\"https:\/\/jornalvaleevangelico.com.br\/wp-content\/uploads\/2024\/07\/DSC0017-Copy-4-1024x665.jpg 1024w, https:\/\/jornalvaleevangelico.com.br\/wp-content\/uploads\/2024\/07\/DSC0017-Copy-4-300x195.jpg 300w, https:\/\/jornalvaleevangelico.com.br\/wp-content\/uploads\/2024\/07\/DSC0017-Copy-4-768x498.jpg 768w, https:\/\/jornalvaleevangelico.com.br\/wp-content\/uploads\/2024\/07\/DSC0017-Copy-4-1536x997.jpg 1536w, https:\/\/jornalvaleevangelico.com.br\/wp-content\/uploads\/2024\/07\/DSC0017-Copy-4.jpg 1952w\" sizes=\"(max-width: 1024px) 100vw, 1024px\" \/><\/figure>\n\n\n\n<figure class=\"wp-block-image size-large\"><img loading=\"lazy\" decoding=\"async\" width=\"1024\" height=\"681\" data-id=\"36008\" src=\"https:\/\/jornalvaleevangelico.com.br\/wp-content\/uploads\/2024\/07\/DSC0014-Copy-3-1024x681.jpg\" alt=\"\" class=\"wp-image-36008\" srcset=\"https:\/\/jornalvaleevangelico.com.br\/wp-content\/uploads\/2024\/07\/DSC0014-Copy-3-1024x681.jpg 1024w, https:\/\/jornalvaleevangelico.com.br\/wp-content\/uploads\/2024\/07\/DSC0014-Copy-3-300x200.jpg 300w, https:\/\/jornalvaleevangelico.com.br\/wp-content\/uploads\/2024\/07\/DSC0014-Copy-3-768x511.jpg 768w, https:\/\/jornalvaleevangelico.com.br\/wp-content\/uploads\/2024\/07\/DSC0014-Copy-3-1536x1021.jpg 1536w, https:\/\/jornalvaleevangelico.com.br\/wp-content\/uploads\/2024\/07\/DSC0014-Copy-3-2048x1362.jpg 2048w\" sizes=\"(max-width: 1024px) 100vw, 1024px\" \/><\/figure>\n\n\n\n<figure class=\"wp-block-image size-large\"><img loading=\"lazy\" decoding=\"async\" width=\"1024\" height=\"681\" data-id=\"36007\" src=\"https:\/\/jornalvaleevangelico.com.br\/wp-content\/uploads\/2024\/07\/DSC0013-Copy-4-1024x681.jpg\" alt=\"\" class=\"wp-image-36007\" srcset=\"https:\/\/jornalvaleevangelico.com.br\/wp-content\/uploads\/2024\/07\/DSC0013-Copy-4-1024x681.jpg 1024w, https:\/\/jornalvaleevangelico.com.br\/wp-content\/uploads\/2024\/07\/DSC0013-Copy-4-300x200.jpg 300w, https:\/\/jornalvaleevangelico.com.br\/wp-content\/uploads\/2024\/07\/DSC0013-Copy-4-768x511.jpg 768w, https:\/\/jornalvaleevangelico.com.br\/wp-content\/uploads\/2024\/07\/DSC0013-Copy-4-1536x1021.jpg 1536w, https:\/\/jornalvaleevangelico.com.br\/wp-content\/uploads\/2024\/07\/DSC0013-Copy-4-2048x1362.jpg 2048w\" sizes=\"(max-width: 1024px) 100vw, 1024px\" \/><\/figure>\n\n\n\n<figure class=\"wp-block-image size-large\"><img loading=\"lazy\" decoding=\"async\" width=\"1024\" height=\"681\" data-id=\"36002\" src=\"https:\/\/jornalvaleevangelico.com.br\/wp-content\/uploads\/2024\/07\/DSC0002-Copy-1-1024x681.jpg\" alt=\"\" class=\"wp-image-36002\" srcset=\"https:\/\/jornalvaleevangelico.com.br\/wp-content\/uploads\/2024\/07\/DSC0002-Copy-1-1024x681.jpg 1024w, https:\/\/jornalvaleevangelico.com.br\/wp-content\/uploads\/2024\/07\/DSC0002-Copy-1-300x200.jpg 300w, https:\/\/jornalvaleevangelico.com.br\/wp-content\/uploads\/2024\/07\/DSC0002-Copy-1-768x511.jpg 768w, https:\/\/jornalvaleevangelico.com.br\/wp-content\/uploads\/2024\/07\/DSC0002-Copy-1-1536x1021.jpg 1536w, https:\/\/jornalvaleevangelico.com.br\/wp-content\/uploads\/2024\/07\/DSC0002-Copy-1-2048x1362.jpg 2048w\" sizes=\"(max-width: 1024px) 100vw, 1024px\" \/><\/figure>\n\n\n\n<figure class=\"wp-block-image size-large\"><img loading=\"lazy\" decoding=\"async\" width=\"1024\" height=\"681\" data-id=\"36003\" src=\"https:\/\/jornalvaleevangelico.com.br\/wp-content\/uploads\/2024\/07\/DSC0003-Copy-4-1024x681.jpg\" alt=\"\" class=\"wp-image-36003\" srcset=\"https:\/\/jornalvaleevangelico.com.br\/wp-content\/uploads\/2024\/07\/DSC0003-Copy-4-1024x681.jpg 1024w, https:\/\/jornalvaleevangelico.com.br\/wp-content\/uploads\/2024\/07\/DSC0003-Copy-4-300x200.jpg 300w, https:\/\/jornalvaleevangelico.com.br\/wp-content\/uploads\/2024\/07\/DSC0003-Copy-4-768x511.jpg 768w, https:\/\/jornalvaleevangelico.com.br\/wp-content\/uploads\/2024\/07\/DSC0003-Copy-4-1536x1021.jpg 1536w, https:\/\/jornalvaleevangelico.com.br\/wp-content\/uploads\/2024\/07\/DSC0003-Copy-4-2048x1362.jpg 2048w\" sizes=\"(max-width: 1024px) 100vw, 1024px\" \/><\/figure>\n\n\n\n<figure class=\"wp-block-image size-large\"><img loading=\"lazy\" decoding=\"async\" width=\"1024\" height=\"681\" data-id=\"36004\" src=\"https:\/\/jornalvaleevangelico.com.br\/wp-content\/uploads\/2024\/07\/DSC0004-Copy-2-1024x681.jpg\" alt=\"\" class=\"wp-image-36004\" srcset=\"https:\/\/jornalvaleevangelico.com.br\/wp-content\/uploads\/2024\/07\/DSC0004-Copy-2-1024x681.jpg 1024w, https:\/\/jornalvaleevangelico.com.br\/wp-content\/uploads\/2024\/07\/DSC0004-Copy-2-300x200.jpg 300w, https:\/\/jornalvaleevangelico.com.br\/wp-content\/uploads\/2024\/07\/DSC0004-Copy-2-768x511.jpg 768w, https:\/\/jornalvaleevangelico.com.br\/wp-content\/uploads\/2024\/07\/DSC0004-Copy-2-1536x1021.jpg 1536w, https:\/\/jornalvaleevangelico.com.br\/wp-content\/uploads\/2024\/07\/DSC0004-Copy-2-2048x1362.jpg 2048w\" sizes=\"(max-width: 1024px) 100vw, 1024px\" \/><\/figure>\n\n\n\n<figure class=\"wp-block-image size-large\"><img loading=\"lazy\" decoding=\"async\" width=\"1024\" height=\"681\" data-id=\"36005\" src=\"https:\/\/jornalvaleevangelico.com.br\/wp-content\/uploads\/2024\/07\/DSC0006-Copy-4-1024x681.jpg\" alt=\"\" class=\"wp-image-36005\" srcset=\"https:\/\/jornalvaleevangelico.com.br\/wp-content\/uploads\/2024\/07\/DSC0006-Copy-4-1024x681.jpg 1024w, https:\/\/jornalvaleevangelico.com.br\/wp-content\/uploads\/2024\/07\/DSC0006-Copy-4-300x200.jpg 300w, https:\/\/jornalvaleevangelico.com.br\/wp-content\/uploads\/2024\/07\/DSC0006-Copy-4-768x511.jpg 768w, https:\/\/jornalvaleevangelico.com.br\/wp-content\/uploads\/2024\/07\/DSC0006-Copy-4-1536x1021.jpg 1536w, https:\/\/jornalvaleevangelico.com.br\/wp-content\/uploads\/2024\/07\/DSC0006-Copy-4-2048x1362.jpg 2048w\" sizes=\"(max-width: 1024px) 100vw, 1024px\" \/><\/figure>\n\n\n\n<figure class=\"wp-block-image size-large\"><img loading=\"lazy\" decoding=\"async\" width=\"1024\" height=\"681\" data-id=\"36000\" src=\"https:\/\/jornalvaleevangelico.com.br\/wp-content\/uploads\/2024\/07\/DSC0057-Copy-3-1024x681.jpg\" alt=\"\" class=\"wp-image-36000\" srcset=\"https:\/\/jornalvaleevangelico.com.br\/wp-content\/uploads\/2024\/07\/DSC0057-Copy-3-1024x681.jpg 1024w, https:\/\/jornalvaleevangelico.com.br\/wp-content\/uploads\/2024\/07\/DSC0057-Copy-3-300x200.jpg 300w, https:\/\/jornalvaleevangelico.com.br\/wp-content\/uploads\/2024\/07\/DSC0057-Copy-3-768x511.jpg 768w, https:\/\/jornalvaleevangelico.com.br\/wp-content\/uploads\/2024\/07\/DSC0057-Copy-3-1536x1021.jpg 1536w, https:\/\/jornalvaleevangelico.com.br\/wp-content\/uploads\/2024\/07\/DSC0057-Copy-3-2048x1362.jpg 2048w\" sizes=\"(max-width: 1024px) 100vw, 1024px\" \/><\/figure>\n\n\n\n<figure class=\"wp-block-image size-large\"><img loading=\"lazy\" decoding=\"async\" width=\"1024\" height=\"681\" data-id=\"35999\" src=\"https:\/\/jornalvaleevangelico.com.br\/wp-content\/uploads\/2024\/07\/DSC0053-Copy-6-1024x681.jpg\" alt=\"\" class=\"wp-image-35999\" srcset=\"https:\/\/jornalvaleevangelico.com.br\/wp-content\/uploads\/2024\/07\/DSC0053-Copy-6-1024x681.jpg 1024w, https:\/\/jornalvaleevangelico.com.br\/wp-content\/uploads\/2024\/07\/DSC0053-Copy-6-300x200.jpg 300w, https:\/\/jornalvaleevangelico.com.br\/wp-content\/uploads\/2024\/07\/DSC0053-Copy-6-768x511.jpg 768w, https:\/\/jornalvaleevangelico.com.br\/wp-content\/uploads\/2024\/07\/DSC0053-Copy-6-1536x1021.jpg 1536w, https:\/\/jornalvaleevangelico.com.br\/wp-content\/uploads\/2024\/07\/DSC0053-Copy-6-2048x1362.jpg 2048w\" sizes=\"(max-width: 1024px) 100vw, 1024px\" \/><\/figure>\n\n\n\n<figure class=\"wp-block-image size-large\"><img loading=\"lazy\" decoding=\"async\" width=\"1024\" height=\"696\" data-id=\"35998\" src=\"https:\/\/jornalvaleevangelico.com.br\/wp-content\/uploads\/2024\/07\/DSC0050-Copy-6-1024x696.jpg\" alt=\"\" class=\"wp-image-35998\" srcset=\"https:\/\/jornalvaleevangelico.com.br\/wp-content\/uploads\/2024\/07\/DSC0050-Copy-6-1024x696.jpg 1024w, https:\/\/jornalvaleevangelico.com.br\/wp-content\/uploads\/2024\/07\/DSC0050-Copy-6-300x204.jpg 300w, https:\/\/jornalvaleevangelico.com.br\/wp-content\/uploads\/2024\/07\/DSC0050-Copy-6-768x522.jpg 768w, https:\/\/jornalvaleevangelico.com.br\/wp-content\/uploads\/2024\/07\/DSC0050-Copy-6-1536x1045.jpg 1536w, https:\/\/jornalvaleevangelico.com.br\/wp-content\/uploads\/2024\/07\/DSC0050-Copy-6.jpg 1919w\" sizes=\"(max-width: 1024px) 100vw, 1024px\" \/><\/figure>\n\n\n\n<figure class=\"wp-block-image size-large\"><img loading=\"lazy\" decoding=\"async\" width=\"1024\" height=\"681\" data-id=\"36001\" src=\"https:\/\/jornalvaleevangelico.com.br\/wp-content\/uploads\/2024\/07\/DSC0058-Copy-1-1024x681.jpg\" alt=\"\" class=\"wp-image-36001\" srcset=\"https:\/\/jornalvaleevangelico.com.br\/wp-content\/uploads\/2024\/07\/DSC0058-Copy-1-1024x681.jpg 1024w, https:\/\/jornalvaleevangelico.com.br\/wp-content\/uploads\/2024\/07\/DSC0058-Copy-1-300x200.jpg 300w, https:\/\/jornalvaleevangelico.com.br\/wp-content\/uploads\/2024\/07\/DSC0058-Copy-1-768x511.jpg 768w, https:\/\/jornalvaleevangelico.com.br\/wp-content\/uploads\/2024\/07\/DSC0058-Copy-1-1536x1021.jpg 1536w, https:\/\/jornalvaleevangelico.com.br\/wp-content\/uploads\/2024\/07\/DSC0058-Copy-1-2048x1362.jpg 2048w\" sizes=\"(max-width: 1024px) 100vw, 1024px\" \/><\/figure>\n\n\n\n<figure class=\"wp-block-image size-large\"><img loading=\"lazy\" decoding=\"async\" width=\"1024\" height=\"681\" data-id=\"35996\" src=\"https:\/\/jornalvaleevangelico.com.br\/wp-content\/uploads\/2024\/07\/DSC0048-Copy-3-1024x681.jpg\" alt=\"\" class=\"wp-image-35996\" srcset=\"https:\/\/jornalvaleevangelico.com.br\/wp-content\/uploads\/2024\/07\/DSC0048-Copy-3-1024x681.jpg 1024w, https:\/\/jornalvaleevangelico.com.br\/wp-content\/uploads\/2024\/07\/DSC0048-Copy-3-300x200.jpg 300w, https:\/\/jornalvaleevangelico.com.br\/wp-content\/uploads\/2024\/07\/DSC0048-Copy-3-768x511.jpg 768w, https:\/\/jornalvaleevangelico.com.br\/wp-content\/uploads\/2024\/07\/DSC0048-Copy-3-1536x1021.jpg 1536w, https:\/\/jornalvaleevangelico.com.br\/wp-content\/uploads\/2024\/07\/DSC0048-Copy-3-2048x1362.jpg 2048w\" sizes=\"(max-width: 1024px) 100vw, 1024px\" \/><\/figure>\n\n\n\n<figure class=\"wp-block-image size-large\"><img loading=\"lazy\" decoding=\"async\" width=\"1024\" height=\"681\" data-id=\"35997\" src=\"https:\/\/jornalvaleevangelico.com.br\/wp-content\/uploads\/2024\/07\/DSC0049-Copy-4-1024x681.jpg\" alt=\"\" class=\"wp-image-35997\" srcset=\"https:\/\/jornalvaleevangelico.com.br\/wp-content\/uploads\/2024\/07\/DSC0049-Copy-4-1024x681.jpg 1024w, https:\/\/jornalvaleevangelico.com.br\/wp-content\/uploads\/2024\/07\/DSC0049-Copy-4-300x200.jpg 300w, https:\/\/jornalvaleevangelico.com.br\/wp-content\/uploads\/2024\/07\/DSC0049-Copy-4-768x511.jpg 768w, https:\/\/jornalvaleevangelico.com.br\/wp-content\/uploads\/2024\/07\/DSC0049-Copy-4-1536x1021.jpg 1536w, https:\/\/jornalvaleevangelico.com.br\/wp-content\/uploads\/2024\/07\/DSC0049-Copy-4-2048x1362.jpg 2048w\" sizes=\"(max-width: 1024px) 100vw, 1024px\" \/><\/figure>\n\n\n\n<figure class=\"wp-block-image size-large\"><img loading=\"lazy\" decoding=\"async\" width=\"1024\" height=\"681\" data-id=\"35995\" src=\"https:\/\/jornalvaleevangelico.com.br\/wp-content\/uploads\/2024\/07\/DSC0047-Copy-2-1024x681.jpg\" alt=\"\" class=\"wp-image-35995\" srcset=\"https:\/\/jornalvaleevangelico.com.br\/wp-content\/uploads\/2024\/07\/DSC0047-Copy-2-1024x681.jpg 1024w, https:\/\/jornalvaleevangelico.com.br\/wp-content\/uploads\/2024\/07\/DSC0047-Copy-2-300x200.jpg 300w, https:\/\/jornalvaleevangelico.com.br\/wp-content\/uploads\/2024\/07\/DSC0047-Copy-2-768x511.jpg 768w, https:\/\/jornalvaleevangelico.com.br\/wp-content\/uploads\/2024\/07\/DSC0047-Copy-2-1536x1021.jpg 1536w, https:\/\/jornalvaleevangelico.com.br\/wp-content\/uploads\/2024\/07\/DSC0047-Copy-2-2048x1362.jpg 2048w\" sizes=\"(max-width: 1024px) 100vw, 1024px\" \/><\/figure>\n\n\n\n<figure class=\"wp-block-image size-large\"><img loading=\"lazy\" decoding=\"async\" width=\"1024\" height=\"681\" data-id=\"35994\" src=\"https:\/\/jornalvaleevangelico.com.br\/wp-content\/uploads\/2024\/07\/DSC0046-Copy-4-1024x681.jpg\" alt=\"\" class=\"wp-image-35994\" srcset=\"https:\/\/jornalvaleevangelico.com.br\/wp-content\/uploads\/2024\/07\/DSC0046-Copy-4-1024x681.jpg 1024w, https:\/\/jornalvaleevangelico.com.br\/wp-content\/uploads\/2024\/07\/DSC0046-Copy-4-300x200.jpg 300w, https:\/\/jornalvaleevangelico.com.br\/wp-content\/uploads\/2024\/07\/DSC0046-Copy-4-768x511.jpg 768w, https:\/\/jornalvaleevangelico.com.br\/wp-content\/uploads\/2024\/07\/DSC0046-Copy-4-1536x1021.jpg 1536w, https:\/\/jornalvaleevangelico.com.br\/wp-content\/uploads\/2024\/07\/DSC0046-Copy-4-2048x1362.jpg 2048w\" sizes=\"(max-width: 1024px) 100vw, 1024px\" \/><\/figure>\n\n\n\n<figure class=\"wp-block-image size-large\"><img loading=\"lazy\" decoding=\"async\" width=\"1024\" height=\"787\" data-id=\"35993\" src=\"https:\/\/jornalvaleevangelico.com.br\/wp-content\/uploads\/2024\/07\/DSC0043-Copy-5-1024x787.jpg\" alt=\"\" class=\"wp-image-35993\" srcset=\"https:\/\/jornalvaleevangelico.com.br\/wp-content\/uploads\/2024\/07\/DSC0043-Copy-5-1024x787.jpg 1024w, https:\/\/jornalvaleevangelico.com.br\/wp-content\/uploads\/2024\/07\/DSC0043-Copy-5-300x231.jpg 300w, https:\/\/jornalvaleevangelico.com.br\/wp-content\/uploads\/2024\/07\/DSC0043-Copy-5-768x590.jpg 768w, https:\/\/jornalvaleevangelico.com.br\/wp-content\/uploads\/2024\/07\/DSC0043-Copy-5-1536x1180.jpg 1536w, https:\/\/jornalvaleevangelico.com.br\/wp-content\/uploads\/2024\/07\/DSC0043-Copy-5.jpg 1823w\" sizes=\"(max-width: 1024px) 100vw, 1024px\" \/><\/figure>\n\n\n\n<figure class=\"wp-block-image size-large\"><img loading=\"lazy\" decoding=\"async\" width=\"1024\" height=\"614\" data-id=\"35992\" src=\"https:\/\/jornalvaleevangelico.com.br\/wp-content\/uploads\/2024\/07\/DSC0040-Copy-2-1024x614.jpg\" alt=\"\" class=\"wp-image-35992\" srcset=\"https:\/\/jornalvaleevangelico.com.br\/wp-content\/uploads\/2024\/07\/DSC0040-Copy-2-1024x614.jpg 1024w, https:\/\/jornalvaleevangelico.com.br\/wp-content\/uploads\/2024\/07\/DSC0040-Copy-2-300x180.jpg 300w, https:\/\/jornalvaleevangelico.com.br\/wp-content\/uploads\/2024\/07\/DSC0040-Copy-2-768x461.jpg 768w, https:\/\/jornalvaleevangelico.com.br\/wp-content\/uploads\/2024\/07\/DSC0040-Copy-2-1536x921.jpg 1536w, https:\/\/jornalvaleevangelico.com.br\/wp-content\/uploads\/2024\/07\/DSC0040-Copy-2-2048x1228.jpg 2048w\" sizes=\"(max-width: 1024px) 100vw, 1024px\" \/><\/figure>\n\n\n\n<figure class=\"wp-block-image size-large\"><img loading=\"lazy\" decoding=\"async\" width=\"1024\" height=\"730\" data-id=\"35989\" src=\"https:\/\/jornalvaleevangelico.com.br\/wp-content\/uploads\/2024\/07\/DSC0034-Copy-2-1024x730.jpg\" alt=\"\" class=\"wp-image-35989\" srcset=\"https:\/\/jornalvaleevangelico.com.br\/wp-content\/uploads\/2024\/07\/DSC0034-Copy-2-1024x730.jpg 1024w, https:\/\/jornalvaleevangelico.com.br\/wp-content\/uploads\/2024\/07\/DSC0034-Copy-2-300x214.jpg 300w, https:\/\/jornalvaleevangelico.com.br\/wp-content\/uploads\/2024\/07\/DSC0034-Copy-2-768x548.jpg 768w, https:\/\/jornalvaleevangelico.com.br\/wp-content\/uploads\/2024\/07\/DSC0034-Copy-2-1536x1095.jpg 1536w, https:\/\/jornalvaleevangelico.com.br\/wp-content\/uploads\/2024\/07\/DSC0034-Copy-2-2048x1461.jpg 2048w\" sizes=\"(max-width: 1024px) 100vw, 1024px\" \/><\/figure>\n\n\n\n<figure class=\"wp-block-image size-large\"><img loading=\"lazy\" decoding=\"async\" width=\"1024\" height=\"679\" data-id=\"35988\" src=\"https:\/\/jornalvaleevangelico.com.br\/wp-content\/uploads\/2024\/07\/DSC0032-Copy-7-1024x679.jpg\" alt=\"\" class=\"wp-image-35988\" srcset=\"https:\/\/jornalvaleevangelico.com.br\/wp-content\/uploads\/2024\/07\/DSC0032-Copy-7-1024x679.jpg 1024w, https:\/\/jornalvaleevangelico.com.br\/wp-content\/uploads\/2024\/07\/DSC0032-Copy-7-300x199.jpg 300w, https:\/\/jornalvaleevangelico.com.br\/wp-content\/uploads\/2024\/07\/DSC0032-Copy-7-768x509.jpg 768w, https:\/\/jornalvaleevangelico.com.br\/wp-content\/uploads\/2024\/07\/DSC0032-Copy-7-1536x1018.jpg 1536w, https:\/\/jornalvaleevangelico.com.br\/wp-content\/uploads\/2024\/07\/DSC0032-Copy-7-2048x1358.jpg 2048w\" sizes=\"(max-width: 1024px) 100vw, 1024px\" \/><\/figure>\n\n\n\n<figure class=\"wp-block-image size-large\"><img loading=\"lazy\" decoding=\"async\" width=\"1024\" height=\"681\" data-id=\"35987\" src=\"https:\/\/jornalvaleevangelico.com.br\/wp-content\/uploads\/2024\/07\/DSC0030-Copy-4-1024x681.jpg\" alt=\"\" class=\"wp-image-35987\" srcset=\"https:\/\/jornalvaleevangelico.com.br\/wp-content\/uploads\/2024\/07\/DSC0030-Copy-4-1024x681.jpg 1024w, https:\/\/jornalvaleevangelico.com.br\/wp-content\/uploads\/2024\/07\/DSC0030-Copy-4-300x200.jpg 300w, https:\/\/jornalvaleevangelico.com.br\/wp-content\/uploads\/2024\/07\/DSC0030-Copy-4-768x511.jpg 768w, https:\/\/jornalvaleevangelico.com.br\/wp-content\/uploads\/2024\/07\/DSC0030-Copy-4-1536x1021.jpg 1536w, https:\/\/jornalvaleevangelico.com.br\/wp-content\/uploads\/2024\/07\/DSC0030-Copy-4-2048x1362.jpg 2048w\" sizes=\"(max-width: 1024px) 100vw, 1024px\" \/><\/figure>\n\n\n\n<figure class=\"wp-block-image size-large\"><img loading=\"lazy\" decoding=\"async\" width=\"1024\" height=\"681\" data-id=\"35986\" src=\"https:\/\/jornalvaleevangelico.com.br\/wp-content\/uploads\/2024\/07\/DSC0029-Copy-6-1024x681.jpg\" alt=\"\" class=\"wp-image-35986\" srcset=\"https:\/\/jornalvaleevangelico.com.br\/wp-content\/uploads\/2024\/07\/DSC0029-Copy-6-1024x681.jpg 1024w, https:\/\/jornalvaleevangelico.com.br\/wp-content\/uploads\/2024\/07\/DSC0029-Copy-6-300x200.jpg 300w, https:\/\/jornalvaleevangelico.com.br\/wp-content\/uploads\/2024\/07\/DSC0029-Copy-6-768x511.jpg 768w, https:\/\/jornalvaleevangelico.com.br\/wp-content\/uploads\/2024\/07\/DSC0029-Copy-6-1536x1021.jpg 1536w, https:\/\/jornalvaleevangelico.com.br\/wp-content\/uploads\/2024\/07\/DSC0029-Copy-6-2048x1362.jpg 2048w\" sizes=\"(max-width: 1024px) 100vw, 1024px\" \/><\/figure>\n\n\n\n<figure class=\"wp-block-image size-large\"><img loading=\"lazy\" decoding=\"async\" width=\"1024\" height=\"681\" data-id=\"35985\" src=\"https:\/\/jornalvaleevangelico.com.br\/wp-content\/uploads\/2024\/07\/DSC0027-Copy-3-1024x681.jpg\" alt=\"\" class=\"wp-image-35985\" srcset=\"https:\/\/jornalvaleevangelico.com.br\/wp-content\/uploads\/2024\/07\/DSC0027-Copy-3-1024x681.jpg 1024w, https:\/\/jornalvaleevangelico.com.br\/wp-content\/uploads\/2024\/07\/DSC0027-Copy-3-300x200.jpg 300w, https:\/\/jornalvaleevangelico.com.br\/wp-content\/uploads\/2024\/07\/DSC0027-Copy-3-768x511.jpg 768w, https:\/\/jornalvaleevangelico.com.br\/wp-content\/uploads\/2024\/07\/DSC0027-Copy-3-1536x1021.jpg 1536w, https:\/\/jornalvaleevangelico.com.br\/wp-content\/uploads\/2024\/07\/DSC0027-Copy-3-2048x1362.jpg 2048w\" sizes=\"(max-width: 1024px) 100vw, 1024px\" \/><\/figure>\n\n\n\n<figure class=\"wp-block-image size-large\"><img loading=\"lazy\" decoding=\"async\" width=\"1024\" height=\"681\" data-id=\"35980\" src=\"https:\/\/jornalvaleevangelico.com.br\/wp-content\/uploads\/2024\/07\/DSC0005-Copy-4-1024x681.jpg\" alt=\"\" class=\"wp-image-35980\" srcset=\"https:\/\/jornalvaleevangelico.com.br\/wp-content\/uploads\/2024\/07\/DSC0005-Copy-4-1024x681.jpg 1024w, https:\/\/jornalvaleevangelico.com.br\/wp-content\/uploads\/2024\/07\/DSC0005-Copy-4-300x200.jpg 300w, https:\/\/jornalvaleevangelico.com.br\/wp-content\/uploads\/2024\/07\/DSC0005-Copy-4-768x511.jpg 768w, https:\/\/jornalvaleevangelico.com.br\/wp-content\/uploads\/2024\/07\/DSC0005-Copy-4-1536x1021.jpg 1536w, https:\/\/jornalvaleevangelico.com.br\/wp-content\/uploads\/2024\/07\/DSC0005-Copy-4-2048x1362.jpg 2048w\" sizes=\"(max-width: 1024px) 100vw, 1024px\" \/><\/figure>\n\n\n\n<figure class=\"wp-block-image size-large\"><img loading=\"lazy\" decoding=\"async\" width=\"1024\" height=\"681\" data-id=\"35979\" src=\"https:\/\/jornalvaleevangelico.com.br\/wp-content\/uploads\/2024\/07\/DSC0001-Copy-4-1024x681.jpg\" alt=\"\" class=\"wp-image-35979\" srcset=\"https:\/\/jornalvaleevangelico.com.br\/wp-content\/uploads\/2024\/07\/DSC0001-Copy-4-1024x681.jpg 1024w, https:\/\/jornalvaleevangelico.com.br\/wp-content\/uploads\/2024\/07\/DSC0001-Copy-4-300x199.jpg 300w, https:\/\/jornalvaleevangelico.com.br\/wp-content\/uploads\/2024\/07\/DSC0001-Copy-4-768x511.jpg 768w, https:\/\/jornalvaleevangelico.com.br\/wp-content\/uploads\/2024\/07\/DSC0001-Copy-4-1536x1021.jpg 1536w, https:\/\/jornalvaleevangelico.com.br\/wp-content\/uploads\/2024\/07\/DSC0001-Copy-4-2048x1361.jpg 2048w\" sizes=\"(max-width: 1024px) 100vw, 1024px\" \/><\/figure>\n<\/figure>\n<div class=\"jorna-rodape jorna-entity-placement\" id=\"jorna-663616103\"><div id=\"jorna-3324787065\"><a href=\"https:\/\/gkscontabilidade.com\/\" aria-label=\"GKS Contabilidade\"><img src=\"https:\/\/jornalvaleevangelico.com.br\/wp-content\/uploads\/2023\/05\/GKS-Contabilidade.jpeg\" alt=\"\"  srcset=\"https:\/\/jornalvaleevangelico.com.br\/wp-content\/uploads\/2023\/05\/GKS-Contabilidade.jpeg 1600w, https:\/\/jornalvaleevangelico.com.br\/wp-content\/uploads\/2023\/05\/GKS-Contabilidade-300x65.jpeg 300w, https:\/\/jornalvaleevangelico.com.br\/wp-content\/uploads\/2023\/05\/GKS-Contabilidade-1024x223.jpeg 1024w, https:\/\/jornalvaleevangelico.com.br\/wp-content\/uploads\/2023\/05\/GKS-Contabilidade-768x168.jpeg 768w, https:\/\/jornalvaleevangelico.com.br\/wp-content\/uploads\/2023\/05\/GKS-Contabilidade-1536x335.jpeg 1536w\" sizes=\"(max-width: 1600px) 100vw, 1600px\" width=\"1600\" height=\"349\"   \/><\/a><\/div><\/div>","protected":false},"excerpt":{"rendered":"<p>Vis\u00e3o e Experi\u00eancias do Pr. S\u00edlvio Tomaz no Encontro de Mission\u00e1rios da Miss\u00e3o Boas Novas&#8230;<\/p>\n","protected":false},"author":2,"featured_media":35991,"comment_status":"open","ping_status":"open","sticky":false,"template":"","format":"standard","meta":{"_mi_skip_tracking":false,"_monsterinsights_sitenote_active":false,"_monsterinsights_sitenote_note":"","_monsterinsights_sitenote_category":0,"footnotes":""},"categories":[7,15,2],"tags":[],"class_list":["post-35978","post","type-post","status-publish","format-standard","has-post-thumbnail","hentry","category-missoes","category-mundo-cristao","category-noticia"],"_links":{"self":[{"href":"https:\/\/jornalvaleevangelico.com.br\/index.php\/wp-json\/wp\/v2\/posts\/35978","targetHints":{"allow":["GET"]}}],"collection":[{"href":"https:\/\/jornalvaleevangelico.com.br\/index.php\/wp-json\/wp\/v2\/posts"}],"about":[{"href":"https:\/\/jornalvaleevangelico.com.br\/index.php\/wp-json\/wp\/v2\/types\/post"}],"author":[{"embeddable":true,"href":"https:\/\/jornalvaleevangelico.com.br\/index.php\/wp-json\/wp\/v2\/users\/2"}],"replies":[{"embeddable":true,"href":"https:\/\/jornalvaleevangelico.com.br\/index.php\/wp-json\/wp\/v2\/comments?post=35978"}],"version-history":[{"count":1,"href":"https:\/\/jornalvaleevangelico.com.br\/index.php\/wp-json\/wp\/v2\/posts\/35978\/revisions"}],"predecessor-version":[{"id":36016,"href":"https:\/\/jornalvaleevangelico.com.br\/index.php\/wp-json\/wp\/v2\/posts\/35978\/revisions\/36016"}],"wp:featuredmedia":[{"embeddable":true,"href":"https:\/\/jornalvaleevangelico.com.br\/index.php\/wp-json\/wp\/v2\/media\/35991"}],"wp:attachment":[{"href":"https:\/\/jornalvaleevangelico.com.br\/index.php\/wp-json\/wp\/v2\/media?parent=35978"}],"wp:term":[{"taxonomy":"category","embeddable":true,"href":"https:\/\/jornalvaleevangelico.com.br\/index.php\/wp-json\/wp\/v2\/categories?post=35978"},{"taxonomy":"post_tag","embeddable":true,"href":"https:\/\/jornalvaleevangelico.com.br\/index.php\/wp-json\/wp\/v2\/tags?post=35978"}],"curies":[{"name":"wp","href":"https:\/\/api.w.org\/{rel}","templated":true}]}}