{"id":37492,"date":"2024-09-17T17:38:33","date_gmt":"2024-09-17T20:38:33","guid":{"rendered":"https:\/\/jornalvaleevangelico.com.br\/?p=37492"},"modified":"2024-09-17T17:45:09","modified_gmt":"2024-09-17T20:45:09","slug":"cubanos-vivem-escassez-que-vai-de-alimentos-basicos-a-remedios","status":"publish","type":"post","link":"https:\/\/jornalvaleevangelico.com.br\/index.php\/2024\/09\/17\/cubanos-vivem-escassez-que-vai-de-alimentos-basicos-a-remedios\/","title":{"rendered":"Cubanos vivem escassez que vai de alimentos b\u00e1sicos a rem\u00e9dios"},"content":{"rendered":"\n<h2 class=\"wp-block-heading\">Situa\u00e7\u00e3o na ilha caribenha \u00e9 dram\u00e1tica e faz muitos cidad\u00e3os deixarem o pa\u00eds<\/h2>\n\n\n\n<p>A realidade vivida pela popula\u00e7\u00e3o de&nbsp;<a href=\"http:\/\/pleno.news\/tag\/cuba\" target=\"_blank\" rel=\"noreferrer noopener\">Cuba<\/a>&nbsp;\u00e9 um assunto que sempre gera muita pol\u00eamica no&nbsp;<a href=\"http:\/\/pleno.news\/tag\/brasil\" target=\"_blank\" rel=\"noreferrer noopener\">Brasil<\/a>. Se, de um lado, ainda existem aqueles que defendem o regime pol\u00edtico e econ\u00f4mico da ilha caribenha, o que se v\u00ea na realidade s\u00e3o in\u00fameras den\u00fancias sobre a fome que marca o dia a dia de muitos cubanos, o que for\u00e7a milhares deles a deixarem o pa\u00eds em busca de uma vida melhor.<\/p>\n\n\n\n<p>Um retrato da fome em territ\u00f3rio cubano foi narrado em uma reportagem publicada recentemente pelo jornal Folha de S.Paulo, que relatou que, al\u00e9m dos alimentos, medicamentos considerados b\u00e1sicos no Brasil, como o Tylenol, s\u00e3o de dif\u00edcil acesso aos cidad\u00e3os que precisam se submeter \u00e0s regras do regime chefiado atualmente por Miguel D\u00edaz-Canel.<\/p>\n\n\n\n<p>De acordo com o ve\u00edculo, moradores da ilha dizem que n\u00e3o \u00e9 f\u00e1cil fazer tr\u00eas refei\u00e7\u00f5es completas por dia. H\u00e1, por exemplo, restri\u00e7\u00e3o na oferta de muitos itens aliment\u00edcios, o que faz com que, dependendo da semana, falte at\u00e9 mesmo um simples macarr\u00e3o.<\/p>\n\n\n\n<p>Um dos inimigos do bolso da popula\u00e7\u00e3o cubana \u00e9 a infla\u00e7\u00e3o, que chegou a 30% no ano passado. Nos mercados onde ainda h\u00e1 um certo n\u00edvel de abastecimento de itens de primeira necessidade, onde as compras s\u00e3o feitas em moeda estrangeira, um pacote de caf\u00e9 de 500 gramas pode chegar a cerca de 8,90 d\u00f3lares (R$ 50).<\/p>\n\n\n\n<p>A cesta b\u00e1sica cubana tamb\u00e9m diminuiu de tamanho com o passar dos anos. Enquanto que, no passado, o pacote essencial inclu\u00eda carne bovina, frango, \u00f3leo, manteiga, leite condensado, papel higi\u00eanico, arroz, gr\u00e3os, doces, biscoitos, chocolates, cigarros e refrigerantes, hoje essa lista est\u00e1 reduzida a ch\u00edcharo (similar ao gr\u00e3o de bico), \u00f3leo, um pacotinho de caf\u00e9 e 2,5 kg de arroz.<\/p>\n\n\n\n<p>Nem mesmo a sa\u00fade, que militantes de esquerda costumam elencar como uma das vantagens do regime, escapa da mis\u00e9ria na ilha caribenha. S\u00e3o farm\u00e1cias oficiais com prateleiras vazias \u2013 sem medicamentos e insumos m\u00e9dicos \u2013 e hospitais sucateados, o que faz com que pacientes tenham de levar os insumos a depender da complexidade do atendimento.<\/p>\n\n\n\n<p>Nos postos de combust\u00edveis est\u00e1 mais um retrato da pobreza. Em um dia, h\u00e1 filas para abastecer, mas no outro eles est\u00e3o completamente vazios. No abastecimento de energia, mais problemas, com noites em que os postes s\u00e3o desligados, deixando quadras inteiras \u00e0s escuras. Os apag\u00f5es s\u00e3o constantes.<\/p>\n\n\n\n<p>O resultado da situa\u00e7\u00e3o ca\u00f3tica \u00e9 uma sa\u00edda em massa de cubanos da ilha. Desde 2015, quando o pa\u00eds atingiu o pico de 11,2 milh\u00f5es de habitantes, a popula\u00e7\u00e3o apresenta forte decl\u00ednio. Segundo o economista Juan Carlos Albizu-Campos, que estuda a demografia cubana pelos \u00faltimos 30 anos, o n\u00famero de habitantes em julho deste ano j\u00e1 havia ca\u00eddo para 8,62 milh\u00f5es.<\/p>\n\n\n\n<h6 class=\"wp-block-heading\">Paulo Moura &#8211;\u00a017\/09\/2024\u00a016h34 | atualizado em 17\/09\/2024 16h50<\/h6>\n<div class=\"jorna-rodape jorna-entity-placement\" id=\"jorna-700086108\"><div id=\"jorna-3231537237\"><a href=\"https:\/\/gkscontabilidade.com\/\" aria-label=\"GKS Contabilidade\"><img src=\"https:\/\/jornalvaleevangelico.com.br\/wp-content\/uploads\/2023\/05\/GKS-Contabilidade.jpeg\" alt=\"\"  srcset=\"https:\/\/jornalvaleevangelico.com.br\/wp-content\/uploads\/2023\/05\/GKS-Contabilidade.jpeg 1600w, https:\/\/jornalvaleevangelico.com.br\/wp-content\/uploads\/2023\/05\/GKS-Contabilidade-300x65.jpeg 300w, https:\/\/jornalvaleevangelico.com.br\/wp-content\/uploads\/2023\/05\/GKS-Contabilidade-1024x223.jpeg 1024w, https:\/\/jornalvaleevangelico.com.br\/wp-content\/uploads\/2023\/05\/GKS-Contabilidade-768x168.jpeg 768w, https:\/\/jornalvaleevangelico.com.br\/wp-content\/uploads\/2023\/05\/GKS-Contabilidade-1536x335.jpeg 1536w\" sizes=\"(max-width: 1600px) 100vw, 1600px\" width=\"1600\" height=\"349\"   \/><\/a><\/div><\/div>","protected":false},"excerpt":{"rendered":"<p>Situa\u00e7\u00e3o na ilha caribenha \u00e9 dram\u00e1tica e faz muitos cidad\u00e3os deixarem o pa\u00eds A realidade&#8230;<\/p>\n","protected":false},"author":2,"featured_media":37493,"comment_status":"open","ping_status":"open","sticky":false,"template":"","format":"standard","meta":{"_mi_skip_tracking":false,"_monsterinsights_sitenote_active":false,"_monsterinsights_sitenote_note":"","_monsterinsights_sitenote_category":0,"footnotes":""},"categories":[8,2],"tags":[],"class_list":["post-37492","post","type-post","status-publish","format-standard","has-post-thumbnail","hentry","category-internacional","category-noticia"],"_links":{"self":[{"href":"https:\/\/jornalvaleevangelico.com.br\/index.php\/wp-json\/wp\/v2\/posts\/37492","targetHints":{"allow":["GET"]}}],"collection":[{"href":"https:\/\/jornalvaleevangelico.com.br\/index.php\/wp-json\/wp\/v2\/posts"}],"about":[{"href":"https:\/\/jornalvaleevangelico.com.br\/index.php\/wp-json\/wp\/v2\/types\/post"}],"author":[{"embeddable":true,"href":"https:\/\/jornalvaleevangelico.com.br\/index.php\/wp-json\/wp\/v2\/users\/2"}],"replies":[{"embeddable":true,"href":"https:\/\/jornalvaleevangelico.com.br\/index.php\/wp-json\/wp\/v2\/comments?post=37492"}],"version-history":[{"count":1,"href":"https:\/\/jornalvaleevangelico.com.br\/index.php\/wp-json\/wp\/v2\/posts\/37492\/revisions"}],"predecessor-version":[{"id":37494,"href":"https:\/\/jornalvaleevangelico.com.br\/index.php\/wp-json\/wp\/v2\/posts\/37492\/revisions\/37494"}],"wp:featuredmedia":[{"embeddable":true,"href":"https:\/\/jornalvaleevangelico.com.br\/index.php\/wp-json\/wp\/v2\/media\/37493"}],"wp:attachment":[{"href":"https:\/\/jornalvaleevangelico.com.br\/index.php\/wp-json\/wp\/v2\/media?parent=37492"}],"wp:term":[{"taxonomy":"category","embeddable":true,"href":"https:\/\/jornalvaleevangelico.com.br\/index.php\/wp-json\/wp\/v2\/categories?post=37492"},{"taxonomy":"post_tag","embeddable":true,"href":"https:\/\/jornalvaleevangelico.com.br\/index.php\/wp-json\/wp\/v2\/tags?post=37492"}],"curies":[{"name":"wp","href":"https:\/\/api.w.org\/{rel}","templated":true}]}}