{"id":37529,"date":"2024-09-25T12:00:47","date_gmt":"2024-09-25T15:00:47","guid":{"rendered":"https:\/\/jornalvaleevangelico.com.br\/?p=37529"},"modified":"2024-09-25T12:01:14","modified_gmt":"2024-09-25T15:01:14","slug":"parem-de-brigar-e-saiam-para-ganhar-os-perdidos-diz-daniel-kolenda-a-pastores-do-brasil","status":"publish","type":"post","link":"https:\/\/jornalvaleevangelico.com.br\/index.php\/2024\/09\/25\/parem-de-brigar-e-saiam-para-ganhar-os-perdidos-diz-daniel-kolenda-a-pastores-do-brasil\/","title":{"rendered":"Parem de brigar e saiam para ganhar os perdidos&#8221;, diz Daniel Kolenda a pastores do Brasil"},"content":{"rendered":"\n<h2 class=\"wp-block-heading\">Em prega\u00e7\u00e3o no pa\u00eds, o evangelista americano chamou a Igreja brasileira a pregar a mensagem de salva\u00e7\u00e3o do Evangelho em uma sociedade corrompida. <a href=\"https:\/\/www.facebook.com\/sharer\/sharer.php?u=https:\/\/guiame.com.br\/gospel\/mundo-cristao\/parem-de-brigar-e-saiam-para-ganhar-os-perdidos-diz-daniel-kolenda-pastores-do-brasil.html\" target=\"_blank\" rel=\"noreferrer noopener\"><\/a><\/h2>\n\n\n\n<p>O evangelista&nbsp;<a href=\"https:\/\/guiame.com.br\/gospel\/missoes-acao-social\/pessoas-queimam-amuletos-de-bruxaria-apos-ouvir-evangelho-no-congo.html\"><strong>Daniel Kolenda<\/strong><\/a>&nbsp;exortou os pastores brasileiros a abandonarem os conflitos entre si e voltarem a focar no Ide de Cristo, durante ministra\u00e7\u00e3o no Centen\u00e1rio das Assembleias de Deus do Rio Grande de Sul, no \u00faltimo s\u00e1bado (21), em Novo Hamburgo.<\/p>\n\n\n\n<p>Pregando sobre a passagem b\u00edblica de 1 Samuel 7, Kolenda lembrou que a&nbsp;<a href=\"https:\/\/guiame.com.br\/gospel\/missoes-acao-social\/cofundador-da-portas-abertas-destaca-igreja-brasileira-como-intercessora-dos-perseguidos.html\"><strong>Igreja<\/strong><\/a>&nbsp;deve ser a&nbsp;<a href=\"https:\/\/guiame.com.br\/gospel\/mundo-cristao\/nivea-soares-propoe-jejum-em-meio-secas-e-crises-no-brasil-deus-quer-arrependimento.html\"><strong>luz do mundo<\/strong><\/a>&nbsp;em uma sociedade tomada pela corrup\u00e7\u00e3o e pela decad\u00eancia.<\/p>\n\n\n\n<p>\u201cN\u00f3s somos o padr\u00e3o de santidade nesta Terra, n\u00f3s \u00e9 que temos que mostrar o caminho, n\u00f3s temos que estar empurrando as trevas para tr\u00e1s\u201d, afirmou o evangelista.<\/p>\n\n\n\n<p>\u201cMas, muitas vezes, estamos ocupados brincando de igreja, jogando joguinhos pol\u00edticos, pastores brigando um contra o outro\u201d.<\/p>\n\n\n\n<p>E advertiu: \u201cSe voc\u00ea pastor est\u00e1 brigando por causa de alguns membros da sua igreja, eu tenho uma not\u00edcia: Pare de brigar por crentes do banco de sua igreja e saia para ganhar os perdidos que est\u00e3o nas ruas das cidades\u201d.<\/p>\n\n\n\n<p>Segundo Kolenda, o Senhor usa homens e mulheres para iniciar um despertar espiritual, como uma resposta \u00e0 corrup\u00e7\u00e3o do mundo.&nbsp;<\/p>\n\n\n\n<p>\u201cO Brasil s\u00f3 ser\u00e1 salvo se o povo de Deus se tornar a resposta\u201d, enfatizou ele. \u201cJesus n\u00e3o disse: \u2018Esconda-se dentro da sua igreja\u2019. Jesus disse: \u2018Ide por todo o mundo, pregue o Evangelho\u201d, acrescentou.<\/p>\n\n\n\n<p><strong>Clamando por um avivamento no Brasil<\/strong><\/p>\n\n\n\n<p><strong><br><sup>&nbsp;Daniel Kolenda pregou no Centen\u00e1rio da AD no Rio Grande do Sul. (Foto: Instagram\/Ciepadergs).<\/sup><\/strong><\/p>\n\n\n\n<p>O l\u00edder da miss\u00e3o&nbsp;<a href=\"https:\/\/guiame.com.br\/gospel\/missoes-acao-social\/mais-de-1-milhao-aceita-jesus-em-cruzadas-evangelisticas-de-11-cidades-na-zambia.html\"><strong>\u201cCristo para Todas as Na\u00e7\u00f5es\u201d<\/strong><\/a>&nbsp;observou que os crist\u00e3os n\u00e3o devem viver do mover de Deus que aconteceu no passado, mas precisam clamar por um avivamento nos dias de hoje.<\/p>\n\n\n\n<p>\u201cEu agrade\u00e7o a Deus pelo o que Ele fez no passado, mas direi: \u2018Senhor, precisamos de um avivamento! Obrigado pelo o que tu fizestes, mas precisamos que comece tudo de novo, sacode a nossa na\u00e7\u00e3o\u2019\u201d, disse.<\/p>\n\n\n\n<p>\u201cSe a \u00fanica coisa que passarmos para a pr\u00f3xima gera\u00e7\u00e3o for as hist\u00f3rias do que Deus fazia no passado, n\u00f3s estamos enganando o nosso povo. N\u00f3s estamos roubando eles da experi\u00eancia de Deus em suas vidas\u201d, ressaltou.<\/p>\n\n\n\n<p>Daniel fez um alerta \u00e0s novas gera\u00e7\u00f5es de crist\u00e3os: \u201cA f\u00e9 dos seus pais n\u00e3o pode salv\u00e1-los, a f\u00e9 dos seus av\u00f3s n\u00e3o podem salv\u00e1-los. Voc\u00ea tem que se agarrar a Jesus por si pr\u00f3prio. Deus n\u00e3o tem netos, s\u00f3 filhos e filhas\u201d.<\/p>\n\n\n\n<p><strong>\u201cDeus tem uma resposta para essa na\u00e7\u00e3o\u201d<\/strong><\/p>\n\n\n\n<p>Kolenda ainda chamou a Igreja brasileira a cumprir sua responsabilidade em pregar a mensagem de salva\u00e7\u00e3o do Evangelho.<\/p>\n\n\n\n<p>\u201cA prega\u00e7\u00e3o do Evangelho de Jesus Cristo \u00e9 um privil\u00e9gio, que n\u00e3o foi dado aos anjos, foi dado aos l\u00e1bios mortais de homens e mulheres como voc\u00ea e eu. E se n\u00f3s n\u00e3o pregarmos, ningu\u00e9m vai pregar, se n\u00e3o curarmos os enfermos ningu\u00e9m vai curar, se n\u00e3o levantarmos os mortos, ningu\u00e9m vai levantar. N\u00f3s temos que nos levantar neste momento e tomar o Brasil para o Senhor Jesus Cristo\u201d, incentivou.<\/p>\n\n\n\n<p>E acrescentou: \u201cDeus tem uma resposta para essa na\u00e7\u00e3o. A resposta para o Brasil \u00e9 voc\u00ea, Ele quer te encher com seu Santo Esp\u00edrito, com sua un\u00e7\u00e3o, com seu poder. Ele quer que voc\u00ea mude essa na\u00e7\u00e3o\u201d.<\/p>\n\n\n\n<p>No \u00faltimo final de semana, a igreja Assembleia de Deus do Rio Grande do Sul celebrou seus 100 anos de exist\u00eancia em uma grande celebra\u00e7\u00e3o no Centro de Eventos da Fenac, em Novo Hamburgo, regi\u00e3o Metropolitana de Porto Alegre.<\/p>\n\n\n\n<h6 class=\"wp-block-heading\"><strong>FONTE:<\/strong>\u00a0GUIAME, C\u00c1SSIA KIEFFER<strong>ATU ALIZADO:\u00a0<\/strong>TER\u00c7A-FEIRA, 24 DE SETEMBRO DE 2024 10:19<\/h6>\n<div class=\"jorna-rodape jorna-entity-placement\" id=\"jorna-1422319229\"><div id=\"jorna-1816219020\"><a href=\"https:\/\/gkscontabilidade.com\/\" aria-label=\"GKS Contabilidade\"><img src=\"https:\/\/jornalvaleevangelico.com.br\/wp-content\/uploads\/2023\/05\/GKS-Contabilidade.jpeg\" alt=\"\"  srcset=\"https:\/\/jornalvaleevangelico.com.br\/wp-content\/uploads\/2023\/05\/GKS-Contabilidade.jpeg 1600w, https:\/\/jornalvaleevangelico.com.br\/wp-content\/uploads\/2023\/05\/GKS-Contabilidade-300x65.jpeg 300w, https:\/\/jornalvaleevangelico.com.br\/wp-content\/uploads\/2023\/05\/GKS-Contabilidade-1024x223.jpeg 1024w, https:\/\/jornalvaleevangelico.com.br\/wp-content\/uploads\/2023\/05\/GKS-Contabilidade-768x168.jpeg 768w, https:\/\/jornalvaleevangelico.com.br\/wp-content\/uploads\/2023\/05\/GKS-Contabilidade-1536x335.jpeg 1536w\" sizes=\"(max-width: 1600px) 100vw, 1600px\" width=\"1600\" height=\"349\"   \/><\/a><\/div><\/div>","protected":false},"excerpt":{"rendered":"<p>Em prega\u00e7\u00e3o no pa\u00eds, o evangelista americano chamou a Igreja brasileira a pregar a mensagem&#8230;<\/p>\n","protected":false},"author":2,"featured_media":37530,"comment_status":"open","ping_status":"open","sticky":false,"template":"","format":"standard","meta":{"_mi_skip_tracking":false,"_monsterinsights_sitenote_active":false,"_monsterinsights_sitenote_note":"","_monsterinsights_sitenote_category":0,"footnotes":""},"categories":[15,2],"tags":[],"class_list":["post-37529","post","type-post","status-publish","format-standard","has-post-thumbnail","hentry","category-mundo-cristao","category-noticia"],"_links":{"self":[{"href":"https:\/\/jornalvaleevangelico.com.br\/index.php\/wp-json\/wp\/v2\/posts\/37529","targetHints":{"allow":["GET"]}}],"collection":[{"href":"https:\/\/jornalvaleevangelico.com.br\/index.php\/wp-json\/wp\/v2\/posts"}],"about":[{"href":"https:\/\/jornalvaleevangelico.com.br\/index.php\/wp-json\/wp\/v2\/types\/post"}],"author":[{"embeddable":true,"href":"https:\/\/jornalvaleevangelico.com.br\/index.php\/wp-json\/wp\/v2\/users\/2"}],"replies":[{"embeddable":true,"href":"https:\/\/jornalvaleevangelico.com.br\/index.php\/wp-json\/wp\/v2\/comments?post=37529"}],"version-history":[{"count":1,"href":"https:\/\/jornalvaleevangelico.com.br\/index.php\/wp-json\/wp\/v2\/posts\/37529\/revisions"}],"predecessor-version":[{"id":37531,"href":"https:\/\/jornalvaleevangelico.com.br\/index.php\/wp-json\/wp\/v2\/posts\/37529\/revisions\/37531"}],"wp:featuredmedia":[{"embeddable":true,"href":"https:\/\/jornalvaleevangelico.com.br\/index.php\/wp-json\/wp\/v2\/media\/37530"}],"wp:attachment":[{"href":"https:\/\/jornalvaleevangelico.com.br\/index.php\/wp-json\/wp\/v2\/media?parent=37529"}],"wp:term":[{"taxonomy":"category","embeddable":true,"href":"https:\/\/jornalvaleevangelico.com.br\/index.php\/wp-json\/wp\/v2\/categories?post=37529"},{"taxonomy":"post_tag","embeddable":true,"href":"https:\/\/jornalvaleevangelico.com.br\/index.php\/wp-json\/wp\/v2\/tags?post=37529"}],"curies":[{"name":"wp","href":"https:\/\/api.w.org\/{rel}","templated":true}]}}