{"id":38403,"date":"2024-10-15T12:53:12","date_gmt":"2024-10-15T15:53:12","guid":{"rendered":"https:\/\/jornalvaleevangelico.com.br\/?p=38403"},"modified":"2024-10-15T12:53:13","modified_gmt":"2024-10-15T15:53:13","slug":"penultima-noite-da-17a-eba-uma-noite-de-reflexao-espiritual","status":"publish","type":"post","link":"https:\/\/jornalvaleevangelico.com.br\/index.php\/2024\/10\/15\/penultima-noite-da-17a-eba-uma-noite-de-reflexao-espiritual\/","title":{"rendered":"Pen\u00faltima noite da 17\u00aa EBA: Uma Noite de Reflex\u00e3o Espiritual"},"content":{"rendered":"\n<h3 class=\"wp-block-heading has-text-align-center\">A 17\u00aa EBA \u00e9 marcada por ensinamentos sobre as ra\u00edzes do pentecostalismo e crescimento espiritual e compromisso ministerial<\/h3>\n\n\n\n<p>A pen\u00faltima noite da Escola B\u00edblica Anual (EBA), realizada nesta segunda-feira (14), foi marcada por momentos de louvor, reflex\u00e3o e ensinamentos profundos.<\/p>\n\n\n\n<figure class=\"wp-block-gallery has-nested-images columns-default is-cropped wp-block-gallery-1 is-layout-flex wp-block-gallery-is-layout-flex\">\n<figure class=\"wp-block-image size-large\"><img fetchpriority=\"high\" decoding=\"async\" width=\"1024\" height=\"730\" data-id=\"38404\" src=\"https:\/\/jornalvaleevangelico.com.br\/wp-content\/uploads\/2024\/10\/DSC0002-JJ-2-Copy-1024x730.jpg\" alt=\"\" class=\"wp-image-38404\" srcset=\"https:\/\/jornalvaleevangelico.com.br\/wp-content\/uploads\/2024\/10\/DSC0002-JJ-2-Copy-1024x730.jpg 1024w, https:\/\/jornalvaleevangelico.com.br\/wp-content\/uploads\/2024\/10\/DSC0002-JJ-2-Copy-300x214.jpg 300w, https:\/\/jornalvaleevangelico.com.br\/wp-content\/uploads\/2024\/10\/DSC0002-JJ-2-Copy-768x548.jpg 768w, https:\/\/jornalvaleevangelico.com.br\/wp-content\/uploads\/2024\/10\/DSC0002-JJ-2-Copy-1536x1095.jpg 1536w, https:\/\/jornalvaleevangelico.com.br\/wp-content\/uploads\/2024\/10\/DSC0002-JJ-2-Copy.jpg 1952w\" sizes=\"(max-width: 1024px) 100vw, 1024px\" \/><\/figure>\n<\/figure>\n\n\n\n<p>A abertura foi conduzida pelo pastor Geidesson Cristian, l\u00edder da Assembleia de Deus do Bairro Manoel Maia, em Coronel Fabriciano, e integrante da comiss\u00e3o de Educa\u00e7\u00e3o Crist\u00e3 do Minist\u00e9rio Coronel Fabriciano Ipatinga.<\/p>\n\n\n\n<figure class=\"wp-block-gallery has-nested-images columns-default is-cropped wp-block-gallery-2 is-layout-flex wp-block-gallery-is-layout-flex\">\n<figure class=\"wp-block-image size-large\"><img decoding=\"async\" width=\"1024\" height=\"681\" data-id=\"38408\" src=\"https:\/\/jornalvaleevangelico.com.br\/wp-content\/uploads\/2024\/10\/DSC0002-JJ-6-Copy-1024x681.jpg\" alt=\"\" class=\"wp-image-38408\" srcset=\"https:\/\/jornalvaleevangelico.com.br\/wp-content\/uploads\/2024\/10\/DSC0002-JJ-6-Copy-1024x681.jpg 1024w, https:\/\/jornalvaleevangelico.com.br\/wp-content\/uploads\/2024\/10\/DSC0002-JJ-6-Copy-300x200.jpg 300w, https:\/\/jornalvaleevangelico.com.br\/wp-content\/uploads\/2024\/10\/DSC0002-JJ-6-Copy-768x511.jpg 768w, https:\/\/jornalvaleevangelico.com.br\/wp-content\/uploads\/2024\/10\/DSC0002-JJ-6-Copy-1536x1021.jpg 1536w, https:\/\/jornalvaleevangelico.com.br\/wp-content\/uploads\/2024\/10\/DSC0002-JJ-6-Copy-2048x1362.jpg 2048w\" sizes=\"(max-width: 1024px) 100vw, 1024px\" \/><\/figure>\n\n\n\n<figure class=\"wp-block-image size-large\"><img decoding=\"async\" width=\"1024\" height=\"701\" data-id=\"38405\" src=\"https:\/\/jornalvaleevangelico.com.br\/wp-content\/uploads\/2024\/10\/DSC0002-JJ-3-Copy-1024x701.jpg\" alt=\"\" class=\"wp-image-38405\" srcset=\"https:\/\/jornalvaleevangelico.com.br\/wp-content\/uploads\/2024\/10\/DSC0002-JJ-3-Copy-1024x701.jpg 1024w, https:\/\/jornalvaleevangelico.com.br\/wp-content\/uploads\/2024\/10\/DSC0002-JJ-3-Copy-300x205.jpg 300w, https:\/\/jornalvaleevangelico.com.br\/wp-content\/uploads\/2024\/10\/DSC0002-JJ-3-Copy-768x526.jpg 768w, https:\/\/jornalvaleevangelico.com.br\/wp-content\/uploads\/2024\/10\/DSC0002-JJ-3-Copy-1536x1051.jpg 1536w, https:\/\/jornalvaleevangelico.com.br\/wp-content\/uploads\/2024\/10\/DSC0002-JJ-3-Copy.jpg 1603w\" sizes=\"(max-width: 1024px) 100vw, 1024px\" \/><\/figure>\n\n\n\n<figure class=\"wp-block-image size-large\"><img loading=\"lazy\" decoding=\"async\" width=\"1024\" height=\"681\" data-id=\"38406\" src=\"https:\/\/jornalvaleevangelico.com.br\/wp-content\/uploads\/2024\/10\/DSC0002-JJ-4-Copy-1024x681.jpg\" alt=\"\" class=\"wp-image-38406\" srcset=\"https:\/\/jornalvaleevangelico.com.br\/wp-content\/uploads\/2024\/10\/DSC0002-JJ-4-Copy-1024x681.jpg 1024w, https:\/\/jornalvaleevangelico.com.br\/wp-content\/uploads\/2024\/10\/DSC0002-JJ-4-Copy-300x200.jpg 300w, https:\/\/jornalvaleevangelico.com.br\/wp-content\/uploads\/2024\/10\/DSC0002-JJ-4-Copy-768x511.jpg 768w, https:\/\/jornalvaleevangelico.com.br\/wp-content\/uploads\/2024\/10\/DSC0002-JJ-4-Copy-1536x1021.jpg 1536w, https:\/\/jornalvaleevangelico.com.br\/wp-content\/uploads\/2024\/10\/DSC0002-JJ-4-Copy-2048x1362.jpg 2048w\" sizes=\"(max-width: 1024px) 100vw, 1024px\" \/><\/figure>\n<\/figure>\n\n\n\n<p>Al\u00e9m do pastor Cristian, os louvores foram conduzidos pelo pastor Gilson Veiga, Jos\u00e9 Jardel Figueirinha e a irm\u00e3 Sabrina Proc\u00f3pio.<\/p>\n\n\n\n<figure class=\"wp-block-gallery has-nested-images columns-default is-cropped wp-block-gallery-3 is-layout-flex wp-block-gallery-is-layout-flex\">\n<figure class=\"wp-block-image size-large\"><img loading=\"lazy\" decoding=\"async\" width=\"1024\" height=\"681\" data-id=\"38410\" src=\"https:\/\/jornalvaleevangelico.com.br\/wp-content\/uploads\/2024\/10\/DSC0002-JJ-8-Copy-1024x681.jpg\" alt=\"\" class=\"wp-image-38410\" srcset=\"https:\/\/jornalvaleevangelico.com.br\/wp-content\/uploads\/2024\/10\/DSC0002-JJ-8-Copy-1024x681.jpg 1024w, https:\/\/jornalvaleevangelico.com.br\/wp-content\/uploads\/2024\/10\/DSC0002-JJ-8-Copy-300x200.jpg 300w, https:\/\/jornalvaleevangelico.com.br\/wp-content\/uploads\/2024\/10\/DSC0002-JJ-8-Copy-768x511.jpg 768w, https:\/\/jornalvaleevangelico.com.br\/wp-content\/uploads\/2024\/10\/DSC0002-JJ-8-Copy-1536x1021.jpg 1536w, https:\/\/jornalvaleevangelico.com.br\/wp-content\/uploads\/2024\/10\/DSC0002-JJ-8-Copy-2048x1362.jpg 2048w\" sizes=\"(max-width: 1024px) 100vw, 1024px\" \/><\/figure>\n\n\n\n<figure class=\"wp-block-image size-large\"><img loading=\"lazy\" decoding=\"async\" width=\"1024\" height=\"681\" data-id=\"38411\" src=\"https:\/\/jornalvaleevangelico.com.br\/wp-content\/uploads\/2024\/10\/DSC0002-JJ-9-Copy-1024x681.jpg\" alt=\"\" class=\"wp-image-38411\" srcset=\"https:\/\/jornalvaleevangelico.com.br\/wp-content\/uploads\/2024\/10\/DSC0002-JJ-9-Copy-1024x681.jpg 1024w, https:\/\/jornalvaleevangelico.com.br\/wp-content\/uploads\/2024\/10\/DSC0002-JJ-9-Copy-300x200.jpg 300w, https:\/\/jornalvaleevangelico.com.br\/wp-content\/uploads\/2024\/10\/DSC0002-JJ-9-Copy-768x511.jpg 768w, https:\/\/jornalvaleevangelico.com.br\/wp-content\/uploads\/2024\/10\/DSC0002-JJ-9-Copy-1536x1021.jpg 1536w, https:\/\/jornalvaleevangelico.com.br\/wp-content\/uploads\/2024\/10\/DSC0002-JJ-9-Copy-2048x1362.jpg 2048w\" sizes=\"(max-width: 1024px) 100vw, 1024px\" \/><\/figure>\n<\/figure>\n\n\n\n<p>&nbsp;O pastor Valdiney Chaves fez a leitura oficial de abertura, enquanto o pastor Jessimar, l\u00edder da Assembleia de Deus em A\u00e7ucena, orou pedindo b\u00ean\u00e7\u00e3os sobre todas as atividades da noite.<\/p>\n\n\n\n<figure class=\"wp-block-gallery has-nested-images columns-default is-cropped wp-block-gallery-4 is-layout-flex wp-block-gallery-is-layout-flex\">\n<figure class=\"wp-block-image size-large\"><img loading=\"lazy\" decoding=\"async\" width=\"1024\" height=\"681\" data-id=\"38370\" src=\"https:\/\/jornalvaleevangelico.com.br\/wp-content\/uploads\/2024\/10\/DSC0045-J-37-Copy-1024x681.jpg\" alt=\"\" class=\"wp-image-38370\" srcset=\"https:\/\/jornalvaleevangelico.com.br\/wp-content\/uploads\/2024\/10\/DSC0045-J-37-Copy-1024x681.jpg 1024w, https:\/\/jornalvaleevangelico.com.br\/wp-content\/uploads\/2024\/10\/DSC0045-J-37-Copy-300x200.jpg 300w, https:\/\/jornalvaleevangelico.com.br\/wp-content\/uploads\/2024\/10\/DSC0045-J-37-Copy-768x511.jpg 768w, https:\/\/jornalvaleevangelico.com.br\/wp-content\/uploads\/2024\/10\/DSC0045-J-37-Copy-1536x1021.jpg 1536w, https:\/\/jornalvaleevangelico.com.br\/wp-content\/uploads\/2024\/10\/DSC0045-J-37-Copy-2048x1362.jpg 2048w\" sizes=\"(max-width: 1024px) 100vw, 1024px\" \/><\/figure>\n<\/figure>\n\n\n\n<p>O pastor Wallace Alves, coordenador do Departamento de Educa\u00e7\u00e3o Crist\u00e3, expressou sua alegria pela presen\u00e7a dos irm\u00e3os e pela participa\u00e7\u00e3o ativa no evento.<\/p>\n\n\n\n<figure class=\"wp-block-gallery has-nested-images columns-default is-cropped wp-block-gallery-5 is-layout-flex wp-block-gallery-is-layout-flex\">\n<figure class=\"wp-block-image size-large\"><img loading=\"lazy\" decoding=\"async\" width=\"1024\" height=\"681\" data-id=\"38414\" src=\"https:\/\/jornalvaleevangelico.com.br\/wp-content\/uploads\/2024\/10\/DSC0002-JJ-12-Copy-1024x681.jpg\" alt=\"\" class=\"wp-image-38414\" srcset=\"https:\/\/jornalvaleevangelico.com.br\/wp-content\/uploads\/2024\/10\/DSC0002-JJ-12-Copy-1024x681.jpg 1024w, https:\/\/jornalvaleevangelico.com.br\/wp-content\/uploads\/2024\/10\/DSC0002-JJ-12-Copy-300x200.jpg 300w, https:\/\/jornalvaleevangelico.com.br\/wp-content\/uploads\/2024\/10\/DSC0002-JJ-12-Copy-768x511.jpg 768w, https:\/\/jornalvaleevangelico.com.br\/wp-content\/uploads\/2024\/10\/DSC0002-JJ-12-Copy-1536x1021.jpg 1536w, https:\/\/jornalvaleevangelico.com.br\/wp-content\/uploads\/2024\/10\/DSC0002-JJ-12-Copy-2048x1362.jpg 2048w\" sizes=\"(max-width: 1024px) 100vw, 1024px\" \/><\/figure>\n<\/figure>\n\n\n\n<p> Em seguida, o pastor Jos\u00e9 Martins de Calais Junior, presidente do Minist\u00e9rio, apresentou o preletor da noite, o pastor Altair Germano.<\/p>\n\n\n\n<p><strong>Doutrinas Pentecostais Cl\u00e1ssicas<\/strong><\/p>\n\n\n\n<figure class=\"wp-block-gallery has-nested-images columns-default is-cropped wp-block-gallery-6 is-layout-flex wp-block-gallery-is-layout-flex\">\n<figure class=\"wp-block-image size-large\"><img loading=\"lazy\" decoding=\"async\" width=\"1024\" height=\"681\" data-id=\"38416\" src=\"https:\/\/jornalvaleevangelico.com.br\/wp-content\/uploads\/2024\/10\/DSC0002-JJ-14-Copy-1024x681.jpg\" alt=\"\" class=\"wp-image-38416\" srcset=\"https:\/\/jornalvaleevangelico.com.br\/wp-content\/uploads\/2024\/10\/DSC0002-JJ-14-Copy-1024x681.jpg 1024w, https:\/\/jornalvaleevangelico.com.br\/wp-content\/uploads\/2024\/10\/DSC0002-JJ-14-Copy-300x200.jpg 300w, https:\/\/jornalvaleevangelico.com.br\/wp-content\/uploads\/2024\/10\/DSC0002-JJ-14-Copy-768x511.jpg 768w, https:\/\/jornalvaleevangelico.com.br\/wp-content\/uploads\/2024\/10\/DSC0002-JJ-14-Copy-1536x1021.jpg 1536w, https:\/\/jornalvaleevangelico.com.br\/wp-content\/uploads\/2024\/10\/DSC0002-JJ-14-Copy-2048x1362.jpg 2048w\" sizes=\"(max-width: 1024px) 100vw, 1024px\" \/><\/figure>\n<\/figure>\n\n\n\n<p>Pastor Altair Germano, escritor, conferencista e mestre em teologia, trouxe uma prele\u00e7\u00e3o impactante sobre o tema <strong>\u201cDoutrina e Pr\u00e1ticas Pentecostais Cl\u00e1ssicas: Reafirmando os Fundamentos\u201d.<\/strong> Antes de iniciar, ele exibiu um v\u00eddeo que introduziu o tema e tamb\u00e9m apresentou um aplicativo que refor\u00e7a os princ\u00edpios doutrin\u00e1rios da f\u00e9 pentecostal que auxilia nos esbo\u00e7os para estudo e mensagens.<\/p>\n\n\n\n<p>Em sua fala, Germano destacou a import\u00e2ncia de se identificar como pentecostal cl\u00e1ssico, explicando que o termo surgiu na d\u00e9cada de 1960 em resposta a diferentes correntes dentro do pentecostalismo. Ele ressaltou que, embora o pentecostalismo moderno tenha suas ra\u00edzes no s\u00e9culo XX, sua base est\u00e1 na experi\u00eancia descrita no livro de Atos, que deu origem a denomina\u00e7\u00f5es como a Assembleia de Deus.<\/p>\n\n\n\n<figure class=\"wp-block-gallery has-nested-images columns-default is-cropped wp-block-gallery-7 is-layout-flex wp-block-gallery-is-layout-flex\">\n<figure class=\"wp-block-image size-large\"><img loading=\"lazy\" decoding=\"async\" width=\"1024\" height=\"459\" data-id=\"38419\" src=\"https:\/\/jornalvaleevangelico.com.br\/wp-content\/uploads\/2024\/10\/DSC0002-JJ-17-Copy-1024x459.jpg\" alt=\"\" class=\"wp-image-38419\" srcset=\"https:\/\/jornalvaleevangelico.com.br\/wp-content\/uploads\/2024\/10\/DSC0002-JJ-17-Copy-1024x459.jpg 1024w, https:\/\/jornalvaleevangelico.com.br\/wp-content\/uploads\/2024\/10\/DSC0002-JJ-17-Copy-300x135.jpg 300w, https:\/\/jornalvaleevangelico.com.br\/wp-content\/uploads\/2024\/10\/DSC0002-JJ-17-Copy-768x344.jpg 768w, https:\/\/jornalvaleevangelico.com.br\/wp-content\/uploads\/2024\/10\/DSC0002-JJ-17-Copy-1536x689.jpg 1536w, https:\/\/jornalvaleevangelico.com.br\/wp-content\/uploads\/2024\/10\/DSC0002-JJ-17-Copy-2048x918.jpg 2048w\" sizes=\"(max-width: 1024px) 100vw, 1024px\" \/><\/figure>\n<\/figure>\n\n\n\n<p>O pastor tamb\u00e9m abordou a separa\u00e7\u00e3o de grupos unicistas, que n\u00e3o acreditam na doutrina da Trindade, mencionando exemplos como a Igreja Pentecostal, &#8220;A Voz da Verdade&#8221;.<\/p>\n\n\n\n<p>&nbsp;Para o pastor Germano, a preserva\u00e7\u00e3o da doutrina b\u00edblica \u00e9 fundamental, especialmente no que se refere \u00e0 cren\u00e7a de que a evid\u00eancia inicial do batismo no Esp\u00edrito Santo \u00e9 o falar em l\u00ednguas. \u201cOutras manifesta\u00e7\u00f5es sobrenaturais podem ocorrer, mas a prova inicial do batismo no Esp\u00edrito Santo \u00e9 o falar em l\u00ednguas\u201d, afirmou, reiterando a import\u00e2ncia de se manter fiel aos fundamentos cl\u00e1ssicos do pentecostalismo.<\/p>\n\n\n\n<p><strong>Reflex\u00f5es sobre Crescimento Espiritual<\/strong><\/p>\n\n\n\n<figure class=\"wp-block-gallery has-nested-images columns-default is-cropped wp-block-gallery-8 is-layout-flex wp-block-gallery-is-layout-flex\">\n<figure class=\"wp-block-image size-large\"><img loading=\"lazy\" decoding=\"async\" width=\"1024\" height=\"681\" data-id=\"38376\" src=\"https:\/\/jornalvaleevangelico.com.br\/wp-content\/uploads\/2024\/10\/DSC0045-J-52-Copy-1024x681.jpg\" alt=\"\" class=\"wp-image-38376\" srcset=\"https:\/\/jornalvaleevangelico.com.br\/wp-content\/uploads\/2024\/10\/DSC0045-J-52-Copy-1024x681.jpg 1024w, https:\/\/jornalvaleevangelico.com.br\/wp-content\/uploads\/2024\/10\/DSC0045-J-52-Copy-300x200.jpg 300w, https:\/\/jornalvaleevangelico.com.br\/wp-content\/uploads\/2024\/10\/DSC0045-J-52-Copy-768x511.jpg 768w, https:\/\/jornalvaleevangelico.com.br\/wp-content\/uploads\/2024\/10\/DSC0045-J-52-Copy-1536x1021.jpg 1536w, https:\/\/jornalvaleevangelico.com.br\/wp-content\/uploads\/2024\/10\/DSC0045-J-52-Copy-2048x1362.jpg 2048w\" sizes=\"(max-width: 1024px) 100vw, 1024px\" \/><\/figure>\n<\/figure>\n\n\n\n<p>Encerrando a noite, o pastor Jos\u00e9 Martins de Calais Junior compartilhou um poderoso testemunho sobre os desafios enfrentados no minist\u00e9rio. Ele refletiu sobre as dificuldades de pastorear uma igreja ou liderar uma classe de Escola B\u00edblica que n\u00e3o apresenta crescimento. Pastor Jos\u00e9 Martins enfatizou que o crescimento espiritual n\u00e3o est\u00e1 atrelado \u00e0s circunst\u00e2ncias externas, mas \u00e0 dedica\u00e7\u00e3o \u00e0 ora\u00e7\u00e3o, ao estudo da Palavra e \u00e0 medita\u00e7\u00e3o. &#8220;Se voc\u00ea dedicar sua vida \u00e0 ora\u00e7\u00e3o, ao estudo da Palavra, voc\u00ea crescer\u00e1, e sua igreja crescer\u00e1 junto,&#8221; declarou.<\/p>\n\n\n\n<figure class=\"wp-block-gallery has-nested-images columns-default is-cropped wp-block-gallery-9 is-layout-flex wp-block-gallery-is-layout-flex\">\n<figure class=\"wp-block-image size-large\"><img loading=\"lazy\" decoding=\"async\" width=\"1024\" height=\"762\" data-id=\"38375\" src=\"https:\/\/jornalvaleevangelico.com.br\/wp-content\/uploads\/2024\/10\/DSC0045-J-50-Copy-1024x762.jpg\" alt=\"\" class=\"wp-image-38375\" srcset=\"https:\/\/jornalvaleevangelico.com.br\/wp-content\/uploads\/2024\/10\/DSC0045-J-50-Copy-1024x762.jpg 1024w, https:\/\/jornalvaleevangelico.com.br\/wp-content\/uploads\/2024\/10\/DSC0045-J-50-Copy-300x223.jpg 300w, https:\/\/jornalvaleevangelico.com.br\/wp-content\/uploads\/2024\/10\/DSC0045-J-50-Copy-768x572.jpg 768w, https:\/\/jornalvaleevangelico.com.br\/wp-content\/uploads\/2024\/10\/DSC0045-J-50-Copy-1536x1144.jpg 1536w, https:\/\/jornalvaleevangelico.com.br\/wp-content\/uploads\/2024\/10\/DSC0045-J-50-Copy.jpg 1977w\" sizes=\"(max-width: 1024px) 100vw, 1024px\" \/><\/figure>\n\n\n\n<figure class=\"wp-block-image size-large\"><img loading=\"lazy\" decoding=\"async\" width=\"1024\" height=\"755\" data-id=\"38412\" src=\"https:\/\/jornalvaleevangelico.com.br\/wp-content\/uploads\/2024\/10\/DSC0002-JJ-10-Copy-1024x755.jpg\" alt=\"\" class=\"wp-image-38412\" srcset=\"https:\/\/jornalvaleevangelico.com.br\/wp-content\/uploads\/2024\/10\/DSC0002-JJ-10-Copy-1024x755.jpg 1024w, https:\/\/jornalvaleevangelico.com.br\/wp-content\/uploads\/2024\/10\/DSC0002-JJ-10-Copy-300x221.jpg 300w, https:\/\/jornalvaleevangelico.com.br\/wp-content\/uploads\/2024\/10\/DSC0002-JJ-10-Copy-768x566.jpg 768w, https:\/\/jornalvaleevangelico.com.br\/wp-content\/uploads\/2024\/10\/DSC0002-JJ-10-Copy-1536x1132.jpg 1536w, https:\/\/jornalvaleevangelico.com.br\/wp-content\/uploads\/2024\/10\/DSC0002-JJ-10-Copy.jpg 1701w\" sizes=\"(max-width: 1024px) 100vw, 1024px\" \/><\/figure>\n<\/figure>\n\n\n\n<p>O pastor tamb\u00e9m revelou suas batalhas pessoais com a timidez e as dificuldades que enfrentou ao aceitar o chamado pastoral. Durante seus oito anos como presidente, seu maior desafio foi na \u00e1rea administrativa, mas ele reconheceu que Deus o conduzia a um maior aprofundamento espiritual. &#8220;Ou crescemos, ou afundamos,&#8221; disse, convocando os l\u00edderes a assumirem o compromisso de se dedicarem mais \u00e0 obra de Deus.<\/p>\n\n\n\n<p>Com um apelo enf\u00e1tico, o pastor Junior conclamou os presentes a despertarem para a urg\u00eancia de crescimento espiritual, instigando os l\u00edderes a se posicionarem na linha de frente no que diz respeito ao estudo b\u00edblico e \u00e0 ora\u00e7\u00e3o. Ele encerrou com um chamado \u00e0 reflex\u00e3o: &#8220;Ou voc\u00ea quer continuar raqu\u00edtico espiritualmente? Ou deseja equilibrar e crescer? Fica de p\u00e9.&#8221;<\/p>\n\n\n\n<figure class=\"wp-block-gallery has-nested-images columns-default is-cropped wp-block-gallery-10 is-layout-flex wp-block-gallery-is-layout-flex\">\n<figure class=\"wp-block-image size-large\"><img loading=\"lazy\" decoding=\"async\" width=\"1024\" height=\"683\" data-id=\"38423\" src=\"https:\/\/jornalvaleevangelico.com.br\/wp-content\/uploads\/2024\/10\/DSC_0091-Copy-2-1024x683-1.jpg\" alt=\"\" class=\"wp-image-38423\" srcset=\"https:\/\/jornalvaleevangelico.com.br\/wp-content\/uploads\/2024\/10\/DSC_0091-Copy-2-1024x683-1.jpg 1024w, https:\/\/jornalvaleevangelico.com.br\/wp-content\/uploads\/2024\/10\/DSC_0091-Copy-2-1024x683-1-300x200.jpg 300w, https:\/\/jornalvaleevangelico.com.br\/wp-content\/uploads\/2024\/10\/DSC_0091-Copy-2-1024x683-1-768x512.jpg 768w\" sizes=\"(max-width: 1024px) 100vw, 1024px\" \/><\/figure>\n\n\n\n<figure class=\"wp-block-image size-large\"><img loading=\"lazy\" decoding=\"async\" width=\"607\" height=\"494\" data-id=\"38422\" src=\"https:\/\/jornalvaleevangelico.com.br\/wp-content\/uploads\/2024\/10\/DSC_0032-Copy-2-1024x683A.jpg\" alt=\"\" class=\"wp-image-38422\" srcset=\"https:\/\/jornalvaleevangelico.com.br\/wp-content\/uploads\/2024\/10\/DSC_0032-Copy-2-1024x683A.jpg 607w, https:\/\/jornalvaleevangelico.com.br\/wp-content\/uploads\/2024\/10\/DSC_0032-Copy-2-1024x683A-300x244.jpg 300w\" sizes=\"(max-width: 607px) 100vw, 607px\" \/><\/figure>\n<\/figure>\n\n\n\n<p>A noite foi finalizada com uma ora\u00e7\u00e3o conduzida pelo pastor Nilton Silva de Andrade e a b\u00ean\u00e7\u00e3o apost\u00f3lica dada pelo pastor Sebasti\u00e3o Sampaio.<\/p>\n\n\n\n<figure class=\"wp-block-gallery has-nested-images columns-default is-cropped wp-block-gallery-11 is-layout-flex wp-block-gallery-is-layout-flex\">\n<figure class=\"wp-block-image size-large\"><img loading=\"lazy\" decoding=\"async\" width=\"1024\" height=\"745\" data-id=\"38360\" src=\"https:\/\/jornalvaleevangelico.com.br\/wp-content\/uploads\/2024\/10\/DSC0045-J-18-Copy-1024x745.jpg\" alt=\"\" class=\"wp-image-38360\" srcset=\"https:\/\/jornalvaleevangelico.com.br\/wp-content\/uploads\/2024\/10\/DSC0045-J-18-Copy-1024x745.jpg 1024w, https:\/\/jornalvaleevangelico.com.br\/wp-content\/uploads\/2024\/10\/DSC0045-J-18-Copy-300x218.jpg 300w, https:\/\/jornalvaleevangelico.com.br\/wp-content\/uploads\/2024\/10\/DSC0045-J-18-Copy-768x558.jpg 768w, https:\/\/jornalvaleevangelico.com.br\/wp-content\/uploads\/2024\/10\/DSC0045-J-18-Copy-1536x1117.jpg 1536w, https:\/\/jornalvaleevangelico.com.br\/wp-content\/uploads\/2024\/10\/DSC0045-J-18-Copy.jpg 1733w\" sizes=\"(max-width: 1024px) 100vw, 1024px\" \/><\/figure>\n<\/figure>\n\n\n\n<p>A mensagem do Pr. Jos\u00e9 Martins de Calais Junior foi um chamado coletivo \u00e0 a\u00e7\u00e3o, incentivando todos os presentes a buscarem uma vida de maior ora\u00e7\u00e3o, estudo e dedica\u00e7\u00e3o \u00e0 obra de Deus, com vistas ao crescimento espiritual tanto individual quanto coletivo.<\/p>\n\n\n\n<p>O evento, que na ter\u00e7a feira 15\/10, chega ao seu final, deixa uma profunda marca no cora\u00e7\u00e3o de cada participante, renovando o compromisso com os fundamentos da f\u00e9 e o trabalho espiritual.<\/p>\n\n\n\n<figure class=\"wp-block-gallery has-nested-images columns-default is-cropped wp-block-gallery-12 is-layout-flex wp-block-gallery-is-layout-flex\">\n<figure class=\"wp-block-image size-large\"><img loading=\"lazy\" decoding=\"async\" width=\"1024\" height=\"577\" data-id=\"38420\" src=\"https:\/\/jornalvaleevangelico.com.br\/wp-content\/uploads\/2024\/10\/DSC0002-JJ-18-Copy-1024x577.jpg\" alt=\"\" class=\"wp-image-38420\" srcset=\"https:\/\/jornalvaleevangelico.com.br\/wp-content\/uploads\/2024\/10\/DSC0002-JJ-18-Copy-1024x577.jpg 1024w, https:\/\/jornalvaleevangelico.com.br\/wp-content\/uploads\/2024\/10\/DSC0002-JJ-18-Copy-300x169.jpg 300w, https:\/\/jornalvaleevangelico.com.br\/wp-content\/uploads\/2024\/10\/DSC0002-JJ-18-Copy-768x433.jpg 768w, https:\/\/jornalvaleevangelico.com.br\/wp-content\/uploads\/2024\/10\/DSC0002-JJ-18-Copy-1536x866.jpg 1536w, https:\/\/jornalvaleevangelico.com.br\/wp-content\/uploads\/2024\/10\/DSC0002-JJ-18-Copy-2048x1154.jpg 2048w\" sizes=\"(max-width: 1024px) 100vw, 1024px\" \/><\/figure>\n\n\n\n<figure class=\"wp-block-image size-large\"><img loading=\"lazy\" decoding=\"async\" width=\"1024\" height=\"459\" data-id=\"38419\" src=\"https:\/\/jornalvaleevangelico.com.br\/wp-content\/uploads\/2024\/10\/DSC0002-JJ-17-Copy-1024x459.jpg\" alt=\"\" class=\"wp-image-38419\" srcset=\"https:\/\/jornalvaleevangelico.com.br\/wp-content\/uploads\/2024\/10\/DSC0002-JJ-17-Copy-1024x459.jpg 1024w, https:\/\/jornalvaleevangelico.com.br\/wp-content\/uploads\/2024\/10\/DSC0002-JJ-17-Copy-300x135.jpg 300w, https:\/\/jornalvaleevangelico.com.br\/wp-content\/uploads\/2024\/10\/DSC0002-JJ-17-Copy-768x344.jpg 768w, https:\/\/jornalvaleevangelico.com.br\/wp-content\/uploads\/2024\/10\/DSC0002-JJ-17-Copy-1536x689.jpg 1536w, https:\/\/jornalvaleevangelico.com.br\/wp-content\/uploads\/2024\/10\/DSC0002-JJ-17-Copy-2048x918.jpg 2048w\" sizes=\"(max-width: 1024px) 100vw, 1024px\" \/><\/figure>\n\n\n\n<figure class=\"wp-block-image size-large\"><img loading=\"lazy\" decoding=\"async\" width=\"1024\" height=\"660\" data-id=\"38418\" src=\"https:\/\/jornalvaleevangelico.com.br\/wp-content\/uploads\/2024\/10\/DSC0002-JJ-16-Copy-1024x660.jpg\" alt=\"\" class=\"wp-image-38418\" srcset=\"https:\/\/jornalvaleevangelico.com.br\/wp-content\/uploads\/2024\/10\/DSC0002-JJ-16-Copy-1024x660.jpg 1024w, https:\/\/jornalvaleevangelico.com.br\/wp-content\/uploads\/2024\/10\/DSC0002-JJ-16-Copy-300x193.jpg 300w, https:\/\/jornalvaleevangelico.com.br\/wp-content\/uploads\/2024\/10\/DSC0002-JJ-16-Copy-768x495.jpg 768w, https:\/\/jornalvaleevangelico.com.br\/wp-content\/uploads\/2024\/10\/DSC0002-JJ-16-Copy-1536x990.jpg 1536w, https:\/\/jornalvaleevangelico.com.br\/wp-content\/uploads\/2024\/10\/DSC0002-JJ-16-Copy.jpg 1657w\" sizes=\"(max-width: 1024px) 100vw, 1024px\" \/><\/figure>\n\n\n\n<figure class=\"wp-block-image size-large\"><img loading=\"lazy\" decoding=\"async\" width=\"588\" height=\"736\" data-id=\"38417\" src=\"https:\/\/jornalvaleevangelico.com.br\/wp-content\/uploads\/2024\/10\/DSC0002-JJ-15-Copy.jpg\" alt=\"\" class=\"wp-image-38417\" srcset=\"https:\/\/jornalvaleevangelico.com.br\/wp-content\/uploads\/2024\/10\/DSC0002-JJ-15-Copy.jpg 588w, https:\/\/jornalvaleevangelico.com.br\/wp-content\/uploads\/2024\/10\/DSC0002-JJ-15-Copy-240x300.jpg 240w\" sizes=\"(max-width: 588px) 100vw, 588px\" \/><\/figure>\n\n\n\n<figure class=\"wp-block-image size-large\"><img loading=\"lazy\" decoding=\"async\" width=\"1024\" height=\"681\" data-id=\"38416\" src=\"https:\/\/jornalvaleevangelico.com.br\/wp-content\/uploads\/2024\/10\/DSC0002-JJ-14-Copy-1024x681.jpg\" alt=\"\" class=\"wp-image-38416\" srcset=\"https:\/\/jornalvaleevangelico.com.br\/wp-content\/uploads\/2024\/10\/DSC0002-JJ-14-Copy-1024x681.jpg 1024w, https:\/\/jornalvaleevangelico.com.br\/wp-content\/uploads\/2024\/10\/DSC0002-JJ-14-Copy-300x200.jpg 300w, https:\/\/jornalvaleevangelico.com.br\/wp-content\/uploads\/2024\/10\/DSC0002-JJ-14-Copy-768x511.jpg 768w, https:\/\/jornalvaleevangelico.com.br\/wp-content\/uploads\/2024\/10\/DSC0002-JJ-14-Copy-1536x1021.jpg 1536w, https:\/\/jornalvaleevangelico.com.br\/wp-content\/uploads\/2024\/10\/DSC0002-JJ-14-Copy-2048x1362.jpg 2048w\" sizes=\"(max-width: 1024px) 100vw, 1024px\" \/><\/figure>\n\n\n\n<figure class=\"wp-block-image size-large\"><img loading=\"lazy\" decoding=\"async\" width=\"1024\" height=\"681\" data-id=\"38415\" src=\"https:\/\/jornalvaleevangelico.com.br\/wp-content\/uploads\/2024\/10\/DSC0002-JJ-13-Copy-1024x681.jpg\" alt=\"\" class=\"wp-image-38415\" srcset=\"https:\/\/jornalvaleevangelico.com.br\/wp-content\/uploads\/2024\/10\/DSC0002-JJ-13-Copy-1024x681.jpg 1024w, https:\/\/jornalvaleevangelico.com.br\/wp-content\/uploads\/2024\/10\/DSC0002-JJ-13-Copy-300x200.jpg 300w, https:\/\/jornalvaleevangelico.com.br\/wp-content\/uploads\/2024\/10\/DSC0002-JJ-13-Copy-768x511.jpg 768w, https:\/\/jornalvaleevangelico.com.br\/wp-content\/uploads\/2024\/10\/DSC0002-JJ-13-Copy-1536x1021.jpg 1536w, https:\/\/jornalvaleevangelico.com.br\/wp-content\/uploads\/2024\/10\/DSC0002-JJ-13-Copy-2048x1362.jpg 2048w\" sizes=\"(max-width: 1024px) 100vw, 1024px\" \/><\/figure>\n\n\n\n<figure class=\"wp-block-image size-large\"><img loading=\"lazy\" decoding=\"async\" width=\"1024\" height=\"681\" data-id=\"38414\" src=\"https:\/\/jornalvaleevangelico.com.br\/wp-content\/uploads\/2024\/10\/DSC0002-JJ-12-Copy-1024x681.jpg\" alt=\"\" class=\"wp-image-38414\" srcset=\"https:\/\/jornalvaleevangelico.com.br\/wp-content\/uploads\/2024\/10\/DSC0002-JJ-12-Copy-1024x681.jpg 1024w, https:\/\/jornalvaleevangelico.com.br\/wp-content\/uploads\/2024\/10\/DSC0002-JJ-12-Copy-300x200.jpg 300w, https:\/\/jornalvaleevangelico.com.br\/wp-content\/uploads\/2024\/10\/DSC0002-JJ-12-Copy-768x511.jpg 768w, https:\/\/jornalvaleevangelico.com.br\/wp-content\/uploads\/2024\/10\/DSC0002-JJ-12-Copy-1536x1021.jpg 1536w, https:\/\/jornalvaleevangelico.com.br\/wp-content\/uploads\/2024\/10\/DSC0002-JJ-12-Copy-2048x1362.jpg 2048w\" sizes=\"(max-width: 1024px) 100vw, 1024px\" \/><\/figure>\n\n\n\n<figure class=\"wp-block-image size-large\"><img loading=\"lazy\" decoding=\"async\" width=\"1024\" height=\"755\" data-id=\"38412\" src=\"https:\/\/jornalvaleevangelico.com.br\/wp-content\/uploads\/2024\/10\/DSC0002-JJ-10-Copy-1024x755.jpg\" alt=\"\" class=\"wp-image-38412\" srcset=\"https:\/\/jornalvaleevangelico.com.br\/wp-content\/uploads\/2024\/10\/DSC0002-JJ-10-Copy-1024x755.jpg 1024w, https:\/\/jornalvaleevangelico.com.br\/wp-content\/uploads\/2024\/10\/DSC0002-JJ-10-Copy-300x221.jpg 300w, https:\/\/jornalvaleevangelico.com.br\/wp-content\/uploads\/2024\/10\/DSC0002-JJ-10-Copy-768x566.jpg 768w, https:\/\/jornalvaleevangelico.com.br\/wp-content\/uploads\/2024\/10\/DSC0002-JJ-10-Copy-1536x1132.jpg 1536w, https:\/\/jornalvaleevangelico.com.br\/wp-content\/uploads\/2024\/10\/DSC0002-JJ-10-Copy.jpg 1701w\" sizes=\"(max-width: 1024px) 100vw, 1024px\" \/><\/figure>\n\n\n\n<figure class=\"wp-block-image size-large\"><img loading=\"lazy\" decoding=\"async\" width=\"1024\" height=\"681\" data-id=\"38411\" src=\"https:\/\/jornalvaleevangelico.com.br\/wp-content\/uploads\/2024\/10\/DSC0002-JJ-9-Copy-1024x681.jpg\" alt=\"\" class=\"wp-image-38411\" srcset=\"https:\/\/jornalvaleevangelico.com.br\/wp-content\/uploads\/2024\/10\/DSC0002-JJ-9-Copy-1024x681.jpg 1024w, https:\/\/jornalvaleevangelico.com.br\/wp-content\/uploads\/2024\/10\/DSC0002-JJ-9-Copy-300x200.jpg 300w, https:\/\/jornalvaleevangelico.com.br\/wp-content\/uploads\/2024\/10\/DSC0002-JJ-9-Copy-768x511.jpg 768w, https:\/\/jornalvaleevangelico.com.br\/wp-content\/uploads\/2024\/10\/DSC0002-JJ-9-Copy-1536x1021.jpg 1536w, https:\/\/jornalvaleevangelico.com.br\/wp-content\/uploads\/2024\/10\/DSC0002-JJ-9-Copy-2048x1362.jpg 2048w\" sizes=\"(max-width: 1024px) 100vw, 1024px\" \/><\/figure>\n\n\n\n<figure class=\"wp-block-image size-large\"><img loading=\"lazy\" decoding=\"async\" width=\"1024\" height=\"681\" data-id=\"38410\" src=\"https:\/\/jornalvaleevangelico.com.br\/wp-content\/uploads\/2024\/10\/DSC0002-JJ-8-Copy-1024x681.jpg\" alt=\"\" class=\"wp-image-38410\" srcset=\"https:\/\/jornalvaleevangelico.com.br\/wp-content\/uploads\/2024\/10\/DSC0002-JJ-8-Copy-1024x681.jpg 1024w, https:\/\/jornalvaleevangelico.com.br\/wp-content\/uploads\/2024\/10\/DSC0002-JJ-8-Copy-300x200.jpg 300w, https:\/\/jornalvaleevangelico.com.br\/wp-content\/uploads\/2024\/10\/DSC0002-JJ-8-Copy-768x511.jpg 768w, https:\/\/jornalvaleevangelico.com.br\/wp-content\/uploads\/2024\/10\/DSC0002-JJ-8-Copy-1536x1021.jpg 1536w, https:\/\/jornalvaleevangelico.com.br\/wp-content\/uploads\/2024\/10\/DSC0002-JJ-8-Copy-2048x1362.jpg 2048w\" sizes=\"(max-width: 1024px) 100vw, 1024px\" \/><\/figure>\n\n\n\n<figure class=\"wp-block-image size-large\"><img loading=\"lazy\" decoding=\"async\" width=\"1024\" height=\"681\" data-id=\"38409\" src=\"https:\/\/jornalvaleevangelico.com.br\/wp-content\/uploads\/2024\/10\/DSC0002-JJ-7-Copy-1024x681.jpg\" alt=\"\" class=\"wp-image-38409\" srcset=\"https:\/\/jornalvaleevangelico.com.br\/wp-content\/uploads\/2024\/10\/DSC0002-JJ-7-Copy-1024x681.jpg 1024w, https:\/\/jornalvaleevangelico.com.br\/wp-content\/uploads\/2024\/10\/DSC0002-JJ-7-Copy-300x200.jpg 300w, https:\/\/jornalvaleevangelico.com.br\/wp-content\/uploads\/2024\/10\/DSC0002-JJ-7-Copy-768x511.jpg 768w, https:\/\/jornalvaleevangelico.com.br\/wp-content\/uploads\/2024\/10\/DSC0002-JJ-7-Copy-1536x1021.jpg 1536w, https:\/\/jornalvaleevangelico.com.br\/wp-content\/uploads\/2024\/10\/DSC0002-JJ-7-Copy-2048x1362.jpg 2048w\" sizes=\"(max-width: 1024px) 100vw, 1024px\" \/><\/figure>\n\n\n\n<figure class=\"wp-block-image size-large\"><img decoding=\"async\" width=\"1024\" height=\"681\" data-id=\"38408\" src=\"https:\/\/jornalvaleevangelico.com.br\/wp-content\/uploads\/2024\/10\/DSC0002-JJ-6-Copy-1024x681.jpg\" alt=\"\" class=\"wp-image-38408\" srcset=\"https:\/\/jornalvaleevangelico.com.br\/wp-content\/uploads\/2024\/10\/DSC0002-JJ-6-Copy-1024x681.jpg 1024w, https:\/\/jornalvaleevangelico.com.br\/wp-content\/uploads\/2024\/10\/DSC0002-JJ-6-Copy-300x200.jpg 300w, https:\/\/jornalvaleevangelico.com.br\/wp-content\/uploads\/2024\/10\/DSC0002-JJ-6-Copy-768x511.jpg 768w, https:\/\/jornalvaleevangelico.com.br\/wp-content\/uploads\/2024\/10\/DSC0002-JJ-6-Copy-1536x1021.jpg 1536w, https:\/\/jornalvaleevangelico.com.br\/wp-content\/uploads\/2024\/10\/DSC0002-JJ-6-Copy-2048x1362.jpg 2048w\" sizes=\"(max-width: 1024px) 100vw, 1024px\" \/><\/figure>\n\n\n\n<figure class=\"wp-block-image size-large\"><img loading=\"lazy\" decoding=\"async\" width=\"1024\" height=\"681\" data-id=\"38406\" src=\"https:\/\/jornalvaleevangelico.com.br\/wp-content\/uploads\/2024\/10\/DSC0002-JJ-4-Copy-1024x681.jpg\" alt=\"\" class=\"wp-image-38406\" srcset=\"https:\/\/jornalvaleevangelico.com.br\/wp-content\/uploads\/2024\/10\/DSC0002-JJ-4-Copy-1024x681.jpg 1024w, https:\/\/jornalvaleevangelico.com.br\/wp-content\/uploads\/2024\/10\/DSC0002-JJ-4-Copy-300x200.jpg 300w, https:\/\/jornalvaleevangelico.com.br\/wp-content\/uploads\/2024\/10\/DSC0002-JJ-4-Copy-768x511.jpg 768w, https:\/\/jornalvaleevangelico.com.br\/wp-content\/uploads\/2024\/10\/DSC0002-JJ-4-Copy-1536x1021.jpg 1536w, https:\/\/jornalvaleevangelico.com.br\/wp-content\/uploads\/2024\/10\/DSC0002-JJ-4-Copy-2048x1362.jpg 2048w\" sizes=\"(max-width: 1024px) 100vw, 1024px\" \/><\/figure>\n\n\n\n<figure class=\"wp-block-image size-large\"><img decoding=\"async\" width=\"1024\" height=\"701\" data-id=\"38405\" src=\"https:\/\/jornalvaleevangelico.com.br\/wp-content\/uploads\/2024\/10\/DSC0002-JJ-3-Copy-1024x701.jpg\" alt=\"\" class=\"wp-image-38405\" srcset=\"https:\/\/jornalvaleevangelico.com.br\/wp-content\/uploads\/2024\/10\/DSC0002-JJ-3-Copy-1024x701.jpg 1024w, https:\/\/jornalvaleevangelico.com.br\/wp-content\/uploads\/2024\/10\/DSC0002-JJ-3-Copy-300x205.jpg 300w, https:\/\/jornalvaleevangelico.com.br\/wp-content\/uploads\/2024\/10\/DSC0002-JJ-3-Copy-768x526.jpg 768w, https:\/\/jornalvaleevangelico.com.br\/wp-content\/uploads\/2024\/10\/DSC0002-JJ-3-Copy-1536x1051.jpg 1536w, https:\/\/jornalvaleevangelico.com.br\/wp-content\/uploads\/2024\/10\/DSC0002-JJ-3-Copy.jpg 1603w\" sizes=\"(max-width: 1024px) 100vw, 1024px\" \/><\/figure>\n\n\n\n<figure class=\"wp-block-image size-large\"><img fetchpriority=\"high\" decoding=\"async\" width=\"1024\" height=\"730\" data-id=\"38404\" src=\"https:\/\/jornalvaleevangelico.com.br\/wp-content\/uploads\/2024\/10\/DSC0002-JJ-2-Copy-1024x730.jpg\" alt=\"\" class=\"wp-image-38404\" srcset=\"https:\/\/jornalvaleevangelico.com.br\/wp-content\/uploads\/2024\/10\/DSC0002-JJ-2-Copy-1024x730.jpg 1024w, https:\/\/jornalvaleevangelico.com.br\/wp-content\/uploads\/2024\/10\/DSC0002-JJ-2-Copy-300x214.jpg 300w, https:\/\/jornalvaleevangelico.com.br\/wp-content\/uploads\/2024\/10\/DSC0002-JJ-2-Copy-768x548.jpg 768w, https:\/\/jornalvaleevangelico.com.br\/wp-content\/uploads\/2024\/10\/DSC0002-JJ-2-Copy-1536x1095.jpg 1536w, https:\/\/jornalvaleevangelico.com.br\/wp-content\/uploads\/2024\/10\/DSC0002-JJ-2-Copy.jpg 1952w\" sizes=\"(max-width: 1024px) 100vw, 1024px\" \/><\/figure>\n<\/figure>\n<div class=\"jorna-rodape jorna-entity-placement\" id=\"jorna-3602169621\"><div id=\"jorna-329261353\"><a href=\"https:\/\/gkscontabilidade.com\/\" aria-label=\"GKS Contabilidade\"><img src=\"https:\/\/jornalvaleevangelico.com.br\/wp-content\/uploads\/2023\/05\/GKS-Contabilidade.jpeg\" alt=\"\"  srcset=\"https:\/\/jornalvaleevangelico.com.br\/wp-content\/uploads\/2023\/05\/GKS-Contabilidade.jpeg 1600w, https:\/\/jornalvaleevangelico.com.br\/wp-content\/uploads\/2023\/05\/GKS-Contabilidade-300x65.jpeg 300w, https:\/\/jornalvaleevangelico.com.br\/wp-content\/uploads\/2023\/05\/GKS-Contabilidade-1024x223.jpeg 1024w, https:\/\/jornalvaleevangelico.com.br\/wp-content\/uploads\/2023\/05\/GKS-Contabilidade-768x168.jpeg 768w, https:\/\/jornalvaleevangelico.com.br\/wp-content\/uploads\/2023\/05\/GKS-Contabilidade-1536x335.jpeg 1536w\" sizes=\"(max-width: 1600px) 100vw, 1600px\" width=\"1600\" height=\"349\"   \/><\/a><\/div><\/div>","protected":false},"excerpt":{"rendered":"<p>A 17\u00aa EBA \u00e9 marcada por ensinamentos sobre as ra\u00edzes do pentecostalismo e crescimento espiritual&#8230;<\/p>\n","protected":false},"author":2,"featured_media":38407,"comment_status":"open","ping_status":"open","sticky":false,"template":"","format":"standard","meta":{"_mi_skip_tracking":false,"_monsterinsights_sitenote_active":false,"_monsterinsights_sitenote_note":"","_monsterinsights_sitenote_category":0,"footnotes":""},"categories":[4,15,2],"tags":[],"class_list":["post-38403","post","type-post","status-publish","format-standard","has-post-thumbnail","hentry","category-evento","category-mundo-cristao","category-noticia"],"_links":{"self":[{"href":"https:\/\/jornalvaleevangelico.com.br\/index.php\/wp-json\/wp\/v2\/posts\/38403","targetHints":{"allow":["GET"]}}],"collection":[{"href":"https:\/\/jornalvaleevangelico.com.br\/index.php\/wp-json\/wp\/v2\/posts"}],"about":[{"href":"https:\/\/jornalvaleevangelico.com.br\/index.php\/wp-json\/wp\/v2\/types\/post"}],"author":[{"embeddable":true,"href":"https:\/\/jornalvaleevangelico.com.br\/index.php\/wp-json\/wp\/v2\/users\/2"}],"replies":[{"embeddable":true,"href":"https:\/\/jornalvaleevangelico.com.br\/index.php\/wp-json\/wp\/v2\/comments?post=38403"}],"version-history":[{"count":1,"href":"https:\/\/jornalvaleevangelico.com.br\/index.php\/wp-json\/wp\/v2\/posts\/38403\/revisions"}],"predecessor-version":[{"id":38424,"href":"https:\/\/jornalvaleevangelico.com.br\/index.php\/wp-json\/wp\/v2\/posts\/38403\/revisions\/38424"}],"wp:featuredmedia":[{"embeddable":true,"href":"https:\/\/jornalvaleevangelico.com.br\/index.php\/wp-json\/wp\/v2\/media\/38407"}],"wp:attachment":[{"href":"https:\/\/jornalvaleevangelico.com.br\/index.php\/wp-json\/wp\/v2\/media?parent=38403"}],"wp:term":[{"taxonomy":"category","embeddable":true,"href":"https:\/\/jornalvaleevangelico.com.br\/index.php\/wp-json\/wp\/v2\/categories?post=38403"},{"taxonomy":"post_tag","embeddable":true,"href":"https:\/\/jornalvaleevangelico.com.br\/index.php\/wp-json\/wp\/v2\/tags?post=38403"}],"curies":[{"name":"wp","href":"https:\/\/api.w.org\/{rel}","templated":true}]}}