{"id":38988,"date":"2024-11-23T11:11:27","date_gmt":"2024-11-23T14:11:27","guid":{"rendered":"https:\/\/jornalvaleevangelico.com.br\/?p=38988"},"modified":"2024-11-23T11:12:37","modified_gmt":"2024-11-23T14:12:37","slug":"papa-francisco-quer-ser-sepultado-como-pastor-em-caixao-simples","status":"publish","type":"post","link":"https:\/\/jornalvaleevangelico.com.br\/index.php\/2024\/11\/23\/papa-francisco-quer-ser-sepultado-como-pastor-em-caixao-simples\/","title":{"rendered":"Papa Francisco quer ser sepultado como \u201cpastor\u201d em caix\u00e3o simples"},"content":{"rendered":"\n<h2 class=\"wp-block-heading\">Pont\u00edfice fez modifica\u00e7\u00f5es em ritos f\u00fanebres papais<\/h2>\n\n\n\n<p>O papa Francisco modificou alguns ritos f\u00fanebres papais a fim de simplific\u00e1-los. Entre as novidades introduzidas est\u00e1 a confirma\u00e7\u00e3o da morte do papa n\u00e3o no quarto do falecido, mas na capela. Francisco tamb\u00e9m quer que sejam utilizados t\u00edtulos mais simples como papa, bispo de Roma e pastor, eliminando, por exemplo, \u201cromano pont\u00edfice\u201d.<\/p>\n\n\n\n<p>\u2013 O papa Francisco pediu, como ele mesmo declarou em diversas ocasi\u00f5es, para simplificar e adaptar alguns ritos de forma que a celebra\u00e7\u00e3o das ex\u00e9quias do bispo de Roma expressasse melhor a f\u00e9 da Igreja em Cristo Ressuscitado. O rito renovado, ademais, deveria enfatizar ainda mais que o funeral do romano pont\u00edfice \u00e9 o de um pastor e disc\u00edpulo de Cristo e n\u00e3o de uma pessoa poderosa deste mundo \u2013 explicou o mestre das Celebra\u00e7\u00f5es Lit\u00fargicas dos Pont\u00edfices do Vaticano, arcebispo Diego Ravelli.<\/p>\n\n\n\n<p>Outras mudan\u00e7as s\u00e3o a retirada da obriga\u00e7\u00e3o de que os papas sejam enterrados sob tr\u00eas caix\u00f5es tradicionais de chipre, chumbo e carvalho. O corpo ser\u00e1 sepultado em \u00fanico caix\u00e3o de madeira com interior em zinco, antes de ser transferido diretamente para a bas\u00edlica.<\/p>\n\n\n\n<p>Anteriormente, o corpo do papa era transferido para a capela do Pal\u00e1cio Apost\u00f3lico, uma vez que o pont\u00edfice ali residia, mas Francisco mora na resid\u00eancia da Casa Santa Marta, portanto, essa etapa foi eliminada.<\/p>\n\n\n\n<p>O regulamento tornado p\u00fablico foi aprovado em 29 de abril deste ano com os novos desejos do papa Francisco de \u201csimplificar e adaptar alguns ritos para que a celebra\u00e7\u00e3o do funeral do bispo de Roma expresse a melhor f\u00e9 da Igreja de Cristo Ressuscitado\u201d.<\/p>\n\n\n\n<p>\u2013 O rito renovado destaca que o funeral do romano pont\u00edfice \u00e9 um pastor e disc\u00edpulo de Cristo e n\u00e3o uma pessoa poderosa neste mundo \u2013 explica a nova revis\u00e3o.<\/p>\n\n\n\n<h6 class=\"wp-block-heading\">Monique Mello &#8211;\u00a021\/11\/2024\u00a013h49 | atualizado em 21\/11\/2024 13h59<\/h6>\n<div class=\"jorna-rodape jorna-entity-placement\" id=\"jorna-1312357818\"><div id=\"jorna-184658480\"><a href=\"https:\/\/gkscontabilidade.com\/\" aria-label=\"GKS Contabilidade\"><img src=\"https:\/\/jornalvaleevangelico.com.br\/wp-content\/uploads\/2023\/05\/GKS-Contabilidade.jpeg\" alt=\"\"  srcset=\"https:\/\/jornalvaleevangelico.com.br\/wp-content\/uploads\/2023\/05\/GKS-Contabilidade.jpeg 1600w, https:\/\/jornalvaleevangelico.com.br\/wp-content\/uploads\/2023\/05\/GKS-Contabilidade-300x65.jpeg 300w, https:\/\/jornalvaleevangelico.com.br\/wp-content\/uploads\/2023\/05\/GKS-Contabilidade-1024x223.jpeg 1024w, https:\/\/jornalvaleevangelico.com.br\/wp-content\/uploads\/2023\/05\/GKS-Contabilidade-768x168.jpeg 768w, https:\/\/jornalvaleevangelico.com.br\/wp-content\/uploads\/2023\/05\/GKS-Contabilidade-1536x335.jpeg 1536w\" sizes=\"(max-width: 1600px) 100vw, 1600px\" width=\"1600\" height=\"349\"   \/><\/a><\/div><\/div>","protected":false},"excerpt":{"rendered":"<p>Pont\u00edfice fez modifica\u00e7\u00f5es em ritos f\u00fanebres papais O papa Francisco modificou alguns ritos f\u00fanebres papais&#8230;<\/p>\n","protected":false},"author":2,"featured_media":38989,"comment_status":"open","ping_status":"open","sticky":false,"template":"","format":"standard","meta":{"_mi_skip_tracking":false,"_monsterinsights_sitenote_active":false,"_monsterinsights_sitenote_note":"","_monsterinsights_sitenote_category":0,"footnotes":""},"categories":[15,2],"tags":[],"class_list":["post-38988","post","type-post","status-publish","format-standard","has-post-thumbnail","hentry","category-mundo-cristao","category-noticia"],"_links":{"self":[{"href":"https:\/\/jornalvaleevangelico.com.br\/index.php\/wp-json\/wp\/v2\/posts\/38988","targetHints":{"allow":["GET"]}}],"collection":[{"href":"https:\/\/jornalvaleevangelico.com.br\/index.php\/wp-json\/wp\/v2\/posts"}],"about":[{"href":"https:\/\/jornalvaleevangelico.com.br\/index.php\/wp-json\/wp\/v2\/types\/post"}],"author":[{"embeddable":true,"href":"https:\/\/jornalvaleevangelico.com.br\/index.php\/wp-json\/wp\/v2\/users\/2"}],"replies":[{"embeddable":true,"href":"https:\/\/jornalvaleevangelico.com.br\/index.php\/wp-json\/wp\/v2\/comments?post=38988"}],"version-history":[{"count":1,"href":"https:\/\/jornalvaleevangelico.com.br\/index.php\/wp-json\/wp\/v2\/posts\/38988\/revisions"}],"predecessor-version":[{"id":38990,"href":"https:\/\/jornalvaleevangelico.com.br\/index.php\/wp-json\/wp\/v2\/posts\/38988\/revisions\/38990"}],"wp:featuredmedia":[{"embeddable":true,"href":"https:\/\/jornalvaleevangelico.com.br\/index.php\/wp-json\/wp\/v2\/media\/38989"}],"wp:attachment":[{"href":"https:\/\/jornalvaleevangelico.com.br\/index.php\/wp-json\/wp\/v2\/media?parent=38988"}],"wp:term":[{"taxonomy":"category","embeddable":true,"href":"https:\/\/jornalvaleevangelico.com.br\/index.php\/wp-json\/wp\/v2\/categories?post=38988"},{"taxonomy":"post_tag","embeddable":true,"href":"https:\/\/jornalvaleevangelico.com.br\/index.php\/wp-json\/wp\/v2\/tags?post=38988"}],"curies":[{"name":"wp","href":"https:\/\/api.w.org\/{rel}","templated":true}]}}