{"id":39650,"date":"2024-12-27T08:20:14","date_gmt":"2024-12-27T11:20:14","guid":{"rendered":"https:\/\/jornalvaleevangelico.com.br\/?p=39650"},"modified":"2024-12-27T08:22:05","modified_gmt":"2024-12-27T11:22:05","slug":"pastores-e-suas-esposas-morrem-apos-grave-acidente-na-br-135","status":"publish","type":"post","link":"https:\/\/jornalvaleevangelico.com.br\/index.php\/2024\/12\/27\/pastores-e-suas-esposas-morrem-apos-grave-acidente-na-br-135\/","title":{"rendered":"Pastores e suas esposas morrem ap\u00f3s grave acidente na BR-135"},"content":{"rendered":"\n<h2 class=\"wp-block-heading\">Entre as v\u00edtimas est\u00e1 o presidente da Assembleia de Deus Minist\u00e9rio S\u00e3o Paulo<\/h2>\n\n\n\n<p>Quatro pessoas faleceram nesta quinta-feira (26) ap\u00f3s um acidente de carro na BR-135, em Jo\u00e3o Fel\u00edcio, Minas Gerais. Entre as v\u00edtimas estavam os pastores Jos\u00e9 Alves de Oliveira, presidente da Assembleia de Deus Minist\u00e9rio S\u00e3o Paulo, sua esposa, a mission\u00e1ria Elizete Neres; al\u00e9m do pastor Marcos Olinto Barbosa, presidente da Conven\u00e7\u00e3o Interestadual das Assembleias de Deus Minist\u00e9rio de S\u00e3o Paulo (CONIADMISP), e sua esposa, a mission\u00e1ria Sandra Mara Vieira.<\/p>\n\n\n\n<p>De acordo com informa\u00e7\u00f5es da Pol\u00edcia Militar, o pneu do carro onde estavam os casais de l\u00edderes religiosos teria estourado, fazendo com que o ve\u00edculo rodasse na pista, colidindo lateralmente com um \u00f4nibus.<\/p>\n\n\n\n<figure class=\"wp-block-image\"><img decoding=\"async\" src=\"https:\/\/static.cdn.pleno.news\/2024\/12\/acidente-pastores-2.jpg\" alt=\"\" class=\"wp-image-1437767\"\/><figcaption class=\"wp-element-caption\">Jos\u00e9 Alves, Elizete Neves, Marcos Olinto e Sandra Mara<\/figcaption><\/figure>\n\n\n\n<p>O carro ficou completamente destru\u00eddo e todos os quatro faleceram no local. O SAMU foi chamado para prestar socorro, mas j\u00e1 era tarde. No \u00f4nibus estavam apenas dois motoristas que sa\u00edram de Monte Santo (BA), com destino a S\u00e3o Paulo (SP). Eles n\u00e3o se feriram.<\/p>\n\n\n\n<p>A Assembleia de Deus S\u00e3o Paulo e a CONIADMISP emitiram nota de pesar pelas mortes.<\/p>\n\n\n\n<p>Os quatro corpos ser\u00e3o velados na sede da Igreja, localizada na Barra Funda, nesta sexta (27), \u00e0s 9h.<\/p>\n\n\n\n<h6 class=\"wp-block-heading\">Fonte: Leiliane Lopes &#8211;\u00a026\/12\/2024\u00a018h03 | atualizado em 26\/12\/2024 18h42<\/h6>\n<div class=\"jorna-rodape jorna-entity-placement\" id=\"jorna-2800768096\"><div id=\"jorna-4216742046\"><a href=\"https:\/\/gkscontabilidade.com\/\" aria-label=\"GKS Contabilidade\"><img src=\"https:\/\/jornalvaleevangelico.com.br\/wp-content\/uploads\/2023\/05\/GKS-Contabilidade.jpeg\" alt=\"\"  srcset=\"https:\/\/jornalvaleevangelico.com.br\/wp-content\/uploads\/2023\/05\/GKS-Contabilidade.jpeg 1600w, https:\/\/jornalvaleevangelico.com.br\/wp-content\/uploads\/2023\/05\/GKS-Contabilidade-300x65.jpeg 300w, https:\/\/jornalvaleevangelico.com.br\/wp-content\/uploads\/2023\/05\/GKS-Contabilidade-1024x223.jpeg 1024w, https:\/\/jornalvaleevangelico.com.br\/wp-content\/uploads\/2023\/05\/GKS-Contabilidade-768x168.jpeg 768w, https:\/\/jornalvaleevangelico.com.br\/wp-content\/uploads\/2023\/05\/GKS-Contabilidade-1536x335.jpeg 1536w\" sizes=\"(max-width: 1600px) 100vw, 1600px\" width=\"1600\" height=\"349\"   \/><\/a><\/div><\/div>","protected":false},"excerpt":{"rendered":"<p>Entre as v\u00edtimas est\u00e1 o presidente da Assembleia de Deus Minist\u00e9rio S\u00e3o Paulo Quatro pessoas&#8230;<\/p>\n","protected":false},"author":2,"featured_media":39651,"comment_status":"open","ping_status":"open","sticky":false,"template":"","format":"standard","meta":{"_mi_skip_tracking":false,"_monsterinsights_sitenote_active":false,"_monsterinsights_sitenote_note":"","_monsterinsights_sitenote_category":0,"footnotes":""},"categories":[15,2],"tags":[],"class_list":["post-39650","post","type-post","status-publish","format-standard","has-post-thumbnail","hentry","category-mundo-cristao","category-noticia"],"_links":{"self":[{"href":"https:\/\/jornalvaleevangelico.com.br\/index.php\/wp-json\/wp\/v2\/posts\/39650","targetHints":{"allow":["GET"]}}],"collection":[{"href":"https:\/\/jornalvaleevangelico.com.br\/index.php\/wp-json\/wp\/v2\/posts"}],"about":[{"href":"https:\/\/jornalvaleevangelico.com.br\/index.php\/wp-json\/wp\/v2\/types\/post"}],"author":[{"embeddable":true,"href":"https:\/\/jornalvaleevangelico.com.br\/index.php\/wp-json\/wp\/v2\/users\/2"}],"replies":[{"embeddable":true,"href":"https:\/\/jornalvaleevangelico.com.br\/index.php\/wp-json\/wp\/v2\/comments?post=39650"}],"version-history":[{"count":1,"href":"https:\/\/jornalvaleevangelico.com.br\/index.php\/wp-json\/wp\/v2\/posts\/39650\/revisions"}],"predecessor-version":[{"id":39652,"href":"https:\/\/jornalvaleevangelico.com.br\/index.php\/wp-json\/wp\/v2\/posts\/39650\/revisions\/39652"}],"wp:featuredmedia":[{"embeddable":true,"href":"https:\/\/jornalvaleevangelico.com.br\/index.php\/wp-json\/wp\/v2\/media\/39651"}],"wp:attachment":[{"href":"https:\/\/jornalvaleevangelico.com.br\/index.php\/wp-json\/wp\/v2\/media?parent=39650"}],"wp:term":[{"taxonomy":"category","embeddable":true,"href":"https:\/\/jornalvaleevangelico.com.br\/index.php\/wp-json\/wp\/v2\/categories?post=39650"},{"taxonomy":"post_tag","embeddable":true,"href":"https:\/\/jornalvaleevangelico.com.br\/index.php\/wp-json\/wp\/v2\/tags?post=39650"}],"curies":[{"name":"wp","href":"https:\/\/api.w.org\/{rel}","templated":true}]}}