{"id":39657,"date":"2024-12-27T08:33:05","date_gmt":"2024-12-27T11:33:05","guid":{"rendered":"https:\/\/jornalvaleevangelico.com.br\/?p=39657"},"modified":"2024-12-27T08:33:06","modified_gmt":"2024-12-27T11:33:06","slug":"moraes-da-48-horas-para-exercito-explicar-visitas-a-militares-presos","status":"publish","type":"post","link":"https:\/\/jornalvaleevangelico.com.br\/index.php\/2024\/12\/27\/moraes-da-48-horas-para-exercito-explicar-visitas-a-militares-presos\/","title":{"rendered":"Moraes d\u00e1 48 horas para Ex\u00e9rcito explicar visitas a militares presos"},"content":{"rendered":"\n<h2 class=\"wp-block-heading\">Presos estariam recebendo visitas sem autoriza\u00e7\u00e3o<\/h2>\n\n\n\n<p>O ministro do Supremo Tribunal Federal (STF), Alexandre de Moraes, determinou que o Ex\u00e9rcito esclare\u00e7a os motivos pelos quais os presos do inqu\u00e9rito que apura a formata\u00e7\u00e3o de um suposto plano de golpe de Estado est\u00e3o recebendo visitas sem autoriza\u00e7\u00e3o. A decis\u00e3o foi proferida na \u00faltima ter\u00e7a-feira (24) e divulgada nesta quinta (26).<\/p>\n\n\n\n<p>As visitas envolvem parentes e advogados do general da reserva Mario Fernandes e dos tenentes-coron\u00e9is Rodrigo Bezerra Azevedo e H\u00e9lio Ferreira Lima.<\/p>\n\n\n\n<p>Pela decis\u00e3o, os generais respons\u00e1veis pelos comandos militares do Leste e do Planalto dever\u00e3o, no prazo de 24 horas, enviar ao ministro explica\u00e7\u00f5es sobre as visitas.<\/p>\n\n\n\n<p>\u2013 Oficia-se ao comandante da 1\u00aa Divis\u00e3o de Ex\u00e9rcito, general Eduardo Tavares Martins, ao comandante do Comando Militar do Planalto, general de Divis\u00e3o Ricardo Piai Carmona, e ao comandante militar do Leste, general de Ex\u00e9rcito, Kleber Nunes de Vasconcellos, para, no prazo de 48 horas, esclarecerem o desrespeito ao regulamento de visitas, com a autoriza\u00e7\u00e3o para visitas di\u00e1rias \u2013 determinou Moraes.<\/p>\n\n\n\n<p>No m\u00eas passado, eles foram presos no Rio de Janeiro e transferidos para Bras\u00edlia, onde est\u00e3o detidos nas instala\u00e7\u00f5es do Comando Militar do Planalto (CMP).<\/p>\n\n\n\n<h6 class=\"wp-block-heading\">*Ag\u00eancia Brasil-Pleno.News &#8211;\u00a026\/12\/2024\u00a018h12 | atualizado em 26\/12\/2024 19h02<\/h6>\n<div class=\"jorna-rodape jorna-entity-placement\" id=\"jorna-406323019\"><div id=\"jorna-3462537175\"><a href=\"https:\/\/gkscontabilidade.com\/\" aria-label=\"GKS Contabilidade\"><img src=\"https:\/\/jornalvaleevangelico.com.br\/wp-content\/uploads\/2023\/05\/GKS-Contabilidade.jpeg\" alt=\"\"  srcset=\"https:\/\/jornalvaleevangelico.com.br\/wp-content\/uploads\/2023\/05\/GKS-Contabilidade.jpeg 1600w, https:\/\/jornalvaleevangelico.com.br\/wp-content\/uploads\/2023\/05\/GKS-Contabilidade-300x65.jpeg 300w, https:\/\/jornalvaleevangelico.com.br\/wp-content\/uploads\/2023\/05\/GKS-Contabilidade-1024x223.jpeg 1024w, https:\/\/jornalvaleevangelico.com.br\/wp-content\/uploads\/2023\/05\/GKS-Contabilidade-768x168.jpeg 768w, https:\/\/jornalvaleevangelico.com.br\/wp-content\/uploads\/2023\/05\/GKS-Contabilidade-1536x335.jpeg 1536w\" sizes=\"(max-width: 1600px) 100vw, 1600px\" width=\"1600\" height=\"349\"   \/><\/a><\/div><\/div>","protected":false},"excerpt":{"rendered":"<p>Presos estariam recebendo visitas sem autoriza\u00e7\u00e3o O ministro do Supremo Tribunal Federal (STF), Alexandre de&#8230;<\/p>\n","protected":false},"author":2,"featured_media":39658,"comment_status":"open","ping_status":"open","sticky":false,"template":"","format":"standard","meta":{"_mi_skip_tracking":false,"_monsterinsights_sitenote_active":false,"_monsterinsights_sitenote_note":"","_monsterinsights_sitenote_category":0,"footnotes":""},"categories":[2,13],"tags":[],"class_list":["post-39657","post","type-post","status-publish","format-standard","has-post-thumbnail","hentry","category-noticia","category-politica"],"_links":{"self":[{"href":"https:\/\/jornalvaleevangelico.com.br\/index.php\/wp-json\/wp\/v2\/posts\/39657","targetHints":{"allow":["GET"]}}],"collection":[{"href":"https:\/\/jornalvaleevangelico.com.br\/index.php\/wp-json\/wp\/v2\/posts"}],"about":[{"href":"https:\/\/jornalvaleevangelico.com.br\/index.php\/wp-json\/wp\/v2\/types\/post"}],"author":[{"embeddable":true,"href":"https:\/\/jornalvaleevangelico.com.br\/index.php\/wp-json\/wp\/v2\/users\/2"}],"replies":[{"embeddable":true,"href":"https:\/\/jornalvaleevangelico.com.br\/index.php\/wp-json\/wp\/v2\/comments?post=39657"}],"version-history":[{"count":1,"href":"https:\/\/jornalvaleevangelico.com.br\/index.php\/wp-json\/wp\/v2\/posts\/39657\/revisions"}],"predecessor-version":[{"id":39659,"href":"https:\/\/jornalvaleevangelico.com.br\/index.php\/wp-json\/wp\/v2\/posts\/39657\/revisions\/39659"}],"wp:featuredmedia":[{"embeddable":true,"href":"https:\/\/jornalvaleevangelico.com.br\/index.php\/wp-json\/wp\/v2\/media\/39658"}],"wp:attachment":[{"href":"https:\/\/jornalvaleevangelico.com.br\/index.php\/wp-json\/wp\/v2\/media?parent=39657"}],"wp:term":[{"taxonomy":"category","embeddable":true,"href":"https:\/\/jornalvaleevangelico.com.br\/index.php\/wp-json\/wp\/v2\/categories?post=39657"},{"taxonomy":"post_tag","embeddable":true,"href":"https:\/\/jornalvaleevangelico.com.br\/index.php\/wp-json\/wp\/v2\/tags?post=39657"}],"curies":[{"name":"wp","href":"https:\/\/api.w.org\/{rel}","templated":true}]}}