{"id":39834,"date":"2025-01-24T22:28:44","date_gmt":"2025-01-25T01:28:44","guid":{"rendered":"https:\/\/jornalvaleevangelico.com.br\/?p=39834"},"modified":"2025-01-24T22:28:44","modified_gmt":"2025-01-25T01:28:44","slug":"agenda-woke-e-adorada-como-bezerro-de-ouro-diz-milei-no-forum-economico-mundial","status":"publish","type":"post","link":"https:\/\/jornalvaleevangelico.com.br\/index.php\/2025\/01\/24\/agenda-woke-e-adorada-como-bezerro-de-ouro-diz-milei-no-forum-economico-mundial\/","title":{"rendered":"\u2018Agenda woke \u00e9 adorada como bezerro de ouro\u2019, diz Milei no F\u00f3rum Econ\u00f4mico Mundial"},"content":{"rendered":"\n<h2 class=\"wp-block-heading\">O presidente da Argentina pediu apoio para combater a &#8220;agenda sangrenta e assassina do aborto, al\u00e9m da ideologia LGBT.<\/h2>\n\n\n\n<p><strong><a href=\"https:\/\/guiame.com.br\/gospel\/noticias\/milei-critica-aborto-diante-de-lideres-mundiais-na-suica-agenda-sangrenta.html\">Javier Milei<\/a><\/strong>&nbsp;fez um discurso no F\u00f3rum Econ\u00f4mico Mundial (FEM) na quarta-feira (22), criticando a organiza\u00e7\u00e3o supranacional por adotar a &#8220;agenda sinistra do wokismo&#8221;.<\/p>\n\n\n\n<p>O presidente da Argentina pediu apoio para combater a &#8220;agenda sangrenta e assassina do&nbsp;<strong><a href=\"https:\/\/guiame.com.br\/gospel\/noticias\/trump-perdoa-23-manifestantes-pro-vida-presos-por-protestar-em-clinicas-de-aborto.html\">aborto<\/a><\/strong>&#8220;, al\u00e9m da ideologia LGBT.<\/p>\n\n\n\n<p>Em seu discurso aos l\u00edderes mundiais em Davos, Su\u00ed\u00e7a, Milei afirmou: \u201c\u00c9 nosso dever moral e responsabilidade hist\u00f3rica desmantelar a estrutura ideol\u00f3gica woke doentia\u201d.<\/p>\n\n\n\n<p>Milei denunciou a \u201cagenda sinistra do wokismo\u201d e o \u201cv\u00edrus mental da ideologia woke\u201d como a \u201cgrande epidemia do nosso tempo que deve ser curada\u201d e o \u201cc\u00e2ncer do qual precisamos nos livrar\u201d.<\/p>\n\n\n\n<p>Ele detalhou os impactos prejudiciais da \u201cideologia woke\u201d, especificamente a \u201cagenda sangrenta e assassina do aborto\u201d, que ele descreveu como resultado de uma premissa falha: \u201cde que a superpopula\u00e7\u00e3o destruir\u00e1 a Terra e, portanto, devemos implementar algum tipo de controle populacional\u201d. Al\u00e9m disso, Milei criticou a \u201cagenda LGBT\u201d.<\/p>\n\n\n\n<p>Milei discordou da afirma\u00e7\u00e3o feita pelos defensores da \u201cagenda LGBT\u201d de que \u201cmulheres s\u00e3o homens e homens s\u00e3o mulheres simplesmente com base na autopercep\u00e7\u00e3o\u201d.<\/p>\n\n\n\n<p>Ele expressou sua preocupa\u00e7\u00e3o com o fato de que os proponentes dessa agenda permanecem em sil\u00eancio \u201cquando um homem se veste de mulher e mata seu oponente em um ringue de boxe ou quando um presidi\u00e1rio afirma ser uma mulher e acaba abusando sexualmente de mulheres na pris\u00e3o\u201d.<\/p>\n\n\n\n<p>Ele se referiu a casos em que homens trans competem em esportes femininos e s\u00e3o alojados em celas de pris\u00e3o com mulheres, compartilhando espa\u00e7os para dormir e tomar banho.<\/p>\n\n\n\n<p><strong>&#8216;Abuso infantil&#8217;<\/strong><\/p>\n\n\n\n<p>Ap\u00f3s citar o caso de um casal do mesmo sexo acusado de abusar de seus filhos adotivos, Milei afirmou: &#8220;Em suas formas mais extremas, a ideologia de g\u00eanero \u00e9 abuso infantil declarado&#8221;.<\/p>\n\n\n\n<p>O presidente tamb\u00e9m destacou o fen\u00f4meno em que cirurgias mutiladoras, como castra\u00e7\u00e3o e mastectomias, s\u00e3o realizadas em jovens que est\u00e3o confusos quanto \u00e0 sua identidade de g\u00eanero.<\/p>\n\n\n\n<p>&#8220;Crian\u00e7as saud\u00e1veis est\u00e3o sendo irreversivelmente prejudicados por tratamentos hormonais e mutila\u00e7\u00e3o, como se uma crian\u00e7a de 5 anos pudesse consentir com tais coisas&#8221;, disse ele.<\/p>\n\n\n\n<p>Milei lamentou que &#8220;se a fam\u00edlia n\u00e3o concordar com isso, sempre haver\u00e1 agentes do estado prontos para intervir em favor do que eles chamam de &#8216;o melhor interesse da crian\u00e7a'&#8221;, referindo-se \u00e0s leis que permitem ao estado remover crian\u00e7as da cust\u00f3dia dos pais que se op\u00f5em a permitir que seus filhos se submetam a procedimentos de transi\u00e7\u00e3o de g\u00eanero.<\/p>\n\n\n\n<p>E acrescentou: &#8220;Os experimentos escandalosos em nome dessa ideologia criminosa ser\u00e3o condenados e comparados aos cometidos pelos piores momentos da nossa hist\u00f3ria.&#8221;<\/p>\n\n\n\n<p>O presidente argentino tamb\u00e9m identificou outra consequ\u00eancia do &#8220;wokismo&#8221; como o questionamento generalizado &#8220;do pr\u00f3prio conceito de sexo biol\u00f3gico&#8221;.<\/p>\n\n\n\n<p>Como exemplo, ele apontou a &#8220;legisla\u00e7\u00e3o absurda&#8221; que surgiu em decorr\u00eancia desse fen\u00f4meno, incluindo o financiamento p\u00fablico de &#8220;tratamentos hormonais caros e cirurgias para atender \u00e0 autopercep\u00e7\u00e3o&#8221; de indiv\u00edduos transidentificados.<\/p>\n\n\n\n<p>Milei observou que os &#8220;efeitos de uma gera\u00e7\u00e3o inteira que mutilou seus corpos&#8221; est\u00e3o come\u00e7ando a surgir, acrescentando: &#8220;Essas pessoas ter\u00e3o que enfrentar a vida inteira em tratamento psiqui\u00e1trico para lidar com o que fizeram a si mesmas&#8221;.<\/p>\n\n\n\n<p>Durante seus coment\u00e1rios, Milei criticou diretamente o F\u00f3rum Econ\u00f4mico Mundial por adotar o \u201cwokismo\u201d, detalhando como \u201cpor d\u00e9cadas, houve uma adora\u00e7\u00e3o a uma ideologia sinistra e assassina, tratada como um bezerro de ouro\u201d.<\/p>\n\n\n\n<p>Ele afirmou que \u201cesta organiza\u00e7\u00e3o, junto com as ordens supranacionais mais influentes, foram os ide\u00f3logos desta barb\u00e1rie\u201d.<\/p>\n\n\n\n<p><strong>&#8216;Ideologia enraizada&#8217;<\/strong><\/p>\n\n\n\n<p>Milei tamb\u00e9m detalhou como a ideologia se enraizou em &#8220;partidos pol\u00edticos e governos de na\u00e7\u00f5es l\u00edderes&#8221;, al\u00e9m de estar presente em organiza\u00e7\u00f5es n\u00e3o governamentais, institui\u00e7\u00f5es educacionais e meios de comunica\u00e7\u00e3o.<\/p>\n\n\n\n<p>Embora Milei tenha iniciado seu discurso expressando otimismo sobre a iminente derrota da \u201cideologia woke\u201d devido \u00e0s elei\u00e7\u00f5es de l\u00edderes como o presidente dos EUA, Donald Trump, a primeira-ministra Giorgia Meloni da It\u00e1lia, o presidente Nayib Bukele de El Salvador, o primeiro-ministro Viktor Orb\u00e1n da Hungria e o primeiro-ministro israelense Benjamin Netanyahu, ele destacou que \u201cnossa batalha ainda n\u00e3o foi vencida\u201d.<\/p>\n\n\n\n<p>Nesta semana, ap\u00f3s assumir o cargo como 47\u00ba presidente dos EUA,&nbsp;<a href=\"https:\/\/guiame.com.br\/gospel\/noticias\/trump-fala-sobre-fim-da-agenda-woke-no-forum-economico-mundial-so-ha-dois-generos.html\"><strong>Donald Trump<\/strong><\/a>&nbsp;assinou uma ordem executiva rejeitando os princ\u00edpios da &#8220;agenda LGBT&#8221;.<\/p>\n\n\n\n<p>A ordem definiu sexo como &#8220;a classifica\u00e7\u00e3o biol\u00f3gica imut\u00e1vel de um indiv\u00edduo como masculino ou feminino&#8221; e esclareceu que a palavra &#8220;n\u00e3o \u00e9 sin\u00f4nimo e n\u00e3o inclui o conceito de &#8216;identidade de g\u00eanero'&#8221;. Al\u00e9m disso, a medida determinou que os prisioneiros sejam alocados nas pris\u00f5es com base no sexo biol\u00f3gico, e n\u00e3o na identidade de g\u00eanero autodeclarada.<\/p>\n\n\n\n<p>Milei, membro da coaliz\u00e3o de tend\u00eancia libert\u00e1ria La Libertad Avanza, foi eleito presidente da Argentina em 2023, ap\u00f3s conquistar 55,7% dos votos no segundo turno, em um confronto direto contra Sergio Massa, da coaliz\u00e3o de tend\u00eancia esquerdista Uni\u00f3n por la Patria.<\/p>\n\n\n\n<p>Na elei\u00e7\u00e3o geral, realizada um m\u00eas antes, La Libertad Avanza ficou em segundo lugar, com v\u00e1rios partidos pol\u00edticos, obtendo 30% dos votos, enquanto a Uni\u00f3n por la Patria recebeu 36,7%<\/p>\n\n\n\n<h6 class=\"wp-block-heading\"><strong>Fonte:<\/strong>\u00a0Guiame, com informa\u00e7\u00f5es do Christian Post<strong>Atualizado:\u00a0<\/strong>sexta-feira, 24 de janeiro de 2025 \u00e0s 13:37<\/h6>\n<div class=\"jorna-rodape jorna-entity-placement\" id=\"jorna-1803448355\"><div id=\"jorna-1016443901\"><a href=\"https:\/\/gkscontabilidade.com\/\" aria-label=\"GKS Contabilidade\"><img src=\"https:\/\/jornalvaleevangelico.com.br\/wp-content\/uploads\/2023\/05\/GKS-Contabilidade.jpeg\" alt=\"\"  srcset=\"https:\/\/jornalvaleevangelico.com.br\/wp-content\/uploads\/2023\/05\/GKS-Contabilidade.jpeg 1600w, https:\/\/jornalvaleevangelico.com.br\/wp-content\/uploads\/2023\/05\/GKS-Contabilidade-300x65.jpeg 300w, https:\/\/jornalvaleevangelico.com.br\/wp-content\/uploads\/2023\/05\/GKS-Contabilidade-1024x223.jpeg 1024w, https:\/\/jornalvaleevangelico.com.br\/wp-content\/uploads\/2023\/05\/GKS-Contabilidade-768x168.jpeg 768w, https:\/\/jornalvaleevangelico.com.br\/wp-content\/uploads\/2023\/05\/GKS-Contabilidade-1536x335.jpeg 1536w\" sizes=\"(max-width: 1600px) 100vw, 1600px\" width=\"1600\" height=\"349\"   \/><\/a><\/div><\/div>","protected":false},"excerpt":{"rendered":"<p>O presidente da Argentina pediu apoio para combater a &#8220;agenda sangrenta e assassina do aborto,&#8230;<\/p>\n","protected":false},"author":2,"featured_media":39835,"comment_status":"open","ping_status":"open","sticky":false,"template":"","format":"standard","meta":{"_mi_skip_tracking":false,"_monsterinsights_sitenote_active":false,"_monsterinsights_sitenote_note":"","_monsterinsights_sitenote_category":0,"footnotes":""},"categories":[8,2],"tags":[],"class_list":["post-39834","post","type-post","status-publish","format-standard","has-post-thumbnail","hentry","category-internacional","category-noticia"],"_links":{"self":[{"href":"https:\/\/jornalvaleevangelico.com.br\/index.php\/wp-json\/wp\/v2\/posts\/39834","targetHints":{"allow":["GET"]}}],"collection":[{"href":"https:\/\/jornalvaleevangelico.com.br\/index.php\/wp-json\/wp\/v2\/posts"}],"about":[{"href":"https:\/\/jornalvaleevangelico.com.br\/index.php\/wp-json\/wp\/v2\/types\/post"}],"author":[{"embeddable":true,"href":"https:\/\/jornalvaleevangelico.com.br\/index.php\/wp-json\/wp\/v2\/users\/2"}],"replies":[{"embeddable":true,"href":"https:\/\/jornalvaleevangelico.com.br\/index.php\/wp-json\/wp\/v2\/comments?post=39834"}],"version-history":[{"count":1,"href":"https:\/\/jornalvaleevangelico.com.br\/index.php\/wp-json\/wp\/v2\/posts\/39834\/revisions"}],"predecessor-version":[{"id":39836,"href":"https:\/\/jornalvaleevangelico.com.br\/index.php\/wp-json\/wp\/v2\/posts\/39834\/revisions\/39836"}],"wp:featuredmedia":[{"embeddable":true,"href":"https:\/\/jornalvaleevangelico.com.br\/index.php\/wp-json\/wp\/v2\/media\/39835"}],"wp:attachment":[{"href":"https:\/\/jornalvaleevangelico.com.br\/index.php\/wp-json\/wp\/v2\/media?parent=39834"}],"wp:term":[{"taxonomy":"category","embeddable":true,"href":"https:\/\/jornalvaleevangelico.com.br\/index.php\/wp-json\/wp\/v2\/categories?post=39834"},{"taxonomy":"post_tag","embeddable":true,"href":"https:\/\/jornalvaleevangelico.com.br\/index.php\/wp-json\/wp\/v2\/tags?post=39834"}],"curies":[{"name":"wp","href":"https:\/\/api.w.org\/{rel}","templated":true}]}}