{"id":39950,"date":"2025-02-07T12:03:41","date_gmt":"2025-02-07T15:03:41","guid":{"rendered":"https:\/\/jornalvaleevangelico.com.br\/?p=39950"},"modified":"2025-02-07T21:24:57","modified_gmt":"2025-02-08T00:24:57","slug":"ex-chefe-no-governo-trump-se-a-usaid-nao-existisse-bolsonaro-ainda-seria-presidente","status":"publish","type":"post","link":"https:\/\/jornalvaleevangelico.com.br\/index.php\/2025\/02\/07\/ex-chefe-no-governo-trump-se-a-usaid-nao-existisse-bolsonaro-ainda-seria-presidente\/","title":{"rendered":"Ex-chefe no governo Trump: \u201cSe a Usaid n\u00e3o existisse, Bolsonaro ainda seria presidente\u201d"},"content":{"rendered":"\n<h2 class=\"wp-block-heading\">Michael Benz deu declara\u00e7\u00e3o ao podcast War Room, de Steve Bannon<\/h2>\n\n\n\n<p>Michael Benz, ex-chefe da divis\u00e3o de inform\u00e1tica do Departamento de Estado dos Estados Unidos, fez uma declara\u00e7\u00e3o na \u00faltima segunda-feira (3) que tem gerado grande repercuss\u00e3o no Brasil. Ao podcast&nbsp;<em>War Room<\/em>, de Steve Bannon, ex-assessor do presidente Donald Trump, Benz afirmou que o ex-presidente&nbsp;<a href=\"http:\/\/pleno.news\/tag\/jair-bolsonaro\" target=\"_blank\" rel=\"noreferrer noopener\">Jair Bolsonaro<\/a>&nbsp;(PL) ainda estaria no cargo se a Usaid n\u00e3o existisse.<\/p>\n\n\n\n<p>\u2013 Se a Usaid n\u00e3o existisse, Bolsonaro ainda seria presidente do Brasil, e o Brasil ainda teria uma internet livre e aberta \u2013 disse Benz.<\/p>\n\n\n\n<p>A Usaid era a ag\u00eancia encarregada de distribuir a maior parte dos recursos do governo americano para ajuda externa, entrou no centro de um grande esc\u00e2ndalo nos \u00faltimos dias ap\u00f3s o empres\u00e1rio Elon Musk chamar a entidade de \u201cninho de vermes\u201d, e o teor de diversos repasses feitos pela ag\u00eancia vir a p\u00fablico, como, o patroc\u00ednio de diversos eventos da agenda LGBTQIA+.<\/p>\n\n\n\n<p>De acordo com Benz, a entidade gastou \u201cdezenas de milh\u00f5es de d\u00f3lares do contribuinte americano financiando a press\u00e3o para que projetos de lei contra a desinforma\u00e7\u00e3o fossem aprovados\u201d no Parlamento brasileiro, e tamb\u00e9m bancou advogados que teriam feito press\u00e3o no Tribunal Superior Eleitoral (TSE) \u2013 que Benz chamou de \u201ctribunal da censura\u201d \u2013 para reprimir tu\u00edtes de Bolsonaro.<\/p>\n\n\n\n<p>\u2013 Eles [Usaid] constru\u00edram um polvo de censura no Brasil e ele foi constru\u00eddo inteiramente com a Usaid, por que a Usaid declarou Bolsonaro um Trump populista, um Trump dos tr\u00f3picos, e em seguida montou essa opera\u00e7\u00e3o para controlar o ecossistema de informa\u00e7\u00f5es no pa\u00eds \u2013 completou.<\/p>\n\n\n\n<p>Ap\u00f3s a declara\u00e7\u00e3o de Benz, o deputado federal Eduardo Bolsonaro (PL-SP) disse ser \u201cfundamental que o Congresso Nacional e demais institui\u00e7\u00f5es competentes investiguem o financiamento e a atua\u00e7\u00e3o dessas organiza\u00e7\u00f5es em territ\u00f3rio brasileiro\u201d.<\/p>\n\n\n\n<p>\u2013 Transpar\u00eancia e soberania n\u00e3o podem ser negociadas. Al\u00e9m disso, \u00e9 necess\u00e1rio que o Itamaraty e os \u00f3rg\u00e3os de intelig\u00eancia avaliem os riscos dessa interfer\u00eancia para a seguran\u00e7a institucional e pol\u00edtica do Brasil \u2013 apontou.<\/p>\n\n\n\n<p><strong>TRUMP P\u00d5E TODOS OS FUNCION\u00c1RIOS EM LICEN\u00c7A<br><\/strong>Ao voltar ao ar nesta quarta-feira (5) depois de ficar indispon\u00edvel por tr\u00eas dias, o site da Usaid passou a apresentar uma mensagem informando sobre a decis\u00e3o do presidente Donald Trump de colocar todos os funcion\u00e1rios em licen\u00e7a administrativa, exceto equipes respons\u00e1veis por miss\u00f5es cr\u00edticas, lideran\u00e7a central e programas especiais.<\/p>\n\n\n\n<p>A p\u00e1gina tamb\u00e9m informou que o Departamento de Estado est\u00e1 preparando um plano para trazer de volta aos EUA os funcion\u00e1rios da Usaid que est\u00e3o em miss\u00e3o em outros pa\u00edses. Segundo a mensagem, o governo providenciar\u00e1 e pagar\u00e1 pelas viagens. O retorno deve se dar no prazo de 30 dias e os contratos n\u00e3o essenciais ser\u00e3o rescindidos.<\/p>\n\n\n\n<p><strong>REPASSES POL\u00caMICOS<br><\/strong>Em uma nota publicada pela Casa Branca na \u00faltima segunda-feira (3), o governo americano detalhou alguns projetos pol\u00eamicos que teriam sido financiados pela Usaid, como, por exemplo, repasses para a EcoHealth Alliance, entidade que esteve envolvida em uma pesquisa no Instituto de Virologia de Wuhan, na China, sobre o coronav\u00edrus em morcegos.<\/p>\n\n\n\n<p>Al\u00e9m disso, o governo dos Estados Unidos tamb\u00e9m elencou in\u00fameros repasses da Usaid para produ\u00e7\u00f5es culturais sobre diversidade, transg\u00eaneros e quest\u00f5es relacionadas ao \u201cativismo LGBT\u201d ao redor do mundo.<\/p>\n\n\n\n<p><strong>Entre elas est\u00e3o:<\/strong><\/p>\n\n\n\n<p>\u2013 1,5 milh\u00f5es de d\u00f3lares (R$ 8,68 milh\u00f5es) para \u201cpromover a diversidade, a equidade e a inclus\u00e3o nos locais de trabalho e nas comunidades empresariais da S\u00e9rvia\u201d;<\/p>\n\n\n\n<p>\u2013 70 mil d\u00f3lares (R$ 405 mil) para produ\u00e7\u00e3o de um \u201cmusical sobre diversidade, a equidade e a inclus\u00e3o na Irlanda\u201d;<\/p>\n\n\n\n<p>\u2013 47 mil d\u00f3lares (R$ 272 mil) para uma \u201c\u00f3pera transg\u00eanero\u201d na Col\u00f4mbia;<\/p>\n\n\n\n<p>\u2013 32 mil d\u00f3lares (R$ 185 mil) para uma \u201chist\u00f3ria em quadrinhos transg\u00eanero\u201d no Peru;<\/p>\n\n\n\n<p>\u2013 2 milh\u00f5es de d\u00f3lares (R$ 11,58 milh\u00f5es) para mudan\u00e7as de sexo e \u201cativismo LGBT\u201d na Guatemala.<\/p>\n\n\n\n<p>A lista ainda tem outros itens como \u201ccentenas de milhares de refei\u00e7\u00f5es que foram para combatentes afiliados \u00e0 Al Qaeda na S\u00edria\u201d e tamb\u00e9m \u201ccentenas de milh\u00f5es de d\u00f3lares para financiar \u2018canais de irriga\u00e7\u00e3o, equipamentos agr\u00edcolas\u2019 e at\u00e9 fertilizantes usados \u200b\u200bpara apoiar o cultivo sem precedentes de papoula e a produ\u00e7\u00e3o de hero\u00edna no Afeganist\u00e3o\u201d.<\/p>\n\n\n\n<p>Em nota \u00e0 imprensa, o governo Trump ressaltou que a ag\u00eancia \u201cn\u00e3o tem prestado contas aos contribuintes, pois canaliza enormes somas de dinheiro para os rid\u00edculos \u2014 e, em muitos casos, maliciosos \u2014 projetos de estima\u00e7\u00e3o de burocratas entrincheirados, com quase nenhuma supervis\u00e3o\u201d.<\/p>\n\n\n\n<p>A Casa Branca completou o comunicado dizendo que, no entanto, \u201co desperd\u00edcio, a fraude e o abuso acabam agora\u201d.<\/p>\n\n\n\n<p><strong>MARCO RUBIO NO COMANDO INTERINO<br><\/strong>Em meio ao imbr\u00f3glio sobre a ag\u00eancia, o secret\u00e1rio de Estado dos&nbsp;<a href=\"http:\/\/pleno.news\/tag\/estados-unidos\" target=\"_blank\" rel=\"noreferrer noopener\">Estados Unidos<\/a>,&nbsp;<a href=\"http:\/\/pleno.news\/tag\/marco-rubio\" target=\"_blank\" rel=\"noreferrer noopener\">Marco Rubio<\/a>, foi nomeado como diretor interino da ag\u00eancia. Em uma nota emitida pelo Departamento de Estado, o \u00f3rg\u00e3o diz que a Usaid \u201ch\u00e1 muito tempo se afastou de sua miss\u00e3o original de promover os interesses americanos no exterior de forma respons\u00e1vel\u201d.<\/p>\n\n\n\n<p>\u2013 Agora est\u00e1 bem claro que partes significativas de financiamentos da Usaid n\u00e3o est\u00e3o alinhadas com os principais interesses nacionais dos Estados Unidos. Como uma medida provis\u00f3ria a fim de obter controle e melhor compreens\u00e3o das atividades da ag\u00eancia, o presidente Donald J. Trump nomeou o secret\u00e1rio Marco Rubio como administrador interino \u2013 diz o comunicado.<\/p>\n\n\n\n<p>Ainda de acordo com o Departamento de Estado, Rubio notificou o Congresso de que uma reavalia\u00e7\u00e3o das atividades de ajuda externa da Usaid est\u00e1 em andamento com vistas a uma poss\u00edvel reorganiza\u00e7\u00e3o e que, enquanto essa avalia\u00e7\u00e3o acontecer, o \u00f3rg\u00e3o continuar\u00e1 a \u201cproteger os interesses do povo americano e a garantir que o dinheiro de seus impostos n\u00e3o seja desperdi\u00e7ado\u201d.<\/p>\n\n\n\n<h6 class=\"wp-block-heading\">Paulo Moura &#8211;\u00a006\/02\/2025\u00a008h23 | atualizado em 07\/02\/2025 11h08<\/h6>\n<div class=\"jorna-rodape jorna-entity-placement\" id=\"jorna-3858356635\"><div id=\"jorna-2800875897\"><a href=\"https:\/\/gkscontabilidade.com\/\" aria-label=\"GKS Contabilidade\"><img src=\"https:\/\/jornalvaleevangelico.com.br\/wp-content\/uploads\/2023\/05\/GKS-Contabilidade.jpeg\" alt=\"\"  srcset=\"https:\/\/jornalvaleevangelico.com.br\/wp-content\/uploads\/2023\/05\/GKS-Contabilidade.jpeg 1600w, https:\/\/jornalvaleevangelico.com.br\/wp-content\/uploads\/2023\/05\/GKS-Contabilidade-300x65.jpeg 300w, https:\/\/jornalvaleevangelico.com.br\/wp-content\/uploads\/2023\/05\/GKS-Contabilidade-1024x223.jpeg 1024w, https:\/\/jornalvaleevangelico.com.br\/wp-content\/uploads\/2023\/05\/GKS-Contabilidade-768x168.jpeg 768w, https:\/\/jornalvaleevangelico.com.br\/wp-content\/uploads\/2023\/05\/GKS-Contabilidade-1536x335.jpeg 1536w\" sizes=\"(max-width: 1600px) 100vw, 1600px\" width=\"1600\" height=\"349\"   \/><\/a><\/div><\/div>","protected":false},"excerpt":{"rendered":"<p>Michael Benz deu declara\u00e7\u00e3o ao podcast War Room, de Steve Bannon Michael Benz, ex-chefe da&#8230;<\/p>\n","protected":false},"author":2,"featured_media":39951,"comment_status":"open","ping_status":"open","sticky":false,"template":"","format":"standard","meta":{"_mi_skip_tracking":false,"_monsterinsights_sitenote_active":false,"_monsterinsights_sitenote_note":"","_monsterinsights_sitenote_category":0,"footnotes":""},"categories":[2],"tags":[],"class_list":["post-39950","post","type-post","status-publish","format-standard","has-post-thumbnail","hentry","category-noticia"],"_links":{"self":[{"href":"https:\/\/jornalvaleevangelico.com.br\/index.php\/wp-json\/wp\/v2\/posts\/39950","targetHints":{"allow":["GET"]}}],"collection":[{"href":"https:\/\/jornalvaleevangelico.com.br\/index.php\/wp-json\/wp\/v2\/posts"}],"about":[{"href":"https:\/\/jornalvaleevangelico.com.br\/index.php\/wp-json\/wp\/v2\/types\/post"}],"author":[{"embeddable":true,"href":"https:\/\/jornalvaleevangelico.com.br\/index.php\/wp-json\/wp\/v2\/users\/2"}],"replies":[{"embeddable":true,"href":"https:\/\/jornalvaleevangelico.com.br\/index.php\/wp-json\/wp\/v2\/comments?post=39950"}],"version-history":[{"count":1,"href":"https:\/\/jornalvaleevangelico.com.br\/index.php\/wp-json\/wp\/v2\/posts\/39950\/revisions"}],"predecessor-version":[{"id":39952,"href":"https:\/\/jornalvaleevangelico.com.br\/index.php\/wp-json\/wp\/v2\/posts\/39950\/revisions\/39952"}],"wp:featuredmedia":[{"embeddable":true,"href":"https:\/\/jornalvaleevangelico.com.br\/index.php\/wp-json\/wp\/v2\/media\/39951"}],"wp:attachment":[{"href":"https:\/\/jornalvaleevangelico.com.br\/index.php\/wp-json\/wp\/v2\/media?parent=39950"}],"wp:term":[{"taxonomy":"category","embeddable":true,"href":"https:\/\/jornalvaleevangelico.com.br\/index.php\/wp-json\/wp\/v2\/categories?post=39950"},{"taxonomy":"post_tag","embeddable":true,"href":"https:\/\/jornalvaleevangelico.com.br\/index.php\/wp-json\/wp\/v2\/tags?post=39950"}],"curies":[{"name":"wp","href":"https:\/\/api.w.org\/{rel}","templated":true}]}}