{"id":39956,"date":"2025-02-08T12:40:44","date_gmt":"2025-02-08T15:40:44","guid":{"rendered":"https:\/\/jornalvaleevangelico.com.br\/?p=39956"},"modified":"2025-02-08T12:40:44","modified_gmt":"2025-02-08T15:40:44","slug":"gil-do-vigor-rebate-declaracoes-de-lula-sobre-oferta-e-demanda","status":"publish","type":"post","link":"https:\/\/jornalvaleevangelico.com.br\/index.php\/2025\/02\/08\/gil-do-vigor-rebate-declaracoes-de-lula-sobre-oferta-e-demanda\/","title":{"rendered":"Gil do Vigor rebate declara\u00e7\u00f5es de Lula sobre oferta e demanda"},"content":{"rendered":"\n<h2 class=\"wp-block-heading\">&#8220;A infla\u00e7\u00e3o n\u00e3o funciona de maneira t\u00e3o simples assim&#8221;, disse o economista<\/h2>\n\n\n\n<p>Nesta quinta-feira (6), o ex-BBB e economista Gil do Vigor explicou a falta de fundamento da&nbsp;<a href=\"https:\/\/pleno.news\/brasil\/politica-nacional\/lula-sobre-a-alta-dos-alimentos-so-nao-comprar-produtos-caros.html\" target=\"_blank\" rel=\"noreferrer noopener\">declara\u00e7\u00e3o<\/a>&nbsp;do presidente Lula (PT) ap\u00f3s o petista orientar que as pessoas n\u00e3o devem comprar o que estiver caro para que o produto tenha redu\u00e7\u00e3o de pre\u00e7o.<\/p>\n\n\n\n<p>Segundo Lula, o controle dos pre\u00e7os dos alimentos depende da \u201cconscientiza\u00e7\u00e3o\u201d e \u201csabedoria\u201d do povo. A fala do presidente, tamb\u00e9m registrada nesta quinta, ocorreu em meio \u00e0 alta de pre\u00e7os dos alimentos. O petista sugeriu que os brasileiros parem de comprar produtos caros.<\/p>\n\n\n\n<p>Para Gil do Vigor, \u201ca infla\u00e7\u00e3o n\u00e3o funciona de maneira t\u00e3o simples assim\u201d.<\/p>\n\n\n\n<p>\u2013 Muita gente acha que se os pre\u00e7os est\u00e3o altos, basta a popula\u00e7\u00e3o parar de comprar que tudo se resolve. (\u2026) A infla\u00e7\u00e3o n\u00e3o funciona de maneira t\u00e3o simples assim. (\u2026) A alta dos pre\u00e7os tem m\u00faltiplas causas: custo de produ\u00e7\u00e3o, varia\u00e7\u00e3o de c\u00e2mbio, pol\u00edticas fiscais e monet\u00e1rias, entre outros fatores. Incerteza, inseguran\u00e7a sobre o atual governo ou o anterior. (\u2026) Ent\u00e3o, gente, n\u00e3o d\u00e1 simplesmente para a gente achar que o consumidor pode ou deva ser responsabilizado por algo como a infla\u00e7\u00e3o \u2013 reagiu o economista.<\/p>\n\n\n\n<h6 class=\"wp-block-heading\">Ana Luiza Menezes &#8211;\u00a007\/02\/2025\u00a010h39 | atualizado em 07\/02\/2025 11h13-Pleno.News<\/h6>\n<div class=\"jorna-rodape jorna-entity-placement\" id=\"jorna-2832578870\"><div id=\"jorna-1224792886\"><a href=\"https:\/\/gkscontabilidade.com\/\" aria-label=\"GKS Contabilidade\"><img src=\"https:\/\/jornalvaleevangelico.com.br\/wp-content\/uploads\/2023\/05\/GKS-Contabilidade.jpeg\" alt=\"\"  srcset=\"https:\/\/jornalvaleevangelico.com.br\/wp-content\/uploads\/2023\/05\/GKS-Contabilidade.jpeg 1600w, https:\/\/jornalvaleevangelico.com.br\/wp-content\/uploads\/2023\/05\/GKS-Contabilidade-300x65.jpeg 300w, https:\/\/jornalvaleevangelico.com.br\/wp-content\/uploads\/2023\/05\/GKS-Contabilidade-1024x223.jpeg 1024w, https:\/\/jornalvaleevangelico.com.br\/wp-content\/uploads\/2023\/05\/GKS-Contabilidade-768x168.jpeg 768w, https:\/\/jornalvaleevangelico.com.br\/wp-content\/uploads\/2023\/05\/GKS-Contabilidade-1536x335.jpeg 1536w\" sizes=\"(max-width: 1600px) 100vw, 1600px\" width=\"1600\" height=\"349\"   \/><\/a><\/div><\/div>","protected":false},"excerpt":{"rendered":"<p>&#8220;A infla\u00e7\u00e3o n\u00e3o funciona de maneira t\u00e3o simples assim&#8221;, disse o economista Nesta quinta-feira (6),&#8230;<\/p>\n","protected":false},"author":2,"featured_media":39957,"comment_status":"open","ping_status":"open","sticky":false,"template":"","format":"standard","meta":{"_mi_skip_tracking":false,"_monsterinsights_sitenote_active":false,"_monsterinsights_sitenote_note":"","_monsterinsights_sitenote_category":0,"footnotes":""},"categories":[2],"tags":[],"class_list":["post-39956","post","type-post","status-publish","format-standard","has-post-thumbnail","hentry","category-noticia"],"_links":{"self":[{"href":"https:\/\/jornalvaleevangelico.com.br\/index.php\/wp-json\/wp\/v2\/posts\/39956","targetHints":{"allow":["GET"]}}],"collection":[{"href":"https:\/\/jornalvaleevangelico.com.br\/index.php\/wp-json\/wp\/v2\/posts"}],"about":[{"href":"https:\/\/jornalvaleevangelico.com.br\/index.php\/wp-json\/wp\/v2\/types\/post"}],"author":[{"embeddable":true,"href":"https:\/\/jornalvaleevangelico.com.br\/index.php\/wp-json\/wp\/v2\/users\/2"}],"replies":[{"embeddable":true,"href":"https:\/\/jornalvaleevangelico.com.br\/index.php\/wp-json\/wp\/v2\/comments?post=39956"}],"version-history":[{"count":1,"href":"https:\/\/jornalvaleevangelico.com.br\/index.php\/wp-json\/wp\/v2\/posts\/39956\/revisions"}],"predecessor-version":[{"id":39958,"href":"https:\/\/jornalvaleevangelico.com.br\/index.php\/wp-json\/wp\/v2\/posts\/39956\/revisions\/39958"}],"wp:featuredmedia":[{"embeddable":true,"href":"https:\/\/jornalvaleevangelico.com.br\/index.php\/wp-json\/wp\/v2\/media\/39957"}],"wp:attachment":[{"href":"https:\/\/jornalvaleevangelico.com.br\/index.php\/wp-json\/wp\/v2\/media?parent=39956"}],"wp:term":[{"taxonomy":"category","embeddable":true,"href":"https:\/\/jornalvaleevangelico.com.br\/index.php\/wp-json\/wp\/v2\/categories?post=39956"},{"taxonomy":"post_tag","embeddable":true,"href":"https:\/\/jornalvaleevangelico.com.br\/index.php\/wp-json\/wp\/v2\/tags?post=39956"}],"curies":[{"name":"wp","href":"https:\/\/api.w.org\/{rel}","templated":true}]}}