{"id":40277,"date":"2025-02-24T12:11:56","date_gmt":"2025-02-24T15:11:56","guid":{"rendered":"https:\/\/jornalvaleevangelico.com.br\/?p=40277"},"modified":"2025-02-24T12:13:04","modified_gmt":"2025-02-24T15:13:04","slug":"governo-trump-demite-ao-menos-16-mil-funcionarios-da-usaid","status":"publish","type":"post","link":"https:\/\/jornalvaleevangelico.com.br\/index.php\/2025\/02\/24\/governo-trump-demite-ao-menos-16-mil-funcionarios-da-usaid\/","title":{"rendered":"Governo Trump demite ao menos 1,6 mil funcion\u00e1rios da Usaid"},"content":{"rendered":"\n<h2 class=\"wp-block-heading\">An\u00fancio foi feito na noite deste domingo<\/h2>\n\n\n\n<p>O governo do presidente dos Estados Unidos, Donald Trump, comunicou a demiss\u00e3o de ao menos 1,6 mil funcion\u00e1rios da Ag\u00eancia para Desenvolvimento Internacional (Usaid, na sigla em ingl\u00eas) no final da noite deste domingo (23). Outra parte dos funcion\u00e1rios da ag\u00eancia espalhados pelo mundo ser\u00e1 colocada em licen\u00e7a administrativa.<\/p>\n\n\n\n<p>\u2013 A partir das 23h59 de domingo, 23 de fevereiro de 2025, todo o pessoal contratado diretamente pela Usaid, com exce\u00e7\u00e3o do pessoal designado respons\u00e1vel por fun\u00e7\u00f5es cr\u00edticas a miss\u00f5es, lideran\u00e7a central e\/ou programas especialmente designados, ser\u00e1 colocado em licen\u00e7a administrativa globalmente \u2013 diz um dos avisos enviados aos trabalhadores da Usaid.<\/p>\n\n\n\n<p>A ag\u00eancia tamb\u00e9m mencionou nos comunicados que estava iniciando um processo de \u201credu\u00e7\u00e3o de for\u00e7a\u201d para eliminar 2 mil vagas nos Estados Unidos. Uma vers\u00e3o do aviso postada mais tarde no site da Usaid colocou o n\u00famero de posi\u00e7\u00f5es a serem eliminadas em 1,6 mil. N\u00e3o houve explica\u00e7\u00f5es sobre a mudan\u00e7a no n\u00famero de postos de trabalho cortados.<\/p>\n\n\n\n<p>A medida ocorre depois que um juiz permitiu, na \u00faltima sexta-feira (21), que o governo prosseguisse com o plano de desmantelamento da Usaid. O juiz distrital Carl Nichols rejeitou os apelos em um processo dos empregados para continuar bloqueando temporariamente o plano do governo.<\/p>\n\n\n\n<h6 class=\"wp-block-heading\">Pleno.News &#8211;\u00a024\/02\/2025\u00a010h38 | atualizado em 24\/02\/2025 11h49<\/h6>\n<div class=\"jorna-rodape jorna-entity-placement\" id=\"jorna-59134859\"><div id=\"jorna-260277915\"><a href=\"https:\/\/gkscontabilidade.com\/\" aria-label=\"GKS Contabilidade\"><img src=\"https:\/\/jornalvaleevangelico.com.br\/wp-content\/uploads\/2023\/05\/GKS-Contabilidade.jpeg\" alt=\"\"  srcset=\"https:\/\/jornalvaleevangelico.com.br\/wp-content\/uploads\/2023\/05\/GKS-Contabilidade.jpeg 1600w, https:\/\/jornalvaleevangelico.com.br\/wp-content\/uploads\/2023\/05\/GKS-Contabilidade-300x65.jpeg 300w, https:\/\/jornalvaleevangelico.com.br\/wp-content\/uploads\/2023\/05\/GKS-Contabilidade-1024x223.jpeg 1024w, https:\/\/jornalvaleevangelico.com.br\/wp-content\/uploads\/2023\/05\/GKS-Contabilidade-768x168.jpeg 768w, https:\/\/jornalvaleevangelico.com.br\/wp-content\/uploads\/2023\/05\/GKS-Contabilidade-1536x335.jpeg 1536w\" sizes=\"(max-width: 1600px) 100vw, 1600px\" width=\"1600\" height=\"349\"   \/><\/a><\/div><\/div>","protected":false},"excerpt":{"rendered":"<p>An\u00fancio foi feito na noite deste domingo O governo do presidente dos Estados Unidos, Donald&#8230;<\/p>\n","protected":false},"author":2,"featured_media":40278,"comment_status":"open","ping_status":"open","sticky":false,"template":"","format":"standard","meta":{"_mi_skip_tracking":false,"_monsterinsights_sitenote_active":false,"_monsterinsights_sitenote_note":"","_monsterinsights_sitenote_category":0,"footnotes":""},"categories":[8,2],"tags":[],"class_list":["post-40277","post","type-post","status-publish","format-standard","has-post-thumbnail","hentry","category-internacional","category-noticia"],"_links":{"self":[{"href":"https:\/\/jornalvaleevangelico.com.br\/index.php\/wp-json\/wp\/v2\/posts\/40277","targetHints":{"allow":["GET"]}}],"collection":[{"href":"https:\/\/jornalvaleevangelico.com.br\/index.php\/wp-json\/wp\/v2\/posts"}],"about":[{"href":"https:\/\/jornalvaleevangelico.com.br\/index.php\/wp-json\/wp\/v2\/types\/post"}],"author":[{"embeddable":true,"href":"https:\/\/jornalvaleevangelico.com.br\/index.php\/wp-json\/wp\/v2\/users\/2"}],"replies":[{"embeddable":true,"href":"https:\/\/jornalvaleevangelico.com.br\/index.php\/wp-json\/wp\/v2\/comments?post=40277"}],"version-history":[{"count":1,"href":"https:\/\/jornalvaleevangelico.com.br\/index.php\/wp-json\/wp\/v2\/posts\/40277\/revisions"}],"predecessor-version":[{"id":40279,"href":"https:\/\/jornalvaleevangelico.com.br\/index.php\/wp-json\/wp\/v2\/posts\/40277\/revisions\/40279"}],"wp:featuredmedia":[{"embeddable":true,"href":"https:\/\/jornalvaleevangelico.com.br\/index.php\/wp-json\/wp\/v2\/media\/40278"}],"wp:attachment":[{"href":"https:\/\/jornalvaleevangelico.com.br\/index.php\/wp-json\/wp\/v2\/media?parent=40277"}],"wp:term":[{"taxonomy":"category","embeddable":true,"href":"https:\/\/jornalvaleevangelico.com.br\/index.php\/wp-json\/wp\/v2\/categories?post=40277"},{"taxonomy":"post_tag","embeddable":true,"href":"https:\/\/jornalvaleevangelico.com.br\/index.php\/wp-json\/wp\/v2\/tags?post=40277"}],"curies":[{"name":"wp","href":"https:\/\/api.w.org\/{rel}","templated":true}]}}