{"id":40280,"date":"2025-02-24T13:54:46","date_gmt":"2025-02-24T16:54:46","guid":{"rendered":"https:\/\/jornalvaleevangelico.com.br\/?p=40280"},"modified":"2025-02-24T13:54:46","modified_gmt":"2025-02-24T16:54:46","slug":"nova-381-apoia-prf-na-operacao-carnaval","status":"publish","type":"post","link":"https:\/\/jornalvaleevangelico.com.br\/index.php\/2025\/02\/24\/nova-381-apoia-prf-na-operacao-carnaval\/","title":{"rendered":"Nova 381 apoia PRF na Opera\u00e7\u00e3o Carnaval"},"content":{"rendered":"\n<h2 class=\"wp-block-heading\"><em>\u00a0 BR-381 dever\u00e1 receber 350 mil ve\u00edculos no feriado prolongado<\/em><\/h2>\n\n\n\n<p>A Concession\u00e1ria Nova 381 estima para o feriado prolongado de Carnaval a circula\u00e7\u00e3o de 350 mil ve\u00edculos pelos 303,4 quil\u00f4metros da BR-381, no trecho de Belo Horizonte a Governador Valadares. Embora a opera\u00e7\u00e3o de servi\u00e7os de atendimento aos usu\u00e1rios, &#8211; com ambul\u00e2ncias, viaturas de inspe\u00e7\u00e3o, guinchos leve e pesado &#8211; comece apenas em agosto, a Nova 381, de forma proativa e em seu compromisso de garantir a seguran\u00e7a e o conforto dos usu\u00e1rios, vai apoiar o plano operacional da Pol\u00edcia Rodovi\u00e1ria Federal (PRF). Com isso, a concession\u00e1ria disponibilizar\u00e1 no feriado tr\u00eas guinchos leves e tr\u00eas pesados, al\u00e9m de viaturas de apoio. Esse suporte estar\u00e1 dispon\u00edvel no per\u00edodo de sexta-feira, 28 de fevereiro, at\u00e9 as 12h de segunda-feira, 10 de mar\u00e7o. As obras e servi\u00e7os do Plano de 100 Dias que causam interfer\u00eancia de pista ser\u00e3o suspensas neste per\u00edodo.<\/p>\n\n\n\n<p>O servi\u00e7o de guincho ser\u00e1 prestado de maneira gratuita, mediante acionamento pelo policiamento rodovi\u00e1rio das bases de Caet\u00e9, Jo\u00e3o Monlevade e Governador Valadares. O objetivo \u00e9 reduzir o tempo de atendimento aos ve\u00edculos parados por pane&nbsp;ou incidentes na rodovia. A medida vai trazer mais seguran\u00e7a e fluidez nos dias de tr\u00e2nsito intenso.&nbsp;<\/p>\n\n\n\n<p>Para aqueles que v\u00e3o pegar a estrada, o gerente de Opera\u00e7\u00f5es da Nova 381, Diego Dutra, refor\u00e7a a recomenda\u00e7\u00e3o de verificar os principais itens de seguran\u00e7a, como sistema de freios, calibragem de pneus, n\u00edvel do \u00f3leo, da \u00e1gua e sistemas de ilumina\u00e7\u00e3o e sinaliza\u00e7\u00e3o. \u201cManter esses itens em dia \u00e9 fundamental para reduzir os riscos de imprevistos e garantir uma viagem mais tranquila e segura\u201d, orienta.<\/p>\n\n\n\n<p><strong>Sobre o Plano de 100 dias<\/strong><\/p>\n\n\n\n<p>A Nova 381 assumiu a concess\u00e3o da BR-381&nbsp;no \u00faltimo dia 6\/2&nbsp;com o compromisso de executar melhorias na estrutura dentro de 100 dias. Integram o plano de interven\u00e7\u00f5es melhorias no pavimento, ro\u00e7ada da faixa de dom\u00ednio, reparos iniciais em pontes e viadutos, limpeza das pistas e drenagens superficiais, e servi\u00e7os de sinaliza\u00e7\u00e3o vertical e horizontal.<\/p>\n\n\n\n<p><strong>Sobre a Nova 381<\/strong><\/p>\n\n\n\n<p>A Concession\u00e1ria de Rodovia Nova 381 administra 303,4 quil\u00f4metros da BR 381\/MG. O trecho, que passa por 21 cidades, tem in\u00edcio no km 450+540, em Belo Horizonte, no entroncamento com a BR-262\/MG, at\u00e9 o entroncamento com a BR-116\/MG, no km 150, em Governador Valadares.<\/p>\n\n\n\n<p><strong>Fonte- Aline espirito santo<\/strong> <\/p>\n<div class=\"jorna-rodape jorna-entity-placement\" id=\"jorna-766210068\"><div id=\"jorna-764123570\"><a href=\"https:\/\/gkscontabilidade.com\/\" aria-label=\"GKS Contabilidade\"><img src=\"https:\/\/jornalvaleevangelico.com.br\/wp-content\/uploads\/2023\/05\/GKS-Contabilidade.jpeg\" alt=\"\"  srcset=\"https:\/\/jornalvaleevangelico.com.br\/wp-content\/uploads\/2023\/05\/GKS-Contabilidade.jpeg 1600w, https:\/\/jornalvaleevangelico.com.br\/wp-content\/uploads\/2023\/05\/GKS-Contabilidade-300x65.jpeg 300w, https:\/\/jornalvaleevangelico.com.br\/wp-content\/uploads\/2023\/05\/GKS-Contabilidade-1024x223.jpeg 1024w, https:\/\/jornalvaleevangelico.com.br\/wp-content\/uploads\/2023\/05\/GKS-Contabilidade-768x168.jpeg 768w, https:\/\/jornalvaleevangelico.com.br\/wp-content\/uploads\/2023\/05\/GKS-Contabilidade-1536x335.jpeg 1536w\" sizes=\"(max-width: 1600px) 100vw, 1600px\" width=\"1600\" height=\"349\"   \/><\/a><\/div><\/div>","protected":false},"excerpt":{"rendered":"<p>\u00a0 BR-381 dever\u00e1 receber 350 mil ve\u00edculos no feriado prolongado A Concession\u00e1ria Nova 381 estima&#8230;<\/p>\n","protected":false},"author":2,"featured_media":40281,"comment_status":"open","ping_status":"open","sticky":false,"template":"","format":"standard","meta":{"_mi_skip_tracking":false,"_monsterinsights_sitenote_active":false,"_monsterinsights_sitenote_note":"","_monsterinsights_sitenote_category":0,"footnotes":""},"categories":[11,2],"tags":[],"class_list":["post-40280","post","type-post","status-publish","format-standard","has-post-thumbnail","hentry","category-cidade","category-noticia"],"_links":{"self":[{"href":"https:\/\/jornalvaleevangelico.com.br\/index.php\/wp-json\/wp\/v2\/posts\/40280","targetHints":{"allow":["GET"]}}],"collection":[{"href":"https:\/\/jornalvaleevangelico.com.br\/index.php\/wp-json\/wp\/v2\/posts"}],"about":[{"href":"https:\/\/jornalvaleevangelico.com.br\/index.php\/wp-json\/wp\/v2\/types\/post"}],"author":[{"embeddable":true,"href":"https:\/\/jornalvaleevangelico.com.br\/index.php\/wp-json\/wp\/v2\/users\/2"}],"replies":[{"embeddable":true,"href":"https:\/\/jornalvaleevangelico.com.br\/index.php\/wp-json\/wp\/v2\/comments?post=40280"}],"version-history":[{"count":1,"href":"https:\/\/jornalvaleevangelico.com.br\/index.php\/wp-json\/wp\/v2\/posts\/40280\/revisions"}],"predecessor-version":[{"id":40282,"href":"https:\/\/jornalvaleevangelico.com.br\/index.php\/wp-json\/wp\/v2\/posts\/40280\/revisions\/40282"}],"wp:featuredmedia":[{"embeddable":true,"href":"https:\/\/jornalvaleevangelico.com.br\/index.php\/wp-json\/wp\/v2\/media\/40281"}],"wp:attachment":[{"href":"https:\/\/jornalvaleevangelico.com.br\/index.php\/wp-json\/wp\/v2\/media?parent=40280"}],"wp:term":[{"taxonomy":"category","embeddable":true,"href":"https:\/\/jornalvaleevangelico.com.br\/index.php\/wp-json\/wp\/v2\/categories?post=40280"},{"taxonomy":"post_tag","embeddable":true,"href":"https:\/\/jornalvaleevangelico.com.br\/index.php\/wp-json\/wp\/v2\/tags?post=40280"}],"curies":[{"name":"wp","href":"https:\/\/api.w.org\/{rel}","templated":true}]}}