{"id":40916,"date":"2025-04-07T12:16:21","date_gmt":"2025-04-07T15:16:21","guid":{"rendered":"https:\/\/jornalvaleevangelico.com.br\/?p=40916"},"modified":"2025-04-07T12:22:46","modified_gmt":"2025-04-07T15:22:46","slug":"veja-imagens-da-manifestacao-em-favor-da-anistia-na-paulista","status":"publish","type":"post","link":"https:\/\/jornalvaleevangelico.com.br\/index.php\/2025\/04\/07\/veja-imagens-da-manifestacao-em-favor-da-anistia-na-paulista\/","title":{"rendered":"Veja imagens da manifesta\u00e7\u00e3o em favor da anistia na Paulista"},"content":{"rendered":"\n<h2 class=\"wp-block-heading\">L\u00edderes conservadores reuniram multid\u00e3o neste domingo<\/h2>\n\n\n\n<figure class=\"wp-block-image\"><img decoding=\"async\" src=\"https:\/\/static.cdn.pleno.news\/2025\/04\/Captura-de-tela-2025-04-06-164234-768x429.png\" alt=\"Jair Bolsonaro e Nikolas Ferreira\" title=\"Jair Bolsonaro e Nikolas Ferreira\"\/><figcaption class=\"wp-element-caption\">Jair Bolsonaro e Nikolas Ferreira&nbsp;\/ Foto: Reprodu\u00e7\u00e3o\/ Print de v\u00eddeo YouTube Silas Malafaia Oficial<\/figcaption><\/figure>\n\n\n\n<figure class=\"wp-block-image\"><img decoding=\"async\" src=\"https:\/\/static.cdn.pleno.news\/2025\/04\/Screenshot-4-2-768x436.png\" alt=\"Michelle Bolsonaro\" title=\"Michelle Bolsonaro\"\/><figcaption class=\"wp-element-caption\">Michelle Bolsonaro&nbsp;\/ Foto: Reprodu\u00e7\u00e3o\/ Print de v\u00eddeo YouTube Silas Malafaia Oficial<\/figcaption><\/figure>\n\n\n\n<figure class=\"wp-block-image\"><img decoding=\"async\" src=\"https:\/\/static.cdn.pleno.news\/2025\/04\/WhatsApp-Image-2025-04-06-at-10.52.31-1-768x432.jpeg\" alt=\"Ato pr\u00f3-anistia em SP\" title=\"Ato pr\u00f3-anistia em SP\"\/><figcaption class=\"wp-element-caption\">Ato pr\u00f3-anistia em SP&nbsp;\/ Foto: Pleno.News<\/figcaption><\/figure>\n\n\n\n<figure class=\"wp-block-image\"><img decoding=\"async\" src=\"https:\/\/static.cdn.pleno.news\/2025\/04\/WhatsApp-Image-2025-04-06-at-11.33.04-768x433.jpeg\" alt=\"Ato pr\u00f3-anistia em SP\" title=\"Ato pr\u00f3-anistia em SP\"\/><figcaption class=\"wp-element-caption\">Ato pr\u00f3-anistia em SP&nbsp;\/ Foto: Pleno.News<\/figcaption><\/figure>\n\n\n\n<figure class=\"wp-block-image\"><img decoding=\"async\" src=\"https:\/\/static.cdn.pleno.news\/2025\/04\/WhatsApp-Image-2025-04-06-at-11.07.49-768x944.jpeg\" alt=\"Ato pr\u00f3-anistia em SP\" title=\"Ato pr\u00f3-anistia em SP\"\/><figcaption class=\"wp-element-caption\">Ato pr\u00f3-anistia em SP&nbsp;\/ Foto: Pleno.News<\/figcaption><\/figure>\n\n\n\n<figure class=\"wp-block-image\"><img decoding=\"async\" src=\"https:\/\/static.cdn.pleno.news\/2025\/04\/Captura-de-tela-2025-04-06-162411-768x451.png\" alt=\"Tarc\u00edsio de Freitas\" title=\"Tarc\u00edsio de Freitas\"\/><figcaption class=\"wp-element-caption\">Tarc\u00edsio de Freitas&nbsp;\/ Foto: Frame de v\u00eddeo \/ YouTube<\/figcaption><\/figure>\n\n\n\n<figure class=\"wp-block-image\"><img decoding=\"async\" src=\"https:\/\/static.cdn.pleno.news\/2025\/04\/WhatsApp-Image-2025-04-06-at-16.52.11-e1743977477628-768x509.jpeg\" alt=\"WhatsApp Image 2025-04-06 at 16.52.11\" title=\"WhatsApp Image 2025-04-06 at 16.52.11\"\/><figcaption class=\"wp-element-caption\">Ato pr\u00f3-anistia em SP&nbsp;\/ Foto: Pleno.News<\/figcaption><\/figure>\n\n\n\n<figure class=\"wp-block-image\"><img decoding=\"async\" src=\"https:\/\/static.cdn.pleno.news\/2025\/04\/WhatsApp-Image-2025-04-06-at-10.53.56-768x432.jpeg\" alt=\"Ato pr\u00f3-anistia em SP\" title=\"Ato pr\u00f3-anistia em SP\"\/><figcaption class=\"wp-element-caption\">Ato pr\u00f3-anistia em SP&nbsp;\/ Foto: Pleno.News<\/figcaption><\/figure>\n\n\n\n<figure class=\"wp-block-image\"><img decoding=\"async\" src=\"https:\/\/static.cdn.pleno.news\/2025\/04\/WhatsApp-Image-2025-04-06-at-11.32.47-768x432.jpeg\" alt=\"Ato pr\u00f3-anistia em SP\" title=\"Ato pr\u00f3-anistia em SP\"\/><figcaption class=\"wp-element-caption\">Ato pr\u00f3-anistia em SP&nbsp;\/ Foto: Pleno.News<\/figcaption><\/figure>\n\n\n\n<figure class=\"wp-block-image\"><img decoding=\"async\" src=\"https:\/\/static.cdn.pleno.news\/2025\/04\/WhatsApp-Image-2025-04-06-at-16.52.28-1-768x576.jpeg\" alt=\"WhatsApp Image 2025-04-06 at 16.52.28 (1)\" title=\"WhatsApp Image 2025-04-06 at 16.52.28 (1)\"\/><figcaption class=\"wp-element-caption\">Ato pr\u00f3-anistia em SP&nbsp;\/ Foto: Pleno.News<\/figcaption><\/figure>\n\n\n\n<figure class=\"wp-block-image\"><img decoding=\"async\" src=\"https:\/\/static.cdn.pleno.news\/2025\/04\/WhatsApp-Image-2025-04-06-at-10.57.14-768x1365.jpeg\" alt=\"Ato pr\u00f3-anistia em SP\" title=\"Ato pr\u00f3-anistia em SP\"\/><figcaption class=\"wp-element-caption\">Ato pr\u00f3-anistia em SP&nbsp;\/ Foto: Pleno.News<\/figcaption><\/figure>\n\n\n\n<figure class=\"wp-block-image\"><img decoding=\"async\" src=\"https:\/\/static.cdn.pleno.news\/2025\/04\/WhatsApp-Image-2025-04-06-at-10.52.34-768x576.jpeg\" alt=\"Ato pr\u00f3-anistia em SP\" title=\"Ato pr\u00f3-anistia em SP\"\/><figcaption class=\"wp-element-caption\">Ato pr\u00f3-anistia em SP&nbsp;\/ Foto: Pleno.News<\/figcaption><\/figure>\n\n\n\n<figure class=\"wp-block-image\"><img decoding=\"async\" src=\"https:\/\/static.cdn.pleno.news\/2025\/04\/WhatsApp-Image-2025-04-06-at-11.33.03-768x433.jpeg\" alt=\"Ato pr\u00f3-anistia em SP\" title=\"Ato pr\u00f3-anistia em SP\"\/><figcaption class=\"wp-element-caption\">Ato pr\u00f3-anistia em SP&nbsp;\/ Foto: Pleno.News<\/figcaption><\/figure>\n\n\n\n<figure class=\"wp-block-image\"><img decoding=\"async\" src=\"https:\/\/static.cdn.pleno.news\/2025\/04\/WhatsApp-Image-2025-04-06-at-10.52.31-768x432.jpeg\" alt=\"Ato pr\u00f3-anistia em SP\" title=\"Ato pr\u00f3-anistia em SP\"\/><figcaption class=\"wp-element-caption\">Ato pr\u00f3-anistia em SP&nbsp;\/ Foto: Pleno.News<\/figcaption><\/figure>\n\n\n\n<figure class=\"wp-block-image\"><img decoding=\"async\" src=\"https:\/\/static.cdn.pleno.news\/2025\/04\/Captura-de-tela-2025-04-06-154230-768x416.png\" alt=\"Caroline de Toni discursa na Avenida Paulista\" title=\"Caroline de Toni discursa na Avenida Paulista\"\/><figcaption class=\"wp-element-caption\">Caroline de Toni discursa em ato na Avenida Paulista&nbsp;\/ Foto: Frame de v\u00eddeo \/ Divulga\u00e7\u00e3o<\/figcaption><\/figure>\n\n\n\n<figure class=\"wp-block-image\"><img decoding=\"async\" src=\"https:\/\/static.cdn.pleno.news\/2025\/04\/WhatsApp-Image-2025-04-06-at-10.53.58-768x432.jpeg\" alt=\"Ato pr\u00f3-anistia em SP\" title=\"Ato pr\u00f3-anistia em SP\"\/><figcaption class=\"wp-element-caption\">Ato pr\u00f3-anistia em SP&nbsp;\/ Foto: Pleno.News<\/figcaption><\/figure>\n\n\n\n<figure class=\"wp-block-image\"><img decoding=\"async\" src=\"https:\/\/static.cdn.pleno.news\/2025\/04\/WhatsApp-Image-2025-04-06-at-12.08.50-e1743955366545-768x466.jpeg\" alt=\"Ato pr\u00f3-anistia em SP\" title=\"Ato pr\u00f3-anistia em SP\"\/><figcaption class=\"wp-element-caption\">Tarc\u00edsio recebe Bolsonaro e governadores antes de ato na Paulista pr\u00f3-anistia&nbsp;\/ Foto: Equipe Tarc\u00edsio de Freitas<\/figcaption><\/figure>\n\n\n\n<figure class=\"wp-block-image\"><img decoding=\"async\" src=\"https:\/\/static.cdn.pleno.news\/2025\/04\/WhatsApp-Image-2025-04-06-at-10.53.56-1-768x1365.jpeg\" alt=\"Ato pr\u00f3-anistia em SP\" title=\"Ato pr\u00f3-anistia em SP\"\/><figcaption class=\"wp-element-caption\">Ato pr\u00f3-anistia em SP&nbsp;\/ Foto: Pleno.News<\/figcaption><\/figure>\n\n\n\n<figure class=\"wp-block-image\"><img decoding=\"async\" src=\"https:\/\/static.cdn.pleno.news\/2025\/04\/WhatsApp-Image-2025-04-06-at-11.32.46-768x432.jpeg\" alt=\"Ato pr\u00f3-anistia em SP\" title=\"Ato pr\u00f3-anistia em SP\"\/><figcaption class=\"wp-element-caption\">Ato pr\u00f3-anistia em SP&nbsp;\/ Foto: Pleno.News<\/figcaption><\/figure>\n\n\n\n<figure class=\"wp-block-image\"><img decoding=\"async\" src=\"https:\/\/static.cdn.pleno.news\/2025\/04\/WhatsApp-Image-2025-04-06-at-11.33.06-1-768x432.jpeg\" alt=\"Ato pr\u00f3-anistia em SP\" title=\"Ato pr\u00f3-anistia em SP\"\/><figcaption class=\"wp-element-caption\">Ato pr\u00f3-anistia em SP&nbsp;\/ Foto: Pleno.News<\/figcaption><\/figure>\n\n\n\n<figure class=\"wp-block-image\"><img decoding=\"async\" src=\"https:\/\/static.cdn.pleno.news\/2025\/04\/WhatsApp-Image-2025-04-06-at-11.32.46-2-768x432.jpeg\" alt=\"Ato pr\u00f3-anistia em SP\" title=\"Ato pr\u00f3-anistia em SP\"\/><figcaption class=\"wp-element-caption\">Ato pr\u00f3-anistia em SP&nbsp;\/ Foto: Pleno.News<\/figcaption><\/figure>\n\n\n\n<figure class=\"wp-block-image\"><img decoding=\"async\" src=\"https:\/\/static.cdn.pleno.news\/2025\/04\/WhatsApp-Image-2025-04-06-at-12.10.11-768x432.jpeg\" alt=\"Ato pr\u00f3-anistia em SP\" title=\"Ato pr\u00f3-anistia em SP\"\/><figcaption class=\"wp-element-caption\">Ato pr\u00f3-anistia em SP&nbsp;\/ Foto: Pleno.News<\/figcaption><\/figure>\n\n\n\n<figure class=\"wp-block-image\"><img decoding=\"async\" src=\"https:\/\/static.cdn.pleno.news\/2025\/04\/Captura-de-tela-2025-04-06-144434-768x419.png\" alt=\"Captura de tela 2025-04-06 144434\" title=\"Captura de tela 2025-04-06 144434\"\/><figcaption class=\"wp-element-caption\">Sergio Pina, Silas Malafaia e Michelle Bolsonaro&nbsp;\/ Foto: YouTube Silas Malafaia Oficial<\/figcaption><\/figure>\n\n\n\n<figure class=\"wp-block-image\"><img decoding=\"async\" src=\"https:\/\/static.cdn.pleno.news\/2025\/04\/Screenshot-6-2-768x391.png\" alt=\"Michelle Bolsonaro\" title=\"Michelle Bolsonaro\"\/><figcaption class=\"wp-element-caption\">Michelle Bolsonaro&nbsp;\/ Foto: Reprodu\u00e7\u00e3o\/ Print de v\u00eddeo YouTube Silas Malafaia Oficial<\/figcaption><\/figure>\n\n\n\n<figure class=\"wp-block-image\"><img decoding=\"async\" src=\"https:\/\/static.cdn.pleno.news\/2025\/04\/WhatsApp-Image-2025-04-06-at-16.52.28-768x432.jpeg\" alt=\"WhatsApp Image 2025-04-06 at 16.52.28\" title=\"WhatsApp Image 2025-04-06 at 16.52.28\"\/><figcaption class=\"wp-element-caption\">Ato pr\u00f3-anistia em SP&nbsp;\/ Foto: Pleno.News<\/figcaption><\/figure>\n\n\n\n<figure class=\"wp-block-image\"><img decoding=\"async\" src=\"https:\/\/static.cdn.pleno.news\/2025\/04\/WhatsApp-Image-2025-04-06-at-16.52.30-768x576.jpeg\" alt=\"WhatsApp Image 2025-04-06 at 16.52.30\" title=\"WhatsApp Image 2025-04-06 at 16.52.30\"\/><figcaption class=\"wp-element-caption\">Ato pr\u00f3-anistia em SP&nbsp;\/ Foto: Pleno.News<\/figcaption><\/figure>\n\n\n\n<figure class=\"wp-block-image\"><img decoding=\"async\" src=\"https:\/\/static.cdn.pleno.news\/2025\/04\/f7c15e4a1ec05f727c0d369cc17b3b8357d123d6w-e1743977267354-768x447.jpg\" alt=\"Manifesta\u00e7\u00e3o pr\u00f3-anistia\" title=\"Manifesta\u00e7\u00e3o pr\u00f3-anistia\"\/><figcaption class=\"wp-element-caption\">Manifesta\u00e7\u00e3o pr\u00f3-anistia, neste domingo (6), na Avenida Paulista&nbsp;\/ Foto: EFE\/ Isaac Fontana<\/figcaption><\/figure>\n\n\n\n<ul class=\"wp-block-list\">\n<li>1\u00a0de 28<\/li>\n<\/ul>\n\n\n\n<p>O ex-presidente Jair Bolsonaro (PL) e seus aliados mobilizaram uma multid\u00e3o em apoio \u00e0 pauta da anistia para os presos do 8 de janeiro de 2023, em ato realizado na Avenida Paulista, neste domingo (6).<\/p>\n\n\n\n<p>Sobre o trio el\u00e9trico, diversas figuras pol\u00edticas discursaram, incluindo, \u00e9 claro, Bolsonaro, o deputado federal Nikolas Ferreira (PL-MG), o governador de S\u00e3o Paulo, Tarc\u00edsio de Freitas (Republicanos-SP), a presidente do PL Mulher e ex-primeira-dama, Michelle Bolsonaro, o pastor Silas Malafaia, o prefeito de S\u00e3o Paulo, Ricardo Nunes (MDB) e muitos outros.<\/p>\n\n\n\n<p>\u2013 S\u00f3 um psicopata para falar que aquilo que aconteceu no dia 8 de janeiro foi uma tentativa armada de golpe militar \u2013 defendeu Bolsonaro durante sua fala.<\/p>\n\n\n\n<p>\u2013 A que ponto n\u00f3s chegamos! Ter que ir para a rua para poder dizer o \u00f3bvio: que altas penas s\u00e3o para criminosos e n\u00e3o para baderneiros. Ditadores de toga, principalmente, como Alexandre de Moraes, se utilizaram do dia 8 [de janeiro de 2023] para nos amedrontar. Se lascou, olha a gente aqui! Essa \u00e9 a resposta para voc\u00ea, seu covarde \u2013 disparou Nikolas.<\/p>\n\n\n\n<p>A manifesta\u00e7\u00e3o contou ainda com a presen\u00e7a de figuras como os senadores Sergio Moro (Uni\u00e3o Brasil-PR), Rog\u00e9rio Marinho (PL-RN), Damares Alves (Republicanos-DF), Magno Malta (PL-ES), Fl\u00e1vio Bolsonaro (PL-RJ) e Marcos do Val (Podemos-ES).<\/p>\n\n\n\n<h6 class=\"wp-block-heading\">\u00a0Pleno.News &#8211;\u00a006\/04\/2025\u00a017h16 | atualizado em 06\/04\/2025 18h11<\/h6>\n<div class=\"jorna-rodape jorna-entity-placement\" id=\"jorna-2504434236\"><div id=\"jorna-1434290201\"><a href=\"https:\/\/gkscontabilidade.com\/\" aria-label=\"GKS Contabilidade\"><img src=\"https:\/\/jornalvaleevangelico.com.br\/wp-content\/uploads\/2023\/05\/GKS-Contabilidade.jpeg\" alt=\"\"  srcset=\"https:\/\/jornalvaleevangelico.com.br\/wp-content\/uploads\/2023\/05\/GKS-Contabilidade.jpeg 1600w, https:\/\/jornalvaleevangelico.com.br\/wp-content\/uploads\/2023\/05\/GKS-Contabilidade-300x65.jpeg 300w, https:\/\/jornalvaleevangelico.com.br\/wp-content\/uploads\/2023\/05\/GKS-Contabilidade-1024x223.jpeg 1024w, https:\/\/jornalvaleevangelico.com.br\/wp-content\/uploads\/2023\/05\/GKS-Contabilidade-768x168.jpeg 768w, https:\/\/jornalvaleevangelico.com.br\/wp-content\/uploads\/2023\/05\/GKS-Contabilidade-1536x335.jpeg 1536w\" sizes=\"(max-width: 1600px) 100vw, 1600px\" width=\"1600\" height=\"349\"   \/><\/a><\/div><\/div>","protected":false},"excerpt":{"rendered":"<p>L\u00edderes conservadores reuniram multid\u00e3o neste domingo O ex-presidente Jair Bolsonaro (PL) e seus aliados mobilizaram&#8230;<\/p>\n","protected":false},"author":2,"featured_media":40917,"comment_status":"open","ping_status":"open","sticky":false,"template":"","format":"standard","meta":{"_mi_skip_tracking":false,"_monsterinsights_sitenote_active":false,"_monsterinsights_sitenote_note":"","_monsterinsights_sitenote_category":0,"footnotes":""},"categories":[2],"tags":[],"class_list":["post-40916","post","type-post","status-publish","format-standard","has-post-thumbnail","hentry","category-noticia"],"_links":{"self":[{"href":"https:\/\/jornalvaleevangelico.com.br\/index.php\/wp-json\/wp\/v2\/posts\/40916","targetHints":{"allow":["GET"]}}],"collection":[{"href":"https:\/\/jornalvaleevangelico.com.br\/index.php\/wp-json\/wp\/v2\/posts"}],"about":[{"href":"https:\/\/jornalvaleevangelico.com.br\/index.php\/wp-json\/wp\/v2\/types\/post"}],"author":[{"embeddable":true,"href":"https:\/\/jornalvaleevangelico.com.br\/index.php\/wp-json\/wp\/v2\/users\/2"}],"replies":[{"embeddable":true,"href":"https:\/\/jornalvaleevangelico.com.br\/index.php\/wp-json\/wp\/v2\/comments?post=40916"}],"version-history":[{"count":1,"href":"https:\/\/jornalvaleevangelico.com.br\/index.php\/wp-json\/wp\/v2\/posts\/40916\/revisions"}],"predecessor-version":[{"id":40918,"href":"https:\/\/jornalvaleevangelico.com.br\/index.php\/wp-json\/wp\/v2\/posts\/40916\/revisions\/40918"}],"wp:featuredmedia":[{"embeddable":true,"href":"https:\/\/jornalvaleevangelico.com.br\/index.php\/wp-json\/wp\/v2\/media\/40917"}],"wp:attachment":[{"href":"https:\/\/jornalvaleevangelico.com.br\/index.php\/wp-json\/wp\/v2\/media?parent=40916"}],"wp:term":[{"taxonomy":"category","embeddable":true,"href":"https:\/\/jornalvaleevangelico.com.br\/index.php\/wp-json\/wp\/v2\/categories?post=40916"},{"taxonomy":"post_tag","embeddable":true,"href":"https:\/\/jornalvaleevangelico.com.br\/index.php\/wp-json\/wp\/v2\/tags?post=40916"}],"curies":[{"name":"wp","href":"https:\/\/api.w.org\/{rel}","templated":true}]}}