{"id":40919,"date":"2025-04-08T16:00:06","date_gmt":"2025-04-08T19:00:06","guid":{"rendered":"https:\/\/jornalvaleevangelico.com.br\/?p=40919"},"modified":"2025-04-08T16:00:07","modified_gmt":"2025-04-08T19:00:07","slug":"ad-ministerio-coronel-fabriciano-ipatinga-recebe-mocao-de-aplausos-por-trabalho-com-criancas","status":"publish","type":"post","link":"https:\/\/jornalvaleevangelico.com.br\/index.php\/2025\/04\/08\/ad-ministerio-coronel-fabriciano-ipatinga-recebe-mocao-de-aplausos-por-trabalho-com-criancas\/","title":{"rendered":"AD Minist\u00e9rio Coronel Fabriciano Ipatinga recebe Mo\u00e7\u00e3o de Aplausos por trabalho com crian\u00e7as"},"content":{"rendered":"\n<h4 class=\"wp-block-heading\"><strong>Durante reuni\u00e3o mensal com obreiros, vereador Matheus Lima Braga homenageia igreja pelo Instituto B\u00edblico \u00danico Caminho (IBUC), que j\u00e1 alcan\u00e7ou mais de 2 mil crian\u00e7as na regi\u00e3o<\/strong><\/h4>\n\n\n\n<figure class=\"wp-block-gallery has-nested-images columns-default is-cropped wp-block-gallery-1 is-layout-flex wp-block-gallery-is-layout-flex\">\n<figure class=\"wp-block-image size-large\"><img fetchpriority=\"high\" decoding=\"async\" width=\"1024\" height=\"768\" data-id=\"40922\" src=\"https:\/\/jornalvaleevangelico.com.br\/wp-content\/uploads\/2025\/04\/Reuniao-07-04-2025-6A-Essa-1024x768.jpg\" alt=\"\" class=\"wp-image-40922\" srcset=\"https:\/\/jornalvaleevangelico.com.br\/wp-content\/uploads\/2025\/04\/Reuniao-07-04-2025-6A-Essa-1024x768.jpg 1024w, https:\/\/jornalvaleevangelico.com.br\/wp-content\/uploads\/2025\/04\/Reuniao-07-04-2025-6A-Essa-300x225.jpg 300w, https:\/\/jornalvaleevangelico.com.br\/wp-content\/uploads\/2025\/04\/Reuniao-07-04-2025-6A-Essa-768x576.jpg 768w, https:\/\/jornalvaleevangelico.com.br\/wp-content\/uploads\/2025\/04\/Reuniao-07-04-2025-6A-Essa-1536x1152.jpg 1536w, https:\/\/jornalvaleevangelico.com.br\/wp-content\/uploads\/2025\/04\/Reuniao-07-04-2025-6A-Essa.jpg 1600w\" sizes=\"(max-width: 1024px) 100vw, 1024px\" \/><\/figure>\n<\/figure>\n\n\n\n<p>Na noite desta segunda-feira, 7 de abril de 2025, a Assembleia de Deus Minist\u00e9rio Coronel Fabriciano Ipatinga realizou mais uma de suas tradicionais reuni\u00f5es mensais com os auxiliares, sob a lideran\u00e7a do presidente Pr. Jos\u00e9 Martins de Calais Junior. <\/p>\n\n\n\n<figure class=\"wp-block-gallery has-nested-images columns-default is-cropped wp-block-gallery-2 is-layout-flex wp-block-gallery-is-layout-flex\">\n<figure class=\"wp-block-image size-large\"><img decoding=\"async\" width=\"746\" height=\"491\" data-id=\"40925\" src=\"https:\/\/jornalvaleevangelico.com.br\/wp-content\/uploads\/2025\/04\/Pr.-Gilmar-Bicalho.jpg\" alt=\"\" class=\"wp-image-40925\" srcset=\"https:\/\/jornalvaleevangelico.com.br\/wp-content\/uploads\/2025\/04\/Pr.-Gilmar-Bicalho.jpg 746w, https:\/\/jornalvaleevangelico.com.br\/wp-content\/uploads\/2025\/04\/Pr.-Gilmar-Bicalho-300x197.jpg 300w\" sizes=\"(max-width: 746px) 100vw, 746px\" \/><\/figure>\n<\/figure>\n\n\n\n<p>O encontro foi marcado por momentos de louvor, ora\u00e7\u00e3o e leitura b\u00edblica, conduzidos pelo 2\u00ba diretor financeiro, Pr. Gilmar Bicalho, at\u00e9 \u00e0s 20h.<\/p>\n\n\n\n<figure class=\"wp-block-gallery has-nested-images columns-default is-cropped wp-block-gallery-3 is-layout-flex wp-block-gallery-is-layout-flex\">\n<figure class=\"wp-block-image size-large\"><img decoding=\"async\" width=\"1024\" height=\"683\" data-id=\"40913\" src=\"https:\/\/jornalvaleevangelico.com.br\/wp-content\/uploads\/2025\/04\/DSC_0098-Copy-1024x683.jpg\" alt=\"\" class=\"wp-image-40913\" srcset=\"https:\/\/jornalvaleevangelico.com.br\/wp-content\/uploads\/2025\/04\/DSC_0098-Copy-1024x683.jpg 1024w, https:\/\/jornalvaleevangelico.com.br\/wp-content\/uploads\/2025\/04\/DSC_0098-Copy-300x200.jpg 300w, https:\/\/jornalvaleevangelico.com.br\/wp-content\/uploads\/2025\/04\/DSC_0098-Copy-768x512.jpg 768w, https:\/\/jornalvaleevangelico.com.br\/wp-content\/uploads\/2025\/04\/DSC_0098-Copy-1536x1024.jpg 1536w, https:\/\/jornalvaleevangelico.com.br\/wp-content\/uploads\/2025\/04\/DSC_0098-Copy-2048x1365.jpg 2048w\" sizes=\"(max-width: 1024px) 100vw, 1024px\" \/><\/figure>\n<\/figure>\n\n\n\n<p>Na sequ\u00eancia, o 1\u00ba vice-presidente, Pr. Raimundo Gilson da Silva, concedeu a palavra ao vereador Matheus Lima Braga, que prestou uma homenagem \u00e0 igreja pelo trabalho desenvolvido com as crian\u00e7as atrav\u00e9s do Instituto B\u00edblico \u00danico Caminho (IBUC). O vereador destacou o impacto positivo do projeto e entregou, em nome da C\u00e2mara Municipal de Ipatinga, uma Mo\u00e7\u00e3o de Aplausos aprovada por unanimidade pelos vereadores.<\/p>\n\n\n\n<figure class=\"wp-block-gallery has-nested-images columns-default is-cropped wp-block-gallery-4 is-layout-flex wp-block-gallery-is-layout-flex\">\n<figure class=\"wp-block-image size-large\"><img loading=\"lazy\" decoding=\"async\" width=\"768\" height=\"1024\" data-id=\"40928\" src=\"https:\/\/jornalvaleevangelico.com.br\/wp-content\/uploads\/2025\/04\/Reuniao-07-04-2025-4A-Essaaa-768x1024.jpg\" alt=\"\" class=\"wp-image-40928\" srcset=\"https:\/\/jornalvaleevangelico.com.br\/wp-content\/uploads\/2025\/04\/Reuniao-07-04-2025-4A-Essaaa-768x1024.jpg 768w, https:\/\/jornalvaleevangelico.com.br\/wp-content\/uploads\/2025\/04\/Reuniao-07-04-2025-4A-Essaaa-225x300.jpg 225w, https:\/\/jornalvaleevangelico.com.br\/wp-content\/uploads\/2025\/04\/Reuniao-07-04-2025-4A-Essaaa-1152x1536.jpg 1152w, https:\/\/jornalvaleevangelico.com.br\/wp-content\/uploads\/2025\/04\/Reuniao-07-04-2025-4A-Essaaa-1024x1365.jpg 1024w, https:\/\/jornalvaleevangelico.com.br\/wp-content\/uploads\/2025\/04\/Reuniao-07-04-2025-4A-Essaaa.jpg 1200w\" sizes=\"(max-width: 768px) 100vw, 768px\" \/><\/figure>\n<\/figure>\n\n\n\n<p>A mo\u00e7\u00e3o reconhece a Assembleia de Deus pelo compromisso em oferecer forma\u00e7\u00e3o crist\u00e3, espiritual e social \u00e0s novas gera\u00e7\u00f5es. Segundo o texto oficial:<\/p>\n\n\n\n<blockquote class=\"wp-block-quote is-layout-flow wp-block-quote-is-layout-flow\">\n<p><strong>\u201cA C\u00e2mara Municipal de Ipatinga, honrosamente, confere Mo\u00e7\u00e3o de Aplausos \u00e0 Assembleia de Deus, pela iniciativa e compromisso em trazer para o munic\u00edpio de Ipatinga e para o Vale do A\u00e7o o curso de Teologia Infanto-juvenil \u2013 Instituto B\u00edblico \u00danico Caminho (IBUC), projeto que j\u00e1 alcan\u00e7ou expressiva marca de mais de 2 mil crian\u00e7as matriculadas na regi\u00e3o\u201d.<\/strong> <\/p>\n\n\n\n<p>O documento foi assinado pelo autor da mo\u00e7\u00e3o, vereador Matheus Lima Braga, e pelo presidente da C\u00e2mara, vereador Ley do Tr\u00e2nsito. A entrega foi realizada diante de centenas de obreiros e lideran\u00e7as da igreja. <\/p>\n\n\n\n<figure class=\"wp-block-gallery has-nested-images columns-default is-cropped wp-block-gallery-5 is-layout-flex wp-block-gallery-is-layout-flex\">\n<figure class=\"wp-block-image size-large\"><img loading=\"lazy\" decoding=\"async\" width=\"1024\" height=\"586\" data-id=\"40923\" src=\"https:\/\/jornalvaleevangelico.com.br\/wp-content\/uploads\/2025\/04\/Reuniao-07-04-2025-8A-Essa-1024x586.jpg\" alt=\"\" class=\"wp-image-40923\" srcset=\"https:\/\/jornalvaleevangelico.com.br\/wp-content\/uploads\/2025\/04\/Reuniao-07-04-2025-8A-Essa-1024x586.jpg 1024w, https:\/\/jornalvaleevangelico.com.br\/wp-content\/uploads\/2025\/04\/Reuniao-07-04-2025-8A-Essa-300x172.jpg 300w, https:\/\/jornalvaleevangelico.com.br\/wp-content\/uploads\/2025\/04\/Reuniao-07-04-2025-8A-Essa-768x440.jpg 768w, https:\/\/jornalvaleevangelico.com.br\/wp-content\/uploads\/2025\/04\/Reuniao-07-04-2025-8A-Essa-1536x879.jpg 1536w, https:\/\/jornalvaleevangelico.com.br\/wp-content\/uploads\/2025\/04\/Reuniao-07-04-2025-8A-Essa.jpg 1600w\" sizes=\"(max-width: 1024px) 100vw, 1024px\" \/><\/figure>\n<\/figure>\n\n\n\n<p>Durante a reuni\u00e3o, o presidente Pr. Jos\u00e9 Martins destacou o crescimento do IBUC, que j\u00e1 atua em cerca de 30 igrejas da regi\u00e3o, e elogiou o trabalho dos &#8220;Exploradores do Rei&#8221;, outro minist\u00e9rio voltado \u00e0s crian\u00e7as. Ele aproveitou para alertar sobre a necessidade de mais obreiros capacitados para atuar com os pequenos. <\/p>\n\n\n\n<figure class=\"wp-block-gallery has-nested-images columns-default is-cropped wp-block-gallery-6 is-layout-flex wp-block-gallery-is-layout-flex\">\n<figure class=\"wp-block-image size-large\"><img loading=\"lazy\" decoding=\"async\" width=\"1024\" height=\"678\" data-id=\"40926\" src=\"https:\/\/jornalvaleevangelico.com.br\/wp-content\/uploads\/2025\/04\/Pr.-Ozimar-1024x678.jpg\" alt=\"\" class=\"wp-image-40926\" srcset=\"https:\/\/jornalvaleevangelico.com.br\/wp-content\/uploads\/2025\/04\/Pr.-Ozimar-1024x678.jpg 1024w, https:\/\/jornalvaleevangelico.com.br\/wp-content\/uploads\/2025\/04\/Pr.-Ozimar-300x199.jpg 300w, https:\/\/jornalvaleevangelico.com.br\/wp-content\/uploads\/2025\/04\/Pr.-Ozimar-768x509.jpg 768w, https:\/\/jornalvaleevangelico.com.br\/wp-content\/uploads\/2025\/04\/Pr.-Ozimar.jpg 1536w\" sizes=\"(max-width: 1024px) 100vw, 1024px\" \/><\/figure>\n<\/figure>\n\n\n\n<p>Tamb\u00e9m participou do encontro o pastor Ozimar Ales Anast\u00e1cio, presidente da A\u00e7\u00e3o Evang\u00e9lica e do CEPAR (Centro Educacional Pastor Ant\u00f4nio Rosa), que apresentou um relat\u00f3rio das atividades das institui\u00e7\u00f5es e esclareceu pontos sobre o acolhimento das pessoas atendidas. <\/p>\n\n\n\n<figure class=\"wp-block-gallery has-nested-images columns-default is-cropped wp-block-gallery-7 is-layout-flex wp-block-gallery-is-layout-flex\">\n<figure class=\"wp-block-image size-large\"><img loading=\"lazy\" decoding=\"async\" width=\"768\" height=\"1024\" data-id=\"40921\" src=\"https:\/\/jornalvaleevangelico.com.br\/wp-content\/uploads\/2025\/04\/Reuniao-07-04-2025-5A-Essa-768x1024.jpg\" alt=\"\" class=\"wp-image-40921\" srcset=\"https:\/\/jornalvaleevangelico.com.br\/wp-content\/uploads\/2025\/04\/Reuniao-07-04-2025-5A-Essa-768x1024.jpg 768w, https:\/\/jornalvaleevangelico.com.br\/wp-content\/uploads\/2025\/04\/Reuniao-07-04-2025-5A-Essa-225x300.jpg 225w, https:\/\/jornalvaleevangelico.com.br\/wp-content\/uploads\/2025\/04\/Reuniao-07-04-2025-5A-Essa-1152x1536.jpg 1152w, https:\/\/jornalvaleevangelico.com.br\/wp-content\/uploads\/2025\/04\/Reuniao-07-04-2025-5A-Essa-1024x1365.jpg 1024w, https:\/\/jornalvaleevangelico.com.br\/wp-content\/uploads\/2025\/04\/Reuniao-07-04-2025-5A-Essa.jpg 1200w\" sizes=\"(max-width: 768px) 100vw, 768px\" \/><\/figure>\n<\/figure>\n\n\n\n<p>Encerrando a reuni\u00e3o, o presidente Pr. Jos\u00e9 Martins ministrou uma mensagem de autoridade espiritual, com base no texto b\u00edblico de Lucas 10:19 \u2013 <em>\u201cEis que vos dou poder para pisar em serpentes e escorpi\u00f5es, e sobre toda a for\u00e7a do inimigo, e nada vos far\u00e1 dano algum\u201d<\/em>. Sua prega\u00e7\u00e3o foi recebida com grande como\u00e7\u00e3o e manifesta\u00e7\u00f5es de f\u00e9 por parte dos presentes. <\/p>\n\n\n\n<p>A noite foi finalizada com uma ora\u00e7\u00e3o e a b\u00ean\u00e7\u00e3o apost\u00f3lica, conduzida pelo Pr. Raimundo Gilson, encerrando mais um encontro marcado por uni\u00e3o, f\u00e9 e reconhecimento do trabalho realizado pela igreja no Vale do A\u00e7o.<\/p>\n<\/blockquote>\n<div class=\"jorna-rodape jorna-entity-placement\" id=\"jorna-1270644564\"><div id=\"jorna-1253886090\"><a href=\"https:\/\/gkscontabilidade.com\/\" aria-label=\"GKS Contabilidade\"><img src=\"https:\/\/jornalvaleevangelico.com.br\/wp-content\/uploads\/2023\/05\/GKS-Contabilidade.jpeg\" alt=\"\"  srcset=\"https:\/\/jornalvaleevangelico.com.br\/wp-content\/uploads\/2023\/05\/GKS-Contabilidade.jpeg 1600w, https:\/\/jornalvaleevangelico.com.br\/wp-content\/uploads\/2023\/05\/GKS-Contabilidade-300x65.jpeg 300w, https:\/\/jornalvaleevangelico.com.br\/wp-content\/uploads\/2023\/05\/GKS-Contabilidade-1024x223.jpeg 1024w, https:\/\/jornalvaleevangelico.com.br\/wp-content\/uploads\/2023\/05\/GKS-Contabilidade-768x168.jpeg 768w, https:\/\/jornalvaleevangelico.com.br\/wp-content\/uploads\/2023\/05\/GKS-Contabilidade-1536x335.jpeg 1536w\" sizes=\"(max-width: 1600px) 100vw, 1600px\" width=\"1600\" height=\"349\"   \/><\/a><\/div><\/div>","protected":false},"excerpt":{"rendered":"<p>Durante reuni\u00e3o mensal com obreiros, vereador Matheus Lima Braga homenageia igreja pelo Instituto B\u00edblico \u00danico&#8230;<\/p>\n","protected":false},"author":2,"featured_media":40920,"comment_status":"open","ping_status":"open","sticky":false,"template":"","format":"standard","meta":{"_mi_skip_tracking":false,"_monsterinsights_sitenote_active":false,"_monsterinsights_sitenote_note":"","_monsterinsights_sitenote_category":0,"footnotes":""},"categories":[15,2],"tags":[],"class_list":["post-40919","post","type-post","status-publish","format-standard","has-post-thumbnail","hentry","category-mundo-cristao","category-noticia"],"_links":{"self":[{"href":"https:\/\/jornalvaleevangelico.com.br\/index.php\/wp-json\/wp\/v2\/posts\/40919","targetHints":{"allow":["GET"]}}],"collection":[{"href":"https:\/\/jornalvaleevangelico.com.br\/index.php\/wp-json\/wp\/v2\/posts"}],"about":[{"href":"https:\/\/jornalvaleevangelico.com.br\/index.php\/wp-json\/wp\/v2\/types\/post"}],"author":[{"embeddable":true,"href":"https:\/\/jornalvaleevangelico.com.br\/index.php\/wp-json\/wp\/v2\/users\/2"}],"replies":[{"embeddable":true,"href":"https:\/\/jornalvaleevangelico.com.br\/index.php\/wp-json\/wp\/v2\/comments?post=40919"}],"version-history":[{"count":1,"href":"https:\/\/jornalvaleevangelico.com.br\/index.php\/wp-json\/wp\/v2\/posts\/40919\/revisions"}],"predecessor-version":[{"id":40929,"href":"https:\/\/jornalvaleevangelico.com.br\/index.php\/wp-json\/wp\/v2\/posts\/40919\/revisions\/40929"}],"wp:featuredmedia":[{"embeddable":true,"href":"https:\/\/jornalvaleevangelico.com.br\/index.php\/wp-json\/wp\/v2\/media\/40920"}],"wp:attachment":[{"href":"https:\/\/jornalvaleevangelico.com.br\/index.php\/wp-json\/wp\/v2\/media?parent=40919"}],"wp:term":[{"taxonomy":"category","embeddable":true,"href":"https:\/\/jornalvaleevangelico.com.br\/index.php\/wp-json\/wp\/v2\/categories?post=40919"},{"taxonomy":"post_tag","embeddable":true,"href":"https:\/\/jornalvaleevangelico.com.br\/index.php\/wp-json\/wp\/v2\/tags?post=40919"}],"curies":[{"name":"wp","href":"https:\/\/api.w.org\/{rel}","templated":true}]}}