{"id":41172,"date":"2025-04-15T17:25:42","date_gmt":"2025-04-15T20:25:42","guid":{"rendered":"https:\/\/jornalvaleevangelico.com.br\/?p=41172"},"modified":"2025-04-15T17:25:43","modified_gmt":"2025-04-15T20:25:43","slug":"pastor-julio-cesar-comemora-aniversario-com-a-turma-do-cafe-em-ipatinga","status":"publish","type":"post","link":"https:\/\/jornalvaleevangelico.com.br\/index.php\/2025\/04\/15\/pastor-julio-cesar-comemora-aniversario-com-a-turma-do-cafe-em-ipatinga\/","title":{"rendered":"Pastor J\u00falio C\u00e9sar comemora anivers\u00e1rio com a \u201cTurma do Caf\u00e9\u201d em Ipatinga"},"content":{"rendered":"\n<h2 class=\"wp-block-heading\"><strong>Parab\u00e9ns, Pastor J\u00falio C\u00e9sar! Que o Deus Eterno continue derramando b\u00ean\u00e7\u00e3os sobre sua vida, minist\u00e9rio e fam\u00edlia.<\/strong><\/h2>\n\n\n\n<p>Nesta quarta-feira, 16 de abril de 2025, o Pastor J\u00falio C\u00e9sar celebrou mais um ano de vida em um agrad\u00e1vel momento de confraterniza\u00e7\u00e3o ao lado da conhecida \u201cTurma do Caf\u00e9\u201d em um restaurante da cidade de Ipatinga. A ocasi\u00e3o reuniu n\u00e3o apenas os integrantes do grupo, mas tamb\u00e9m contou com a presen\u00e7a de autoridades pol\u00edticas e esposas de alguns dos participantes, tornando a comemora\u00e7\u00e3o ainda mais especial.<\/p>\n\n\n\n<p>A \u201cTurma do Caf\u00e9\u201d \u00e9 um grupo que se re\u00fane diariamente na resid\u00eancia do irm\u00e3o L\u00e1zaro, onde compartilham conversas descontra\u00eddas e edificantes sobre temas diversos, que v\u00e3o desde assuntos cotidianos at\u00e9 reflex\u00f5es b\u00edblicas e espirituais. De tempos em tempos, os encontros s\u00e3o realizados em outros espa\u00e7os, sempre que surge um convite especial \u2014 como foi o caso do anivers\u00e1rio do pastor.<\/p>\n\n\n\n<p>Pastor J\u00falio esteve acompanhado da esposa, irm\u00e3 Vera, e da filha J\u00falia. Tamb\u00e9m prestigiaram o momento o pastor Israel Lisboa, ao lado da esposa, irm\u00e3 Jonilma; o pastor Jos\u00e9 Geraldo \u2014 carinhosamente chamado de \u201cMeu Rei\u201d \u2014 com sua esposa Cirlene; e o di\u00e1cono Walter, acompanhado da esposa Sandra.<\/p>\n\n\n\n<p>Foi um dia marcado por alegria, comunh\u00e3o e gratid\u00e3o. O Pastor J\u00falio C\u00e9sar recebeu homenagens e palavras de carinho, refor\u00e7ando os la\u00e7os de amizade e f\u00e9 entre os presentes.<\/p>\n\n\n\n<p>Parab\u00e9ns, Pastor J\u00falio C\u00e9sar! Que o Deus Eterno continue derramando b\u00ean\u00e7\u00e3os sobre sua vida, minist\u00e9rio e fam\u00edlia.<\/p>\n\n\n\n<figure class=\"wp-block-gallery has-nested-images columns-default is-cropped wp-block-gallery-1 is-layout-flex wp-block-gallery-is-layout-flex\">\n<figure class=\"wp-block-image size-large\"><img fetchpriority=\"high\" decoding=\"async\" width=\"1024\" height=\"572\" data-id=\"41174\" src=\"https:\/\/jornalvaleevangelico.com.br\/wp-content\/uploads\/2025\/04\/DSC0003ESSA-Copy-1024x572.jpg\" alt=\"\" class=\"wp-image-41174\" srcset=\"https:\/\/jornalvaleevangelico.com.br\/wp-content\/uploads\/2025\/04\/DSC0003ESSA-Copy-1024x572.jpg 1024w, https:\/\/jornalvaleevangelico.com.br\/wp-content\/uploads\/2025\/04\/DSC0003ESSA-Copy-300x168.jpg 300w, https:\/\/jornalvaleevangelico.com.br\/wp-content\/uploads\/2025\/04\/DSC0003ESSA-Copy-768x429.jpg 768w, https:\/\/jornalvaleevangelico.com.br\/wp-content\/uploads\/2025\/04\/DSC0003ESSA-Copy-1536x859.jpg 1536w, https:\/\/jornalvaleevangelico.com.br\/wp-content\/uploads\/2025\/04\/DSC0003ESSA-Copy-2048x1145.jpg 2048w\" sizes=\"(max-width: 1024px) 100vw, 1024px\" \/><\/figure>\n\n\n\n<figure class=\"wp-block-image size-large\"><img decoding=\"async\" width=\"1024\" height=\"596\" data-id=\"41173\" src=\"https:\/\/jornalvaleevangelico.com.br\/wp-content\/uploads\/2025\/04\/DSC0002-Copy-1024x596.jpg\" alt=\"\" class=\"wp-image-41173\" srcset=\"https:\/\/jornalvaleevangelico.com.br\/wp-content\/uploads\/2025\/04\/DSC0002-Copy-1024x596.jpg 1024w, https:\/\/jornalvaleevangelico.com.br\/wp-content\/uploads\/2025\/04\/DSC0002-Copy-300x175.jpg 300w, https:\/\/jornalvaleevangelico.com.br\/wp-content\/uploads\/2025\/04\/DSC0002-Copy-768x447.jpg 768w, https:\/\/jornalvaleevangelico.com.br\/wp-content\/uploads\/2025\/04\/DSC0002-Copy-1536x894.jpg 1536w, https:\/\/jornalvaleevangelico.com.br\/wp-content\/uploads\/2025\/04\/DSC0002-Copy-2048x1192.jpg 2048w\" sizes=\"(max-width: 1024px) 100vw, 1024px\" \/><\/figure>\n<\/figure>\n<div class=\"jorna-rodape jorna-entity-placement\" id=\"jorna-1361000511\"><div id=\"jorna-3832471923\"><a href=\"https:\/\/gkscontabilidade.com\/\" aria-label=\"GKS Contabilidade\"><img src=\"https:\/\/jornalvaleevangelico.com.br\/wp-content\/uploads\/2023\/05\/GKS-Contabilidade.jpeg\" alt=\"\"  srcset=\"https:\/\/jornalvaleevangelico.com.br\/wp-content\/uploads\/2023\/05\/GKS-Contabilidade.jpeg 1600w, https:\/\/jornalvaleevangelico.com.br\/wp-content\/uploads\/2023\/05\/GKS-Contabilidade-300x65.jpeg 300w, https:\/\/jornalvaleevangelico.com.br\/wp-content\/uploads\/2023\/05\/GKS-Contabilidade-1024x223.jpeg 1024w, https:\/\/jornalvaleevangelico.com.br\/wp-content\/uploads\/2023\/05\/GKS-Contabilidade-768x168.jpeg 768w, https:\/\/jornalvaleevangelico.com.br\/wp-content\/uploads\/2023\/05\/GKS-Contabilidade-1536x335.jpeg 1536w\" sizes=\"(max-width: 1600px) 100vw, 1600px\" width=\"1600\" height=\"349\"   \/><\/a><\/div><\/div>","protected":false},"excerpt":{"rendered":"<p>Parab\u00e9ns, Pastor J\u00falio C\u00e9sar! Que o Deus Eterno continue derramando b\u00ean\u00e7\u00e3os sobre sua vida, minist\u00e9rio&#8230;<\/p>\n","protected":false},"author":2,"featured_media":41175,"comment_status":"open","ping_status":"open","sticky":false,"template":"","format":"standard","meta":{"_mi_skip_tracking":false,"_monsterinsights_sitenote_active":false,"_monsterinsights_sitenote_note":"","_monsterinsights_sitenote_category":0,"footnotes":""},"categories":[42,15],"tags":[],"class_list":["post-41172","post","type-post","status-publish","format-standard","has-post-thumbnail","hentry","category-homenagens","category-mundo-cristao"],"_links":{"self":[{"href":"https:\/\/jornalvaleevangelico.com.br\/index.php\/wp-json\/wp\/v2\/posts\/41172","targetHints":{"allow":["GET"]}}],"collection":[{"href":"https:\/\/jornalvaleevangelico.com.br\/index.php\/wp-json\/wp\/v2\/posts"}],"about":[{"href":"https:\/\/jornalvaleevangelico.com.br\/index.php\/wp-json\/wp\/v2\/types\/post"}],"author":[{"embeddable":true,"href":"https:\/\/jornalvaleevangelico.com.br\/index.php\/wp-json\/wp\/v2\/users\/2"}],"replies":[{"embeddable":true,"href":"https:\/\/jornalvaleevangelico.com.br\/index.php\/wp-json\/wp\/v2\/comments?post=41172"}],"version-history":[{"count":1,"href":"https:\/\/jornalvaleevangelico.com.br\/index.php\/wp-json\/wp\/v2\/posts\/41172\/revisions"}],"predecessor-version":[{"id":41176,"href":"https:\/\/jornalvaleevangelico.com.br\/index.php\/wp-json\/wp\/v2\/posts\/41172\/revisions\/41176"}],"wp:featuredmedia":[{"embeddable":true,"href":"https:\/\/jornalvaleevangelico.com.br\/index.php\/wp-json\/wp\/v2\/media\/41175"}],"wp:attachment":[{"href":"https:\/\/jornalvaleevangelico.com.br\/index.php\/wp-json\/wp\/v2\/media?parent=41172"}],"wp:term":[{"taxonomy":"category","embeddable":true,"href":"https:\/\/jornalvaleevangelico.com.br\/index.php\/wp-json\/wp\/v2\/categories?post=41172"},{"taxonomy":"post_tag","embeddable":true,"href":"https:\/\/jornalvaleevangelico.com.br\/index.php\/wp-json\/wp\/v2\/tags?post=41172"}],"curies":[{"name":"wp","href":"https:\/\/api.w.org\/{rel}","templated":true}]}}