{"id":41282,"date":"2025-04-17T11:23:32","date_gmt":"2025-04-17T14:23:32","guid":{"rendered":"https:\/\/jornalvaleevangelico.com.br\/?p=41282"},"modified":"2025-04-17T11:31:51","modified_gmt":"2025-04-17T14:31:51","slug":"nao-ha-parceria-maior-do-que-israel-e-os-cristaos-diz-benjamin-netanyahu","status":"publish","type":"post","link":"https:\/\/jornalvaleevangelico.com.br\/index.php\/2025\/04\/17\/nao-ha-parceria-maior-do-que-israel-e-os-cristaos-diz-benjamin-netanyahu\/","title":{"rendered":"&#8216;N\u00e3o h\u00e1 parceria maior do que Israel e os crist\u00e3os&#8217;, diz Benjamin Netanyahu"},"content":{"rendered":"\n<h2 class=\"wp-block-heading\">Em Washington, o primeiro-ministro de Israel concedeu entrevista a Paula White, consultora s\u00eanior do Gabinete de F\u00e9 da Casa Branca.<a href=\"https:\/\/www.facebook.com\/sharer\/sharer.php?u=https:\/\/guiame.com.br\/gospel\/israel\/nao-ha-parceria-maior-do-que-israel-e-os-cristaos-diz-benjamin-netanyahu.html\" target=\"_blank\" rel=\"noreferrer noopener\"><\/a><\/h2>\n\n\n\n<p>Em uma longa entrevista a Paula White, consultora s\u00eanior do&nbsp;<strong><a href=\"https:\/\/guiame.com.br\/gospel\/noticias\/pastores-de-todo-os-eua-se-reunem-na-casa-branca-para-orar-por-trump.html\">Gabinete de F\u00e9 da Casa Branca<\/a><\/strong>, o primeiro-ministro israelense Benjamin Netanyahu falou sobre o papel de Israel nos eventos do fim dos tempos, a amizade entre EUA e Israel e a import\u00e2ncia dos crist\u00e3os evang\u00e9licos na alian\u00e7a entre as na\u00e7\u00f5es.<\/p>\n\n\n\n<p>A entrevista, gravada durante sua visita a Washington, D.C., foi publicada esta semana no canal do YouTube da Christian Daystar Television Network.<\/p>\n\n\n\n<p>White iniciou a entrevista destacando que &#8220;a vis\u00e3o crist\u00e3 do fim dos dias prev\u00ea uma profunda transforma\u00e7\u00e3o e reden\u00e7\u00e3o&#8221; e perguntou ao primeiro-ministro se ele enxergava ind\u00edcios dessa perspectiva se manifestando nos acontecimentos atuais.<\/p>\n\n\n\n<p>\u201cA vis\u00e3o do retorno do povo disperso \u00e0&nbsp;<strong><a href=\"https:\/\/guiame.com.br\/gospel\/israel\/israel-quem-sao-os-cristaos-que-vivem-na-terra-santa.html\">Terra Santa<\/a><\/strong>, a reconstitui\u00e7\u00e3o da soberania judaica em nossa terra ancestral&#8230; Isso \u00e9 um milagre. Acho que \u00e9 uma sequ\u00eancia de milagres por si s\u00f3. Voc\u00ea pode explicar de v\u00e1rias maneiras, mas acredito que h\u00e1 algo que desafia, sabe, desafia as leis da hist\u00f3ria, porque, segundo as leis da hist\u00f3ria, se voc\u00ea desaparece, voc\u00ea desaparece\u201d, disse Netanyahu.<\/p>\n\n\n\n<p>Ele tamb\u00e9m destacou as a\u00e7\u00f5es do presidente dos EUA, Donald Trump, como o reconhecimento da soberania israelense sobre as Colinas de Gol\u00e3, a transfer\u00eancia da embaixada para Jerusal\u00e9m e a media\u00e7\u00e3o dos&nbsp;<strong><a href=\"https:\/\/guiame.com.br\/gospel\/israel\/volta-de-trump-casa-branca-beneficia-israel-avaliam-analistas.html\">Acordos de Abra\u00e3o<\/a><\/strong>, classificando-as como eventos quase milagrosos na &#8220;miss\u00e3o hist\u00f3rica&#8221; do povo judeu.<\/p>\n\n\n\n<p>\u201cE eu sei que, nesse esfor\u00e7o, contamos com o apoio de nossos amigos crist\u00e3os ao redor do mundo. Sabe, nunca tivemos amigos melhores\u201d, enfatizou Netanyahu.<\/p>\n\n\n\n<p>Em outro momento da entrevista, o primeiro-ministro reiterou: \u201cN\u00e3o h\u00e1 parceria maior do que a do Estado de Israel com os crist\u00e3os ao redor do mundo.\u201d<\/p>\n\n\n\n<p><strong>La\u00e7os Israel e EUA<\/strong><\/p>\n\n\n\n<p>Netanyahu tamb\u00e9m destacou que Trump, desde os primeiros dias de sua presid\u00eancia, j\u00e1 vinha implementando medidas significativas para fortalecer ainda mais os la\u00e7os entre os EUA e Israel.<\/p>\n\n\n\n<p>Israel est\u00e1 lutando &#8220;contra nossos inimigos comuns, os inimigos da Am\u00e9rica&#8221;, disse Netanyahu. &#8220;Eles chamam a Am\u00e9rica de o grande Sat\u00e3. Eles nos chamam de o pequeno Sat\u00e3.&#8221;<\/p>\n\n\n\n<p>Apesar disso, Netanyahu afirmou que o governo Biden imp\u00f4s um embargo de armas a Israel. \u201cUma das primeiras a\u00e7\u00f5es do presidente Trump foi derrubar esse embargo, restabelecendo o envio de armas e muni\u00e7\u00f5es para Israel, algo t\u00e3o necess\u00e1rio.\u201d<\/p>\n\n\n\n<p>\u201cA segunda coisa que ele fez foi remover as san\u00e7\u00f5es impostas aos residentes judeus da Judeia e Samaria, o cora\u00e7\u00e3o de nossa terra natal hist\u00f3rica\u201d, continuou Netanyahu.<\/p>\n\n\n\n<p>\u201cA terceira foi emitir ordens contundentes contra o&nbsp;<strong><a href=\"https:\/\/guiame.com.br\/gospel\/israel\/antissemitismo-cresce-350-no-brasil-apos-ataque-do-hamas-israel-diz-relatorio.html\">antissemitismo<\/a><\/strong>, que na verdade \u00e9 antiamericanismo e anti-Israel, tanto nos campi americanos quanto em outros lugares.\u201d<\/p>\n\n\n\n<p>Por fim, Netanyahu afirmou que Trump &#8220;revogou algo que protegia o TPI, o chamado Tribunal Penal Internacional, que se tornou criminoso e est\u00e1 mirando soldados americanos e israelenses, eu e, potencialmente, qualquer l\u00edder americano.&#8221;<\/p>\n\n\n\n<p>O l\u00edder israelense tamb\u00e9m pediu aos crist\u00e3os que se envolvam mais profundamente com Israel, especialmente viajando ao pa\u00eds para \u201centender como a B\u00edblia est\u00e1 realmente se desenrolando em tempo real nesta parte da terra t\u00e3o crucial para nossa civiliza\u00e7\u00e3o comum.\u201d<\/p>\n\n\n\n<figure class=\"wp-block-image\"><img decoding=\"async\" src=\"https:\/\/thumbor.guiame.com.br\/unsafe\/smart\/https:\/\/media.guiame.com.br\/archives\/2025\/04\/16\/667197571-benjamin-netanyahu.png\" alt=\"\"\/><\/figure>\n\n\n\n<p><sup>Paula White-Cain entrevista Benjamin Netanyahu. (Captura de tela\/YouTube\/Daystar)<\/sup><\/p>\n\n\n\n<p>\u201cRecentemente ouvi algo, e isso est\u00e1 se espalhando entre os amigos crist\u00e3os de Israel e da Am\u00e9rica: a acusa\u00e7\u00e3o de que Israel est\u00e1 perseguindo crist\u00e3os em Israel. Meu Deus, como as pessoas podem acreditar nessas mentiras? O \u00fanico lugar no Oriente M\u00e9dio onde os crist\u00e3os est\u00e3o totalmente seguros, n\u00e3o apenas para praticar sua f\u00e9, mas muito al\u00e9m disso, para prosperar e florescer, \u00e9 em Israel\u201d, enfatizou ele.<\/p>\n\n\n\n<p>Apesar das not\u00edcias falsas e dos relatos sobre a diminui\u00e7\u00e3o do apoio crist\u00e3o a Israel, Netanyahu apresentou uma perspectiva otimista, destacando n\u00e3o apenas as rela\u00e7\u00f5es entre EUA e Israel, mas tamb\u00e9m o fortalecimento do Cristianismo e dos valores tradicionais nos EUA.<\/p>\n\n\n\n<p><strong>Cita\u00e7\u00e3o da B\u00edblia<\/strong><\/p>\n\n\n\n<p>Ao citar o exemplo da gera\u00e7\u00e3o mais jovem de Israel, que enfrentou heroicamente o desafio de lutar uma guerra, contrariando as expectativas de muitos, Netanyahu destacou que essas tend\u00eancias podem ser revertidas.<\/p>\n\n\n\n<p>\u201cAs pessoas aqui dizem que a pr\u00f3xima gera\u00e7\u00e3o de crist\u00e3os est\u00e1 diminuindo seu apoio a Israel&#8230; Quem disse que isso precisa continuar? Acho que est\u00e1 acontecendo uma mudan\u00e7a agora\u201d, afirmou o primeiro-ministro.<\/p>\n\n\n\n<p>\u201cAs pessoas buscam conte\u00fado espiritual para suas vidas, e muitas est\u00e3o retornando \u00e0 religi\u00e3o. Quando o fazem, e quando procuram as fontes, as origens de nossa civiliza\u00e7\u00e3o, de nossas sociedades, elas voltar\u00e3o \u00e0s ra\u00edzes.\u201d<\/p>\n\n\n\n<p>\u201cE as ra\u00edzes vieram daquela terra que voc\u00ea visita, aquele peda\u00e7o de terra na extremidade da \u00c1sia, na borda do Mediterr\u00e2neo, onde tudo come\u00e7ou.\u201d<\/p>\n\n\n\n<p>Netanyahu acrescentou que, sempre que fala ao Congresso dos EUA, \u201ceu fico naquele p\u00falpito e olho para aquele sal\u00e3o&#8230; Bem na minha frente est\u00e1 a t\u00e1bua que diz Mois\u00e9s, o legislador, e que, na verdade, tem uma cita\u00e7\u00e3o da B\u00edblia.\u201d<\/p>\n\n\n\n<p>\u201cOs fundadores da Am\u00e9rica falaram sobre uma cidade sobre a colina. Essa cidade era Jerusal\u00e9m. A Am\u00e9rica foi fundada como a nova Jerusal\u00e9m, conectada \u00e0 Jerusal\u00e9m original. E essa \u00e9 uma parceria que, acredito, n\u00e3o vai desaparecer. Acho que estamos em um ponto de virada, onde esse entusiasmo, de fato, est\u00e1 sendo revitalizado. E acredito que isso vai acontecer.\u201d<\/p>\n\n\n\n<h6 class=\"wp-block-heading\"><strong>Fonte:<\/strong>\u00a0Guiame, com informa\u00e7\u00f5es do All Israel News <strong>Atualizado:\u00a0<\/strong>quarta-feira, 16 de abril de 2025 \u00e0s 14:32<\/h6>\n<div class=\"jorna-rodape jorna-entity-placement\" id=\"jorna-3013656888\"><div id=\"jorna-1548466175\"><a href=\"https:\/\/gkscontabilidade.com\/\" aria-label=\"GKS Contabilidade\"><img src=\"https:\/\/jornalvaleevangelico.com.br\/wp-content\/uploads\/2023\/05\/GKS-Contabilidade.jpeg\" alt=\"\"  srcset=\"https:\/\/jornalvaleevangelico.com.br\/wp-content\/uploads\/2023\/05\/GKS-Contabilidade.jpeg 1600w, https:\/\/jornalvaleevangelico.com.br\/wp-content\/uploads\/2023\/05\/GKS-Contabilidade-300x65.jpeg 300w, https:\/\/jornalvaleevangelico.com.br\/wp-content\/uploads\/2023\/05\/GKS-Contabilidade-1024x223.jpeg 1024w, https:\/\/jornalvaleevangelico.com.br\/wp-content\/uploads\/2023\/05\/GKS-Contabilidade-768x168.jpeg 768w, https:\/\/jornalvaleevangelico.com.br\/wp-content\/uploads\/2023\/05\/GKS-Contabilidade-1536x335.jpeg 1536w\" sizes=\"(max-width: 1600px) 100vw, 1600px\" width=\"1600\" height=\"349\"   \/><\/a><\/div><\/div>","protected":false},"excerpt":{"rendered":"<p>Em Washington, o primeiro-ministro de Israel concedeu entrevista a Paula White, consultora s\u00eanior do Gabinete&#8230;<\/p>\n","protected":false},"author":2,"featured_media":41283,"comment_status":"open","ping_status":"open","sticky":false,"template":"","format":"standard","meta":{"_mi_skip_tracking":false,"_monsterinsights_sitenote_active":false,"_monsterinsights_sitenote_note":"","_monsterinsights_sitenote_category":0,"footnotes":""},"categories":[8,15,2],"tags":[],"class_list":["post-41282","post","type-post","status-publish","format-standard","has-post-thumbnail","hentry","category-internacional","category-mundo-cristao","category-noticia"],"_links":{"self":[{"href":"https:\/\/jornalvaleevangelico.com.br\/index.php\/wp-json\/wp\/v2\/posts\/41282","targetHints":{"allow":["GET"]}}],"collection":[{"href":"https:\/\/jornalvaleevangelico.com.br\/index.php\/wp-json\/wp\/v2\/posts"}],"about":[{"href":"https:\/\/jornalvaleevangelico.com.br\/index.php\/wp-json\/wp\/v2\/types\/post"}],"author":[{"embeddable":true,"href":"https:\/\/jornalvaleevangelico.com.br\/index.php\/wp-json\/wp\/v2\/users\/2"}],"replies":[{"embeddable":true,"href":"https:\/\/jornalvaleevangelico.com.br\/index.php\/wp-json\/wp\/v2\/comments?post=41282"}],"version-history":[{"count":1,"href":"https:\/\/jornalvaleevangelico.com.br\/index.php\/wp-json\/wp\/v2\/posts\/41282\/revisions"}],"predecessor-version":[{"id":41284,"href":"https:\/\/jornalvaleevangelico.com.br\/index.php\/wp-json\/wp\/v2\/posts\/41282\/revisions\/41284"}],"wp:featuredmedia":[{"embeddable":true,"href":"https:\/\/jornalvaleevangelico.com.br\/index.php\/wp-json\/wp\/v2\/media\/41283"}],"wp:attachment":[{"href":"https:\/\/jornalvaleevangelico.com.br\/index.php\/wp-json\/wp\/v2\/media?parent=41282"}],"wp:term":[{"taxonomy":"category","embeddable":true,"href":"https:\/\/jornalvaleevangelico.com.br\/index.php\/wp-json\/wp\/v2\/categories?post=41282"},{"taxonomy":"post_tag","embeddable":true,"href":"https:\/\/jornalvaleevangelico.com.br\/index.php\/wp-json\/wp\/v2\/tags?post=41282"}],"curies":[{"name":"wp","href":"https:\/\/api.w.org\/{rel}","templated":true}]}}