{"id":41288,"date":"2025-04-17T11:46:35","date_gmt":"2025-04-17T14:46:35","guid":{"rendered":"https:\/\/jornalvaleevangelico.com.br\/?p=41288"},"modified":"2025-04-17T11:46:36","modified_gmt":"2025-04-17T14:46:36","slug":"antissemitismo-cresce-350-no-brasil-apos-ataque-do-hamas-a-israel-diz-relatorio","status":"publish","type":"post","link":"https:\/\/jornalvaleevangelico.com.br\/index.php\/2025\/04\/17\/antissemitismo-cresce-350-no-brasil-apos-ataque-do-hamas-a-israel-diz-relatorio\/","title":{"rendered":"Antissemitismo cresce 350% no Brasil ap\u00f3s ataque do Hamas a Israel, diz relat\u00f3rio"},"content":{"rendered":"\n<h2 class=\"wp-block-heading\">Os dados s\u00e3o do Relat\u00f3rio do Antissemitismo no Brasil, produzido pela Confedera\u00e7\u00e3o Israelita do Brasil (Conib) e pela Federa\u00e7\u00e3o Israelita do Estado de S\u00e3o Paulo (Fisesp).<a href=\"https:\/\/www.facebook.com\/sharer\/sharer.php?u=https:\/\/guiame.com.br\/gospel\/israel\/antissemitismo-cresce-350-no-brasil-apos-ataque-do-hamas-israel-diz-relatorio.html\" target=\"_blank\" rel=\"noreferrer noopener\"><\/a><\/h2>\n\n\n\n<p>Casos de&nbsp;<strong><a href=\"https:\/\/guiame.com.br\/gospel\/noticias\/escola-suspende-6-alunos-por-atos-antissemitas-contra-colega-judeu-em-sp.html\">antissemitismo no Brasil<\/a><\/strong>&nbsp;aumentaram 350% em 2024, segundo relat\u00f3rio divulgado nesta ter\u00e7a-feira (15) pela Confedera\u00e7\u00e3o Israelita do Brasil (Conib), a Federa\u00e7\u00e3o Israelita do Estado de S\u00e3o Paulo e o Departamento de Seguran\u00e7a Comunit\u00e1ria.<\/p>\n\n\n\n<p>O crescimento foi impulsionado depois dos ataques do Hamas a Israel em&nbsp;<strong><a href=\"https:\/\/guiame.com.br\/gospel\/israel\/7-de-outubro-um-ano-apos-o-ataque-mais-letal-israel-desde-o-holocausto.html\">7 de outubro de 2023<\/a><\/strong>.<\/p>\n\n\n\n<p>O relat\u00f3rio anual da Conib aponta que, em 2024, foram registrados 1.788 casos de antissemitismo, um aumento de 26,8% em rela\u00e7\u00e3o a 2023, que teve 1.410 ocorr\u00eancias. Comparado a 2022, antes da guerra em Gaza, o crescimento foi de 350%, quando houve 397 registros.<\/p>\n\n\n\n<p>O estudo mostra que, no primeiro m\u00eas do conflito, as den\u00fancias de antissemitismo aumentaram 1.000%.<\/p>\n\n\n\n<p><strong>\u2018Muito preocupantes\u2019<\/strong><\/p>\n\n\n\n<p>As den\u00fancias di\u00e1rias passaram de uma em 2022 para cinco em 2024, segundo a Conib. Os canais digitais foram os mais utilizados, concentrando mais de 90% das ocorr\u00eancias registradas.<\/p>\n\n\n\n<p>\u201cO antissemitismo deixou de ser algo isolado. Ele est\u00e1 nas redes, nas ruas e, muitas vezes, \u00e9 ignorado. Nosso relat\u00f3rio mostra que n\u00e3o d\u00e1 mais para fechar os olhos \u2013 \u00e9 hora de reagir\u201d, disse ao Poder360 o presidente da entidade, Claudio Lottenberg.<\/p>\n\n\n\n<figure class=\"wp-block-image\"><img decoding=\"async\" src=\"https:\/\/thumbor.guiame.com.br\/unsafe\/smart\/https:\/\/media.guiame.com.br\/archives\/2025\/04\/16\/2859496726-claudio-lottenberg.jpg\" alt=\"\"\/><\/figure>\n\n\n\n<p><sup>Claudio Lottenberg apresenta relat\u00f3rio de antissemitismo no Brasil. (Foto: Conib)<\/sup><\/p>\n\n\n\n<p>O presidente disse ainda que \u201cos n\u00fameros s\u00e3o realmente muito preocupantes\u201d.<\/p>\n\n\n\n<p>\u201cO Brasil apresentou o maior aumento de casos globais (961%) desde o in\u00edcio da guerra\u201d, destacou Lottenberg.<\/p>\n\n\n\n<p>S\u00e3o Paulo, que abriga a maior comunidade judaica do Brasil, concentrou a maioria dos casos (24,61%). Em seguida, v\u00eam Rio de Janeiro (9,51%) e Rio Grande do Sul (8,17%). Outros 50,34% ocorreram sem localiza\u00e7\u00e3o definida, principalmente por serem registrados no ambiente virtual.<\/p>\n\n\n\n<p>O relat\u00f3rio foi lan\u00e7ado em um evento no clube Hebraica de S\u00e3o Paulo, com a presen\u00e7a de especialistas, jornalistas, juristas e lideran\u00e7as da comunidade judaica.<\/p>\n\n\n\n<p><strong>F\u00edsicos e virtuais<\/strong><\/p>\n\n\n\n<p>Em 2024, 73% dos casos de antissemitismo ocorreram em ambientes online, totalizando 1.310 registros. Em 2023, foram 1.049 casos, representando 27% do total.<\/p>\n\n\n\n<p>\u201cO ambiente digital virou o grande palco de antissemitismo no Brasil e no mundo, saltando de 51% em 2022 para 73% de todas as den\u00fancias recebidas em 2024\u201d, diz trecho do relat\u00f3rio.<\/p>\n\n\n\n<p>Em 2024, as&nbsp;<strong><a href=\"https:\/\/guiame.com.br\/colunistas\/adriana-bernardo\/adolescencia-da-netflix-pode-incentivar-pais-ajudarem-filhos-nos-desafios-emocionais.html\">redes sociais<\/a><\/strong>&nbsp;X (antigo Twitter) e Instagram lideraram em casos de antissemitismo, com 48% e 37%, respectivamente. Facebook (12%), Telegram (2%) e LinkedIn (1%) vieram em seguida.<\/p>\n\n\n\n<p>Em 2024, os casos f\u00edsicos somaram 478, representando 27% do total. Em 2023, foram registrados 363 casos, equivalentes a 26%. Em 2022, o n\u00famero foi de 195.<\/p>\n\n\n\n<p>O relat\u00f3rio aponta que, no ambiente offline, as principais manifesta\u00e7\u00f5es inclu\u00edram agress\u00f5es verbais e f\u00edsicas, al\u00e9m de picha\u00e7\u00f5es e vandalismo.<\/p>\n\n\n\n<p>A Conib registra os casos por meio de um sistema em parceria com a Fisesp (Federa\u00e7\u00e3o Israelita do Estado de S\u00e3o Paulo). As entidades disponibilizam plataformas em seus sites, redes sociais e aplicativos para que as v\u00edtimas fa\u00e7am notifica\u00e7\u00f5es. Al\u00e9m disso, realizam monitoramento das redes e oferecem acompanhamento jur\u00eddico.<\/p>\n\n\n\n<h6 class=\"wp-block-heading\"><strong>Fonte:<\/strong>\u00a0Guiame, com informa\u00e7\u00f5es do Poder360 e Conib <strong>Atualizado:\u00a0<\/strong>quarta-feira, 16 de abril de 2025 \u00e0s 10:10<\/h6>\n<div class=\"jorna-rodape jorna-entity-placement\" id=\"jorna-3584011818\"><div id=\"jorna-1976288584\"><a href=\"https:\/\/gkscontabilidade.com\/\" aria-label=\"GKS Contabilidade\"><img src=\"https:\/\/jornalvaleevangelico.com.br\/wp-content\/uploads\/2023\/05\/GKS-Contabilidade.jpeg\" alt=\"\"  srcset=\"https:\/\/jornalvaleevangelico.com.br\/wp-content\/uploads\/2023\/05\/GKS-Contabilidade.jpeg 1600w, https:\/\/jornalvaleevangelico.com.br\/wp-content\/uploads\/2023\/05\/GKS-Contabilidade-300x65.jpeg 300w, https:\/\/jornalvaleevangelico.com.br\/wp-content\/uploads\/2023\/05\/GKS-Contabilidade-1024x223.jpeg 1024w, https:\/\/jornalvaleevangelico.com.br\/wp-content\/uploads\/2023\/05\/GKS-Contabilidade-768x168.jpeg 768w, https:\/\/jornalvaleevangelico.com.br\/wp-content\/uploads\/2023\/05\/GKS-Contabilidade-1536x335.jpeg 1536w\" sizes=\"(max-width: 1600px) 100vw, 1600px\" width=\"1600\" height=\"349\"   \/><\/a><\/div><\/div>","protected":false},"excerpt":{"rendered":"<p>Os dados s\u00e3o do Relat\u00f3rio do Antissemitismo no Brasil, produzido pela Confedera\u00e7\u00e3o Israelita do Brasil&#8230;<\/p>\n","protected":false},"author":2,"featured_media":41289,"comment_status":"open","ping_status":"open","sticky":false,"template":"","format":"standard","meta":{"_mi_skip_tracking":false,"_monsterinsights_sitenote_active":false,"_monsterinsights_sitenote_note":"","_monsterinsights_sitenote_category":0,"footnotes":""},"categories":[2],"tags":[],"class_list":["post-41288","post","type-post","status-publish","format-standard","has-post-thumbnail","hentry","category-noticia"],"_links":{"self":[{"href":"https:\/\/jornalvaleevangelico.com.br\/index.php\/wp-json\/wp\/v2\/posts\/41288","targetHints":{"allow":["GET"]}}],"collection":[{"href":"https:\/\/jornalvaleevangelico.com.br\/index.php\/wp-json\/wp\/v2\/posts"}],"about":[{"href":"https:\/\/jornalvaleevangelico.com.br\/index.php\/wp-json\/wp\/v2\/types\/post"}],"author":[{"embeddable":true,"href":"https:\/\/jornalvaleevangelico.com.br\/index.php\/wp-json\/wp\/v2\/users\/2"}],"replies":[{"embeddable":true,"href":"https:\/\/jornalvaleevangelico.com.br\/index.php\/wp-json\/wp\/v2\/comments?post=41288"}],"version-history":[{"count":1,"href":"https:\/\/jornalvaleevangelico.com.br\/index.php\/wp-json\/wp\/v2\/posts\/41288\/revisions"}],"predecessor-version":[{"id":41290,"href":"https:\/\/jornalvaleevangelico.com.br\/index.php\/wp-json\/wp\/v2\/posts\/41288\/revisions\/41290"}],"wp:featuredmedia":[{"embeddable":true,"href":"https:\/\/jornalvaleevangelico.com.br\/index.php\/wp-json\/wp\/v2\/media\/41289"}],"wp:attachment":[{"href":"https:\/\/jornalvaleevangelico.com.br\/index.php\/wp-json\/wp\/v2\/media?parent=41288"}],"wp:term":[{"taxonomy":"category","embeddable":true,"href":"https:\/\/jornalvaleevangelico.com.br\/index.php\/wp-json\/wp\/v2\/categories?post=41288"},{"taxonomy":"post_tag","embeddable":true,"href":"https:\/\/jornalvaleevangelico.com.br\/index.php\/wp-json\/wp\/v2\/tags?post=41288"}],"curies":[{"name":"wp","href":"https:\/\/api.w.org\/{rel}","templated":true}]}}