{"id":41291,"date":"2025-04-17T12:07:57","date_gmt":"2025-04-17T15:07:57","guid":{"rendered":"https:\/\/jornalvaleevangelico.com.br\/?p=41291"},"modified":"2025-04-17T12:07:57","modified_gmt":"2025-04-17T15:07:57","slug":"apos-escandalo-nikolas-propoe-convocar-ex-assessor-de-moraes","status":"publish","type":"post","link":"https:\/\/jornalvaleevangelico.com.br\/index.php\/2025\/04\/17\/apos-escandalo-nikolas-propoe-convocar-ex-assessor-de-moraes\/","title":{"rendered":"Ap\u00f3s esc\u00e2ndalo, Nikolas prop\u00f5e convocar ex-assessor de Moraes"},"content":{"rendered":"\n<h2 class=\"wp-block-heading\">Tagliaferro teria demonstrado temor de \u201cser morto\u201d caso revelasse o que sabia sobre os bastidores do Justi\u00e7a Eleitoral<\/h2>\n\n\n\n<p>Mensagens reveladas em relat\u00f3rio da Pol\u00edcia Federal (PF), e divulgadas pela Gazeta do Povo, apontam que Eduardo Tagliaferro, ex-assessor do ministro Alexandre de Moraes, teria demonstrado temor de \u201cser morto\u201d caso revelasse o que sabia sobre os bastidores da Justi\u00e7a Eleitoral e do Supremo Tribunal Federal.<\/p>\n\n\n\n<p>As conversas atribu\u00eddas a Tagliaferro levantam s\u00e9rias d\u00favidas sobre a atua\u00e7\u00e3o da Assessoria Especial de Enfrentamento \u00e0 Desinforma\u00e7\u00e3o do TSE, \u00f3rg\u00e3o que esteve envolvido em a\u00e7\u00f5es de cerceamentos a parlamentares e vozes conservadoras durante o \u00faltimo ciclo eleitoral.<\/p>\n\n\n\n<p>Diante da gravidade das revela\u00e7\u00f5es, ser\u00e1 apresentado um requerimento de convoca\u00e7\u00e3o para que Eduardo Tagliaferro preste esclarecimentos \u00e0 Comiss\u00e3o de Fiscaliza\u00e7\u00e3o Financeira e Controle da C\u00e2mara dos Deputados.<\/p>\n\n\n\n<p>\u2013 O Brasil precisa conhecer a verdade. As recentes mensagens lan\u00e7am luz sobre poss\u00edveis abusos de autoridade e a\u00e7\u00f5es incompat\u00edveis com o Estado Democr\u00e1tico de Direito. A sociedade merece respostas transparentes \u2013 afirmou o deputado.<\/p>\n\n\n\n<p>A medida busca garantir o respeito \u00e0s liberdades individuais, a integridade das institui\u00e7\u00f5es e o direito da popula\u00e7\u00e3o de ter acesso \u00e0s informa\u00e7\u00f5es que envolvem diretamente o processo democr\u00e1tico brasileiro.<\/p>\n\n\n\n<p>Nas redes sociais, nesta quarta-feira (16), Nikolas exp\u00f4s sua preocupa\u00e7\u00e3o com o esc\u00e2ndalo.<\/p>\n\n\n\n<figure class=\"wp-block-image size-full\"><img fetchpriority=\"high\" decoding=\"async\" width=\"588\" height=\"641\" src=\"https:\/\/jornalvaleevangelico.com.br\/wp-content\/uploads\/2025\/04\/Eduardo.jpg\" alt=\"\" class=\"wp-image-41292\" srcset=\"https:\/\/jornalvaleevangelico.com.br\/wp-content\/uploads\/2025\/04\/Eduardo.jpg 588w, https:\/\/jornalvaleevangelico.com.br\/wp-content\/uploads\/2025\/04\/Eduardo-275x300.jpg 275w\" sizes=\"(max-width: 588px) 100vw, 588px\" \/><\/figure>\n\n\n\n<h6 class=\"wp-block-heading\">Fonte: Pleno.News Marcos Melo &#8211;\u00a016\/04\/2025\u00a020h23 | atualizado em 17\/04\/2025 11h00<\/h6>\n<div class=\"jorna-rodape jorna-entity-placement\" id=\"jorna-2965409036\"><div id=\"jorna-1555238886\"><a href=\"https:\/\/gkscontabilidade.com\/\" aria-label=\"GKS Contabilidade\"><img src=\"https:\/\/jornalvaleevangelico.com.br\/wp-content\/uploads\/2023\/05\/GKS-Contabilidade.jpeg\" alt=\"\"  srcset=\"https:\/\/jornalvaleevangelico.com.br\/wp-content\/uploads\/2023\/05\/GKS-Contabilidade.jpeg 1600w, https:\/\/jornalvaleevangelico.com.br\/wp-content\/uploads\/2023\/05\/GKS-Contabilidade-300x65.jpeg 300w, https:\/\/jornalvaleevangelico.com.br\/wp-content\/uploads\/2023\/05\/GKS-Contabilidade-1024x223.jpeg 1024w, https:\/\/jornalvaleevangelico.com.br\/wp-content\/uploads\/2023\/05\/GKS-Contabilidade-768x168.jpeg 768w, https:\/\/jornalvaleevangelico.com.br\/wp-content\/uploads\/2023\/05\/GKS-Contabilidade-1536x335.jpeg 1536w\" sizes=\"(max-width: 1600px) 100vw, 1600px\" width=\"1600\" height=\"349\"   \/><\/a><\/div><\/div>","protected":false},"excerpt":{"rendered":"<p>Tagliaferro teria demonstrado temor de \u201cser morto\u201d caso revelasse o que sabia sobre os bastidores&#8230;<\/p>\n","protected":false},"author":2,"featured_media":41293,"comment_status":"open","ping_status":"open","sticky":false,"template":"","format":"standard","meta":{"_mi_skip_tracking":false,"_monsterinsights_sitenote_active":false,"_monsterinsights_sitenote_note":"","_monsterinsights_sitenote_category":0,"footnotes":""},"categories":[2,13],"tags":[],"class_list":["post-41291","post","type-post","status-publish","format-standard","has-post-thumbnail","hentry","category-noticia","category-politica"],"_links":{"self":[{"href":"https:\/\/jornalvaleevangelico.com.br\/index.php\/wp-json\/wp\/v2\/posts\/41291","targetHints":{"allow":["GET"]}}],"collection":[{"href":"https:\/\/jornalvaleevangelico.com.br\/index.php\/wp-json\/wp\/v2\/posts"}],"about":[{"href":"https:\/\/jornalvaleevangelico.com.br\/index.php\/wp-json\/wp\/v2\/types\/post"}],"author":[{"embeddable":true,"href":"https:\/\/jornalvaleevangelico.com.br\/index.php\/wp-json\/wp\/v2\/users\/2"}],"replies":[{"embeddable":true,"href":"https:\/\/jornalvaleevangelico.com.br\/index.php\/wp-json\/wp\/v2\/comments?post=41291"}],"version-history":[{"count":1,"href":"https:\/\/jornalvaleevangelico.com.br\/index.php\/wp-json\/wp\/v2\/posts\/41291\/revisions"}],"predecessor-version":[{"id":41294,"href":"https:\/\/jornalvaleevangelico.com.br\/index.php\/wp-json\/wp\/v2\/posts\/41291\/revisions\/41294"}],"wp:featuredmedia":[{"embeddable":true,"href":"https:\/\/jornalvaleevangelico.com.br\/index.php\/wp-json\/wp\/v2\/media\/41293"}],"wp:attachment":[{"href":"https:\/\/jornalvaleevangelico.com.br\/index.php\/wp-json\/wp\/v2\/media?parent=41291"}],"wp:term":[{"taxonomy":"category","embeddable":true,"href":"https:\/\/jornalvaleevangelico.com.br\/index.php\/wp-json\/wp\/v2\/categories?post=41291"},{"taxonomy":"post_tag","embeddable":true,"href":"https:\/\/jornalvaleevangelico.com.br\/index.php\/wp-json\/wp\/v2\/tags?post=41291"}],"curies":[{"name":"wp","href":"https:\/\/api.w.org\/{rel}","templated":true}]}}