{"id":41297,"date":"2025-04-22T17:32:32","date_gmt":"2025-04-22T20:32:32","guid":{"rendered":"https:\/\/jornalvaleevangelico.com.br\/?p=41297"},"modified":"2025-04-22T18:51:31","modified_gmt":"2025-04-22T21:51:31","slug":"funeral-do-papa-francisco-acontecera-no-sabado-26","status":"publish","type":"post","link":"https:\/\/jornalvaleevangelico.com.br\/index.php\/2025\/04\/22\/funeral-do-papa-francisco-acontecera-no-sabado-26\/","title":{"rendered":"Funeral do papa Francisco acontecer\u00e1 no s\u00e1bado (26)"},"content":{"rendered":"\n<h2 class=\"wp-block-heading\">Pont\u00edfice morreu aos 88 anos, nesta segunda-feira (21), em decorr\u00eancia de um acidente vascular cerebral (AVC) e insufici\u00eancia card\u00edaca <\/h2>\n\n\n\n<h6 class=\"wp-block-heading\">Ap\u00f3s uma reuni\u00e3o de cardeais nesta manh\u00e3 (22), o Departamento de Celebra\u00e7\u00f5es Lit\u00fargicas do Vaticano anunciou que o funeral do papa Francisco acontecer\u00e1 \u00e0s 5h do pr\u00f3ximo s\u00e1bado (26), 10h no hor\u00e1rio local de Roma.<\/h6>\n\n\n\n<p>A Santa Missa Exequial ser\u00e1 na Bas\u00edlica de S\u00e3o Pedro, presidida pelo cardeal Giovanni Battista. E ap\u00f3s a missa f\u00fanebre, o corpo do pont\u00edfice seguir\u00e1 em prociss\u00e3o at\u00e9 a Bas\u00edlica de Santa Maria Maggiore, onde ser\u00e1 sepultado.<\/p>\n\n\n\n<p>Segundo o Vaticano, a cerim\u00f4nia segue as indica\u00e7\u00f5es estabelecidas no Ordo Exsequiarum Romani Pontificis, documento que rege os ritos funer\u00e1rios do Pont\u00edfice Romano.<\/p>\n\n\n\n<p>Jorge Mario Bergoglio, o papa Francisco, morreu aos 88 anos, em decorr\u00eancia de um acidente vascular cerebral (AVC) e insufici\u00eancia card\u00edaca, nesta segunda-feira (21). Ele estava em sua resid\u00eancia em Santa Marta, na Cidade do Vaticano, onde se recuperava de uma pneumonia nos dois pulm\u00f5es.<\/p>\n\n\n\n<p>O pont\u00edfice chegou a ficar 38 dias&nbsp;<a href=\"https:\/\/www.cpadnews.com.br\/vaticano-convoca-o-povo-a-orar-pela-saude-do-papa\/\" target=\"_blank\" rel=\"noreferrer noopener\">internado no Hospital Gemelli<\/a>, em Roma, e recebeu alta no \u00faltimo dia 23 de mar\u00e7o.<\/p>\n\n\n\n<p>Francisco, que ocupou o cargo m\u00e1ximo da Igreja Cat\u00f3lica por 12 anos, ser\u00e1 enterrado na Bas\u00edlica de Santa Maria Maggiore, em Roma, e n\u00e3o na Bas\u00edlica de S\u00e3o Pedro, no Vaticano. A \u00faltima vez que isso aconteceu foi em 1903, com o enterro do papa Le\u00e3o XIII.<\/p>\n\n\n\n<p><em>Reda\u00e7\u00e3o CPAD News\/ Com informa\u00e7\u00f5es Vatican News e G1<\/em><\/p>\n<div class=\"jorna-rodape jorna-entity-placement\" id=\"jorna-3778566452\"><div id=\"jorna-2271049717\"><a href=\"https:\/\/gkscontabilidade.com\/\" aria-label=\"GKS Contabilidade\"><img src=\"https:\/\/jornalvaleevangelico.com.br\/wp-content\/uploads\/2023\/05\/GKS-Contabilidade.jpeg\" alt=\"\"  srcset=\"https:\/\/jornalvaleevangelico.com.br\/wp-content\/uploads\/2023\/05\/GKS-Contabilidade.jpeg 1600w, https:\/\/jornalvaleevangelico.com.br\/wp-content\/uploads\/2023\/05\/GKS-Contabilidade-300x65.jpeg 300w, https:\/\/jornalvaleevangelico.com.br\/wp-content\/uploads\/2023\/05\/GKS-Contabilidade-1024x223.jpeg 1024w, https:\/\/jornalvaleevangelico.com.br\/wp-content\/uploads\/2023\/05\/GKS-Contabilidade-768x168.jpeg 768w, https:\/\/jornalvaleevangelico.com.br\/wp-content\/uploads\/2023\/05\/GKS-Contabilidade-1536x335.jpeg 1536w\" sizes=\"(max-width: 1600px) 100vw, 1600px\" width=\"1600\" height=\"349\"   \/><\/a><\/div><\/div>","protected":false},"excerpt":{"rendered":"<p>Pont\u00edfice morreu aos 88 anos, nesta segunda-feira (21), em decorr\u00eancia de um acidente vascular cerebral&#8230;<\/p>\n","protected":false},"author":2,"featured_media":41298,"comment_status":"open","ping_status":"open","sticky":false,"template":"","format":"standard","meta":{"_mi_skip_tracking":false,"_monsterinsights_sitenote_active":false,"_monsterinsights_sitenote_note":"","_monsterinsights_sitenote_category":0,"footnotes":""},"categories":[15,2],"tags":[],"class_list":["post-41297","post","type-post","status-publish","format-standard","has-post-thumbnail","hentry","category-mundo-cristao","category-noticia"],"_links":{"self":[{"href":"https:\/\/jornalvaleevangelico.com.br\/index.php\/wp-json\/wp\/v2\/posts\/41297","targetHints":{"allow":["GET"]}}],"collection":[{"href":"https:\/\/jornalvaleevangelico.com.br\/index.php\/wp-json\/wp\/v2\/posts"}],"about":[{"href":"https:\/\/jornalvaleevangelico.com.br\/index.php\/wp-json\/wp\/v2\/types\/post"}],"author":[{"embeddable":true,"href":"https:\/\/jornalvaleevangelico.com.br\/index.php\/wp-json\/wp\/v2\/users\/2"}],"replies":[{"embeddable":true,"href":"https:\/\/jornalvaleevangelico.com.br\/index.php\/wp-json\/wp\/v2\/comments?post=41297"}],"version-history":[{"count":1,"href":"https:\/\/jornalvaleevangelico.com.br\/index.php\/wp-json\/wp\/v2\/posts\/41297\/revisions"}],"predecessor-version":[{"id":41299,"href":"https:\/\/jornalvaleevangelico.com.br\/index.php\/wp-json\/wp\/v2\/posts\/41297\/revisions\/41299"}],"wp:featuredmedia":[{"embeddable":true,"href":"https:\/\/jornalvaleevangelico.com.br\/index.php\/wp-json\/wp\/v2\/media\/41298"}],"wp:attachment":[{"href":"https:\/\/jornalvaleevangelico.com.br\/index.php\/wp-json\/wp\/v2\/media?parent=41297"}],"wp:term":[{"taxonomy":"category","embeddable":true,"href":"https:\/\/jornalvaleevangelico.com.br\/index.php\/wp-json\/wp\/v2\/categories?post=41297"},{"taxonomy":"post_tag","embeddable":true,"href":"https:\/\/jornalvaleevangelico.com.br\/index.php\/wp-json\/wp\/v2\/tags?post=41297"}],"curies":[{"name":"wp","href":"https:\/\/api.w.org\/{rel}","templated":true}]}}