{"id":41300,"date":"2025-04-22T18:57:24","date_gmt":"2025-04-22T21:57:24","guid":{"rendered":"https:\/\/jornalvaleevangelico.com.br\/?p=41300"},"modified":"2025-04-22T18:57:24","modified_gmt":"2025-04-22T21:57:24","slug":"mais-de-500-pessoas-sao-batizadas-no-domingo-de-pascoa-em-mocambique","status":"publish","type":"post","link":"https:\/\/jornalvaleevangelico.com.br\/index.php\/2025\/04\/22\/mais-de-500-pessoas-sao-batizadas-no-domingo-de-pascoa-em-mocambique\/","title":{"rendered":"Mais de 500 pessoas s\u00e3o batizadas no domingo de P\u00e1scoa em Mo\u00e7ambique"},"content":{"rendered":"\n<h2 class=\"wp-block-heading\">Pessoas de diferentes idades testemunharam publicamente sua f\u00e9 no norte do pa\u00eds.<\/h2>\n\n\n\n<p>No \u00faltimo domingo (20), mais de 500 pessoas foram batizadas em uma praia no norte de Mo\u00e7ambique em comemora\u00e7\u00e3o \u00e0 P\u00e1scoa.<\/p>\n\n\n\n<p>O batismo foi realizado pela miss\u00e3o&nbsp;<a href=\"https:\/\/www.guiame.com.br\/busca?termo=Iris+Global\"><strong>Iris Global<\/strong><\/a>&nbsp;e contou com a presen\u00e7a da fundadora,&nbsp;<a href=\"https:\/\/www.guiame.com.br\/busca?termo=Heidi+Baker\"><strong>Heidi Baker<\/strong><\/a>.<\/p>\n\n\n\n<p>\u201cQue a P\u00e1scoa seja repleta da alegria de Jesus! N\u00f3s batizamos pouco mais de 500 pessoas hoje\u201d, disse Heidi no Instagram.&nbsp;<\/p>\n\n\n\n<p>Pessoas de diferentes idades se reuniram no local para testemunhar publicamente sua f\u00e9 em Jesus por meio do batismo.<\/p>\n\n\n\n<p>\u201cO Senhor est\u00e1 derramando sua presen\u00e7a no norte de Mo\u00e7ambique e nossa gratid\u00e3o \u00e9 para sempre\u201d, afirmou a mission\u00e1ria.<\/p>\n\n\n\n<p>O evangelista e m\u00fasico americano&nbsp;<a href=\"https:\/\/www.guiame.com.br\/busca?termo=Sean+Feucht\"><strong>Sean Feucht<\/strong><\/a>, tamb\u00e9m esteve no local e compartilhou como foi participar dessa experi\u00eancia no pa\u00eds:<\/p>\n\n\n\n<p>\u201cDa morte para a vida. Esse foi um domingo de P\u00e1scoa na \u00c1frica que nunca vou esquecer. Dan\u00e7amos, adoramos e depois realizamos um batismo em massa de novos convertidos no oceano\u201d.<\/p>\n\n\n\n<p>Conforme Sean, o \u201cbatismo em massa\u201d durou cerca de 2 horas e ele testemunhou: \u201cObrigado Jesus por derrotar a morte e o pecado por todas as na\u00e7\u00f5es, tribo e l\u00edngua\u201d.<\/p>\n\n\n\n<p>Sean tamb\u00e9m relatou que o culto de P\u00e1scoa durou 5 horas ininterruptas e compartilhou: \u201cO poder de Deus est\u00e1 aqui. Estas s\u00e3o as vidas que correram para se entregar totalmente a Jesus pela primeira vez\u201d.<\/p>\n\n\n\n<p><strong>\u2018S\u00e3o minha inspira\u00e7\u00e3o\u2019<\/strong><\/p>\n\n\n\n<p>Al\u00e9m das a\u00e7\u00f5es de P\u00e1scoa, os mission\u00e1rios promoveram atividades evangel\u00edsticas com as v\u00edtimas do ciclone que atingiu a regi\u00e3o em dezembro passado.<\/p>\n\n\n\n<p>\u201cCantando, dan\u00e7ando e adorando com as crian\u00e7as nos restos mortais da sua aldeia em Mo\u00e7ambique devastada por um ciclone. No entanto, eles carregam tanta alegria! Vamos ajud\u00e1-los a reconstruir. Este \u00e9 o nosso mandato de Isa\u00edas 62\u201d, disse Sean. <\/p>\n\n\n\n<p>Em mar\u00e7o, Heidi compartilhou um v\u00eddeo de crist\u00e3os locais adorando a Deus em meio a devasta\u00e7\u00e3o causada pelo\u00a0<a href=\"https:\/\/www.guiame.com.br\/gospel\/missoes-acao-social\/ciclone-atinge-base-missionaria-do-iris-global-em-mocambique-e-lideres-pedem-oracao.html\"><strong>ciclone<\/strong><\/a>.<\/p>\n\n\n\n<p>\u201cMuitas dessas pessoas perderam telhados e casas no ciclone recente e mesmo assim carregam alegria indescrit\u00edvel e louvor a Deus em meio a condi\u00e7\u00f5es quase imposs\u00edveis. Eles s\u00e3o minha inspira\u00e7\u00e3o\u201d.<\/p>\n\n\n\n<p>\u201c\u00c9 o maior privil\u00e9gio da minha vida aprender coragem e verdadeira gratid\u00e3o com estas pessoas. Me sinto humilde por ter a oportunidade de orar com eles. Um enorme obrigado aos nossos doadores por nos ajudarem a alimentar e abrigar o m\u00e1ximo poss\u00edvel\u201d, acrescentou.<\/p>\n\n\n\n<p><strong>Iris Global<\/strong><\/p>\n\n\n\n<p>A Iris Global foi fundada nos Estados Unidos como uma organiza\u00e7\u00e3o dedicada a miss\u00f5es em 1980 por Rolland e Heidi Baker. Em 1995, o casal chegou a Mo\u00e7ambique, na \u00c1frica, onde concentram seu minist\u00e9rio desde ent\u00e3o.&nbsp;<\/p>\n\n\n\n<p>Inicialmente sediada nos EUA, a miss\u00e3o se expandiu para mais de 35 unidades em cerca de 20 pa\u00edses, lideradas por equipes de mission\u00e1rios e l\u00edderes locais.&nbsp;<\/p>\n\n\n\n<p>\u201cO que come\u00e7ou como um bando de jovens mendigos, ladr\u00f5es e delinquentes se desenvolveu, pelo poder do Esp\u00edrito Santo, em uma fam\u00edlia nacional unida, com milhares de igrejas e um amplo minist\u00e9rio que abrange escolas b\u00edblicas, centros infantis, assist\u00eancia a \u00f3rf\u00e3os na igreja, educa\u00e7\u00e3o prim\u00e1ria, cl\u00ednicas m\u00e9dicas, constantes campanhas evangel\u00edsticas e de cura, agricultura, perfura\u00e7\u00e3o de po\u00e7os e muito mais. Nossa vis\u00e3o no Senhor est\u00e1 em constante crescimento\u201d, informou o site da miss\u00e3o.<\/p>\n\n\n\n<p>Um dos mais recentes projetos da miss\u00e3o foi a inaugura\u00e7\u00e3o da Universidade Iris, em Pemba, Mo\u00e7ambique.&nbsp;<\/p>\n\n\n\n<p>A celebra\u00e7\u00e3o ocorreu no dia 25 de fevereiro, no campus universit\u00e1rio da miss\u00e3o: \u201cDepois de 21 anos de ora\u00e7\u00e3o e perseveran\u00e7a, o nosso sonho de proporcionar educa\u00e7\u00e3o superior no norte de Mo\u00e7ambique se tornou realidade. Mais de 500 alunos acabaram de come\u00e7ar o pr\u00f3ximo passo da sua jornada educacional connosco. Sabemos que Deus tem planos incr\u00edveis para eles. \u00c9 nossa alegria proporcionar educa\u00e7\u00e3o, discipulado e incentivo para que nossos alunos alcancem todo o seu potencial. Nada \u00e9 imposs\u00edvel para Deus\u201d.<\/p>\n\n\n\n<h6 class=\"wp-block-heading\"><strong>FONTE:<\/strong>\u00a0GUIAME <strong>ATUALIZADO:\u00a0<\/strong>TER\u00c7A-FEIRA, 22 DE ABRIL DE 2025 10:10<\/h6>\n<div class=\"jorna-rodape jorna-entity-placement\" id=\"jorna-3476609607\"><div id=\"jorna-3406430222\"><a href=\"https:\/\/gkscontabilidade.com\/\" aria-label=\"GKS Contabilidade\"><img src=\"https:\/\/jornalvaleevangelico.com.br\/wp-content\/uploads\/2023\/05\/GKS-Contabilidade.jpeg\" alt=\"\"  srcset=\"https:\/\/jornalvaleevangelico.com.br\/wp-content\/uploads\/2023\/05\/GKS-Contabilidade.jpeg 1600w, https:\/\/jornalvaleevangelico.com.br\/wp-content\/uploads\/2023\/05\/GKS-Contabilidade-300x65.jpeg 300w, https:\/\/jornalvaleevangelico.com.br\/wp-content\/uploads\/2023\/05\/GKS-Contabilidade-1024x223.jpeg 1024w, https:\/\/jornalvaleevangelico.com.br\/wp-content\/uploads\/2023\/05\/GKS-Contabilidade-768x168.jpeg 768w, https:\/\/jornalvaleevangelico.com.br\/wp-content\/uploads\/2023\/05\/GKS-Contabilidade-1536x335.jpeg 1536w\" sizes=\"(max-width: 1600px) 100vw, 1600px\" width=\"1600\" height=\"349\"   \/><\/a><\/div><\/div>","protected":false},"excerpt":{"rendered":"<p>Pessoas de diferentes idades testemunharam publicamente sua f\u00e9 no norte do pa\u00eds. No \u00faltimo domingo&#8230;<\/p>\n","protected":false},"author":2,"featured_media":41301,"comment_status":"open","ping_status":"open","sticky":false,"template":"","format":"standard","meta":{"_mi_skip_tracking":false,"_monsterinsights_sitenote_active":false,"_monsterinsights_sitenote_note":"","_monsterinsights_sitenote_category":0,"footnotes":""},"categories":[7,15,2],"tags":[],"class_list":["post-41300","post","type-post","status-publish","format-standard","has-post-thumbnail","hentry","category-missoes","category-mundo-cristao","category-noticia"],"_links":{"self":[{"href":"https:\/\/jornalvaleevangelico.com.br\/index.php\/wp-json\/wp\/v2\/posts\/41300","targetHints":{"allow":["GET"]}}],"collection":[{"href":"https:\/\/jornalvaleevangelico.com.br\/index.php\/wp-json\/wp\/v2\/posts"}],"about":[{"href":"https:\/\/jornalvaleevangelico.com.br\/index.php\/wp-json\/wp\/v2\/types\/post"}],"author":[{"embeddable":true,"href":"https:\/\/jornalvaleevangelico.com.br\/index.php\/wp-json\/wp\/v2\/users\/2"}],"replies":[{"embeddable":true,"href":"https:\/\/jornalvaleevangelico.com.br\/index.php\/wp-json\/wp\/v2\/comments?post=41300"}],"version-history":[{"count":1,"href":"https:\/\/jornalvaleevangelico.com.br\/index.php\/wp-json\/wp\/v2\/posts\/41300\/revisions"}],"predecessor-version":[{"id":41302,"href":"https:\/\/jornalvaleevangelico.com.br\/index.php\/wp-json\/wp\/v2\/posts\/41300\/revisions\/41302"}],"wp:featuredmedia":[{"embeddable":true,"href":"https:\/\/jornalvaleevangelico.com.br\/index.php\/wp-json\/wp\/v2\/media\/41301"}],"wp:attachment":[{"href":"https:\/\/jornalvaleevangelico.com.br\/index.php\/wp-json\/wp\/v2\/media?parent=41300"}],"wp:term":[{"taxonomy":"category","embeddable":true,"href":"https:\/\/jornalvaleevangelico.com.br\/index.php\/wp-json\/wp\/v2\/categories?post=41300"},{"taxonomy":"post_tag","embeddable":true,"href":"https:\/\/jornalvaleevangelico.com.br\/index.php\/wp-json\/wp\/v2\/tags?post=41300"}],"curies":[{"name":"wp","href":"https:\/\/api.w.org\/{rel}","templated":true}]}}