{"id":41311,"date":"2025-04-23T18:39:40","date_gmt":"2025-04-23T21:39:40","guid":{"rendered":"https:\/\/jornalvaleevangelico.com.br\/?p=41311"},"modified":"2025-04-23T18:39:40","modified_gmt":"2025-04-23T21:39:40","slug":"homem-e-curado-de-cancer-apos-oracao-da-filha-de-4-anos-o-ceu-se-moveu","status":"publish","type":"post","link":"https:\/\/jornalvaleevangelico.com.br\/index.php\/2025\/04\/23\/homem-e-curado-de-cancer-apos-oracao-da-filha-de-4-anos-o-ceu-se-moveu\/","title":{"rendered":"Homem \u00e9 curado de c\u00e2ncer ap\u00f3s ora\u00e7\u00e3o da filha de 4 anos: \u201cO C\u00e9u se moveu\u201d"},"content":{"rendered":"\n<h2 class=\"wp-block-heading\">Ap\u00f3s lutar contra um tumor maligno na garganta, Leonardo Martins foi milagrosamente curado, no Rio de Janeiro.<\/h2>\n\n\n\n<p>Um homem foi milagrosamente curado de um c\u00e2ncer ap\u00f3s sua filha de apenas 4 anos clamar a Deus em&nbsp;<a href=\"https:\/\/guiame.com.br\/gospel\/mundo-cristao\/criancas-oram-umas-pelas-outras-apos-saberem-que-colegas-estavam-doentes.html\"><strong>ora\u00e7\u00e3o<\/strong><\/a>, no Rio de Janeiro.<\/p>\n\n\n\n<p>Leonardo Martins foi diagnosticado com um tumor maligno na garganta em 2023. O crist\u00e3o, que \u00e9 pregador da Palavra, precisou ser internado no hospital quatro vezes, passou por duas cirurgias e v\u00e1rias sess\u00f5es de quimioterapia.<\/p>\n\n\n\n<p>Durante a luta contra a doen\u00e7a, ele contou com as ora\u00e7\u00f5es de sua igreja, pastores, amigos e fam\u00edlia.&nbsp;<\/p>\n\n\n\n<p>Al\u00e9m disso, Leonardo e a esposa, Fl\u00e1via Joyce, foram surpreendidos pela ora\u00e7\u00e3o sincera de sua filha Rebecca.<\/p>\n\n\n\n<p>\u201cUm dia voltando de mais uma quimioterapia, nossa filha Rebecca, tomada pelo Esp\u00edrito Santo de Deus, se ajoelhou ao lado do meu esposo e come\u00e7ou a fazer essa ora\u00e7\u00e3o\u201d, relatou Fl\u00e1via, em uma postagem do v\u00eddeo do momento no Instagram.<\/p>\n\n\n\n<p>\u201cSe meu pai virar \u2018estrelinha\u2019, quero virar junto com ele. Eu estou muito triste. Eu gosto muito do meu pai. Gosto muito do meu pai perto de mim. Eu pe\u00e7o, Jesus, que n\u00e3o leve ele para o C\u00e9u. Por favor, Jesus, am\u00e9m\u201d, orou a&nbsp;<a href=\"https:\/\/guiame.com.br\/gospel\/mundo-cristao\/de-joelhos-e-ao-lado-da-biblia-menina-chora-e-pede-espirito-santo-me-ensine-orar\"><strong>menina<\/strong><\/a>, em l\u00e1grimas.<\/p>\n\n\n\n<p>E a m\u00e3e explicou: \u201cNingu\u00e9m pediu, ela mesma teve a iniciativa porque aprendeu na igreja e em casa que o nosso Deus ouvia a ora\u00e7\u00e3o. Imediatamente Leonardo come\u00e7ou a gravar\u201d.<\/p>\n\n\n\n<p>Em junho de 2024, o pai de Rebecca testemunhou que estava livre do c\u00e2ncer. Para Fl\u00e1via, foi a ora\u00e7\u00e3o sincera e pura da filha que gerou o milagre.<\/p>\n\n\n\n<p>\u201cN\u00e3o tenho d\u00favidas de que nesse dia o C\u00e9u se moveu e por isso vivemos o milagre da vida. Tenho certeza que foi por conta da ora\u00e7\u00e3o da nossa filha\u201d, disse a m\u00e3e.<\/p>\n\n\n\n<p>E acrescentou: \u201cRebecca \u00e9 um milagre divino. Os m\u00e9dicos diziam que eu n\u00e3o poderia engravidar e o Senhor nos aben\u00e7oou com uma profetiza cheia de f\u00e9, que levar\u00e1 a tua Palavra por onde passar\u201d.<\/p>\n\n\n\n<h6 class=\"wp-block-heading\"><strong>Fonte:<\/strong>\u00a0Guiame <strong>Atualizado:\u00a0<\/strong>quarta-feira, 23 de abril de 2025 \u00e0s 09:47<\/h6>\n<div class=\"jorna-rodape jorna-entity-placement\" id=\"jorna-2791376828\"><div id=\"jorna-424055362\"><a href=\"https:\/\/gkscontabilidade.com\/\" aria-label=\"GKS Contabilidade\"><img src=\"https:\/\/jornalvaleevangelico.com.br\/wp-content\/uploads\/2023\/05\/GKS-Contabilidade.jpeg\" alt=\"\"  srcset=\"https:\/\/jornalvaleevangelico.com.br\/wp-content\/uploads\/2023\/05\/GKS-Contabilidade.jpeg 1600w, https:\/\/jornalvaleevangelico.com.br\/wp-content\/uploads\/2023\/05\/GKS-Contabilidade-300x65.jpeg 300w, https:\/\/jornalvaleevangelico.com.br\/wp-content\/uploads\/2023\/05\/GKS-Contabilidade-1024x223.jpeg 1024w, https:\/\/jornalvaleevangelico.com.br\/wp-content\/uploads\/2023\/05\/GKS-Contabilidade-768x168.jpeg 768w, https:\/\/jornalvaleevangelico.com.br\/wp-content\/uploads\/2023\/05\/GKS-Contabilidade-1536x335.jpeg 1536w\" sizes=\"(max-width: 1600px) 100vw, 1600px\" width=\"1600\" height=\"349\"   \/><\/a><\/div><\/div>","protected":false},"excerpt":{"rendered":"<p>Ap\u00f3s lutar contra um tumor maligno na garganta, Leonardo Martins foi milagrosamente curado, no Rio&#8230;<\/p>\n","protected":false},"author":2,"featured_media":41312,"comment_status":"open","ping_status":"open","sticky":false,"template":"","format":"standard","meta":{"_mi_skip_tracking":false,"_monsterinsights_sitenote_active":false,"_monsterinsights_sitenote_note":"","_monsterinsights_sitenote_category":0,"footnotes":""},"categories":[15,6],"tags":[],"class_list":["post-41311","post","type-post","status-publish","format-standard","has-post-thumbnail","hentry","category-mundo-cristao","category-testemunho"],"_links":{"self":[{"href":"https:\/\/jornalvaleevangelico.com.br\/index.php\/wp-json\/wp\/v2\/posts\/41311","targetHints":{"allow":["GET"]}}],"collection":[{"href":"https:\/\/jornalvaleevangelico.com.br\/index.php\/wp-json\/wp\/v2\/posts"}],"about":[{"href":"https:\/\/jornalvaleevangelico.com.br\/index.php\/wp-json\/wp\/v2\/types\/post"}],"author":[{"embeddable":true,"href":"https:\/\/jornalvaleevangelico.com.br\/index.php\/wp-json\/wp\/v2\/users\/2"}],"replies":[{"embeddable":true,"href":"https:\/\/jornalvaleevangelico.com.br\/index.php\/wp-json\/wp\/v2\/comments?post=41311"}],"version-history":[{"count":1,"href":"https:\/\/jornalvaleevangelico.com.br\/index.php\/wp-json\/wp\/v2\/posts\/41311\/revisions"}],"predecessor-version":[{"id":41313,"href":"https:\/\/jornalvaleevangelico.com.br\/index.php\/wp-json\/wp\/v2\/posts\/41311\/revisions\/41313"}],"wp:featuredmedia":[{"embeddable":true,"href":"https:\/\/jornalvaleevangelico.com.br\/index.php\/wp-json\/wp\/v2\/media\/41312"}],"wp:attachment":[{"href":"https:\/\/jornalvaleevangelico.com.br\/index.php\/wp-json\/wp\/v2\/media?parent=41311"}],"wp:term":[{"taxonomy":"category","embeddable":true,"href":"https:\/\/jornalvaleevangelico.com.br\/index.php\/wp-json\/wp\/v2\/categories?post=41311"},{"taxonomy":"post_tag","embeddable":true,"href":"https:\/\/jornalvaleevangelico.com.br\/index.php\/wp-json\/wp\/v2\/tags?post=41311"}],"curies":[{"name":"wp","href":"https:\/\/api.w.org\/{rel}","templated":true}]}}