{"id":41314,"date":"2025-04-23T18:51:28","date_gmt":"2025-04-23T21:51:28","guid":{"rendered":"https:\/\/jornalvaleevangelico.com.br\/?p=41314"},"modified":"2025-04-23T18:51:28","modified_gmt":"2025-04-23T21:51:28","slug":"presidente-do-inss-afastado-por-fraude-foi-nomeado-por-lula","status":"publish","type":"post","link":"https:\/\/jornalvaleevangelico.com.br\/index.php\/2025\/04\/23\/presidente-do-inss-afastado-por-fraude-foi-nomeado-por-lula\/","title":{"rendered":"Presidente do INSS afastado por fraude foi nomeado por Lula"},"content":{"rendered":"\n<h2 class=\"wp-block-heading\">Alessandro Stefanutto chefiava o \u00f3rg\u00e3o desde julho de 2023<\/h2>\n\n\n\n<p>Uma decis\u00e3o judicial afastou do cargo, nesta quarta-feira (23), Alessandro Stefanutto, que ocupava desde 2023 a fun\u00e7\u00e3o de presidente do Instituto Nacional do Seguro Social (<a href=\"https:\/\/pleno.news\/tag\/inss\" target=\"_blank\" rel=\"noreferrer noopener\">INSS<\/a>). A medida ocorre em meio a uma opera\u00e7\u00e3o da Pol\u00edcia Federal (PF) para desarticular um esquema nacional respons\u00e1vel por fazer descontos n\u00e3o autorizados em aposentadorias e pens\u00f5es que chegaram a R$ 6,3 bilh\u00f5es.<\/p>\n\n\n\n<p>Stefanutto foi nomeado pelo presidente&nbsp;<a href=\"https:\/\/pleno.news\/tag\/lula\" target=\"_blank\" rel=\"noreferrer noopener\">Luiz In\u00e1cio Lula da Silva<\/a>&nbsp;(PT) no dia 5 de julho de 2023 para chefiar o INSS, ap\u00f3s indica\u00e7\u00e3o do ministro da Previd\u00eancia Social, Carlos Lupi (PDT), que na \u00e9poca da posse de Stefanutto teceu elogios ao subordinado, dizendo que ele n\u00e3o se deixava \u201cdobrar por interesses menores\u201d.<\/p>\n\n\n\n<p>\u2013 Continue esse homem reto, leal \u00e0 causa p\u00fablica e, principalmente, que n\u00e3o se deixa dobrar por interesses menores. Quem ganha \u00e9 o povo brasileiro, \u00e9 o INSS, somos todos n\u00f3s \u2013 disse Lupi, \u00e0 \u00e9poca da nomea\u00e7\u00e3o.<\/p>\n\n\n\n<p>Antes de assumir a presid\u00eancia do INSS, Stefanutto esteve \u00e0 frente da Procuradoria-Federal Especializada junto ao INSS durante seis anos, de 2011 a 2017. Sua forma\u00e7\u00e3o inicial tamb\u00e9m inclui passagens pelo Col\u00e9gio Naval e pela Escola Naval, onde ficou de 1988 at\u00e9 1992. Depois, cursou Direito pela Universidade Mackenzie, onde se formou em 1998.<\/p>\n\n\n\n<p>Stefanutto tem dois mestrados. O primeiro, em 2013, foi obtido junto \u00e0 Universidade de Alcal\u00e1, em Madri, onde conseguiu o t\u00edtulo de mestre em gest\u00e3o e sistemas de seguridade social. O segundo, mais recente, foi conclu\u00eddo em 2024, em direito internacional pela Universidade de Lisboa.<\/p>\n\n\n\n<p>Ao longo de sua carreira, Stefanutto acumulou experi\u00eancia em diferentes \u00f3rg\u00e3os e fun\u00e7\u00f5es. Iniciou sua trajet\u00f3ria no Tribunal de Justi\u00e7a de S\u00e3o Paulo. Depois foi t\u00e9cnico da Receita Federal, com foco nas \u00e1reas aduaneira e de tributos internos, chegando a ser assistente do Superintendente Regional de S\u00e3o Paulo. Mais tarde foi aprovado para o cargo de Procurador Aut\u00e1rquico Federal.<\/p>\n\n\n\n<p>Stefanutto est\u00e1 no INSS desde 2000, quando foi aprovado para atuar em S\u00e3o Paulo. Mais tarde, assumiu cargos de confian\u00e7a na Procuradoria-Geral do \u00f3rg\u00e3o. Entre 2006 e 2009, liderou a Coordena\u00e7\u00e3o Geral de Administra\u00e7\u00e3o das Procuradorias do INSS, sendo respons\u00e1vel pela gest\u00e3o de 91 Procuradorias Seccionais e cinco Procuradorias Regionais.<\/p>\n\n\n\n<p>Entre 2011 e 2017, Alessandro Stefanutto ocupou o cargo de procurador-geral do INSS, sendo o principal respons\u00e1vel pela defesa judicial da Previd\u00eancia Social. Em mar\u00e7o de 2023, retornou ao INSS como diretor de Or\u00e7amento, Finan\u00e7as e Log\u00edstica, cargo que antecedeu sua nomea\u00e7\u00e3o como presidente da autarquia em julho de 2023.<\/p>\n\n\n\n<p><strong>SOBRE A A\u00c7\u00c3O DA PF<br><\/strong>Deflagrada nesta quarta-feira (23), a Opera\u00e7\u00e3o Sem Desconto tem o objetivo de combater um esquema nacional de descontos associativos n\u00e3o autorizados em aposentadorias e pens\u00f5es. A investiga\u00e7\u00e3o conta com cerca de 700 policiais federais e 80 servidores da Controladoria-Geral da Uni\u00e3o (CGU).<\/p>\n\n\n\n<p>Os agentes iniciaram esta quarta com a miss\u00e3o de cumprir 211 mandados judiciais de busca e apreens\u00e3o, ordens de sequestro de bens no valor de mais de R$ 1 bilh\u00e3o e seis mandados de pris\u00e3o tempor\u00e1ria no Distrito Federal e nos seguintes estados: Alagoas, Amazonas, Cear\u00e1, Goi\u00e1s, Maranh\u00e3o, Mato Grosso do Sul, Minas Gerais, Paran\u00e1, Pernambuco, Rio Grande do Norte, Rio Grande do Sul, S\u00e3o Paulo e Sergipe.<\/p>\n\n\n\n<p>As investiga\u00e7\u00f5es da PF revelaram descontos irregulares de mensalidades associativas nos benef\u00edcios do INSS, como aposentadorias e pens\u00f5es. Estima-se que, entre 2019 e 2024, essas cobran\u00e7as indevidas totalizaram R$ 6,3 bilh\u00f5es. Os envolvidos podem ser responsabilizados por corrup\u00e7\u00e3o ativa e passiva, viola\u00e7\u00e3o de sigilo funcional, falsifica\u00e7\u00e3o de documentos, organiza\u00e7\u00e3o criminosa e lavagem de dinheiro.<\/p>\n\n\n\n<h6 class=\"wp-block-heading\">Pleno.News &#8211;\u00a023\/04\/2025\u00a014h45 | atualizado em 23\/04\/2025 16h55<\/h6>\n<div class=\"jorna-rodape jorna-entity-placement\" id=\"jorna-4277944452\"><div id=\"jorna-3321235014\"><a href=\"https:\/\/gkscontabilidade.com\/\" aria-label=\"GKS Contabilidade\"><img src=\"https:\/\/jornalvaleevangelico.com.br\/wp-content\/uploads\/2023\/05\/GKS-Contabilidade.jpeg\" alt=\"\"  srcset=\"https:\/\/jornalvaleevangelico.com.br\/wp-content\/uploads\/2023\/05\/GKS-Contabilidade.jpeg 1600w, https:\/\/jornalvaleevangelico.com.br\/wp-content\/uploads\/2023\/05\/GKS-Contabilidade-300x65.jpeg 300w, https:\/\/jornalvaleevangelico.com.br\/wp-content\/uploads\/2023\/05\/GKS-Contabilidade-1024x223.jpeg 1024w, https:\/\/jornalvaleevangelico.com.br\/wp-content\/uploads\/2023\/05\/GKS-Contabilidade-768x168.jpeg 768w, https:\/\/jornalvaleevangelico.com.br\/wp-content\/uploads\/2023\/05\/GKS-Contabilidade-1536x335.jpeg 1536w\" sizes=\"(max-width: 1600px) 100vw, 1600px\" width=\"1600\" height=\"349\"   \/><\/a><\/div><\/div>","protected":false},"excerpt":{"rendered":"<p>Alessandro Stefanutto chefiava o \u00f3rg\u00e3o desde julho de 2023 Uma decis\u00e3o judicial afastou do cargo,&#8230;<\/p>\n","protected":false},"author":2,"featured_media":41315,"comment_status":"open","ping_status":"open","sticky":false,"template":"","format":"standard","meta":{"_mi_skip_tracking":false,"_monsterinsights_sitenote_active":false,"_monsterinsights_sitenote_note":"","_monsterinsights_sitenote_category":0,"footnotes":""},"categories":[2],"tags":[],"class_list":["post-41314","post","type-post","status-publish","format-standard","has-post-thumbnail","hentry","category-noticia"],"_links":{"self":[{"href":"https:\/\/jornalvaleevangelico.com.br\/index.php\/wp-json\/wp\/v2\/posts\/41314","targetHints":{"allow":["GET"]}}],"collection":[{"href":"https:\/\/jornalvaleevangelico.com.br\/index.php\/wp-json\/wp\/v2\/posts"}],"about":[{"href":"https:\/\/jornalvaleevangelico.com.br\/index.php\/wp-json\/wp\/v2\/types\/post"}],"author":[{"embeddable":true,"href":"https:\/\/jornalvaleevangelico.com.br\/index.php\/wp-json\/wp\/v2\/users\/2"}],"replies":[{"embeddable":true,"href":"https:\/\/jornalvaleevangelico.com.br\/index.php\/wp-json\/wp\/v2\/comments?post=41314"}],"version-history":[{"count":1,"href":"https:\/\/jornalvaleevangelico.com.br\/index.php\/wp-json\/wp\/v2\/posts\/41314\/revisions"}],"predecessor-version":[{"id":41316,"href":"https:\/\/jornalvaleevangelico.com.br\/index.php\/wp-json\/wp\/v2\/posts\/41314\/revisions\/41316"}],"wp:featuredmedia":[{"embeddable":true,"href":"https:\/\/jornalvaleevangelico.com.br\/index.php\/wp-json\/wp\/v2\/media\/41315"}],"wp:attachment":[{"href":"https:\/\/jornalvaleevangelico.com.br\/index.php\/wp-json\/wp\/v2\/media?parent=41314"}],"wp:term":[{"taxonomy":"category","embeddable":true,"href":"https:\/\/jornalvaleevangelico.com.br\/index.php\/wp-json\/wp\/v2\/categories?post=41314"},{"taxonomy":"post_tag","embeddable":true,"href":"https:\/\/jornalvaleevangelico.com.br\/index.php\/wp-json\/wp\/v2\/tags?post=41314"}],"curies":[{"name":"wp","href":"https:\/\/api.w.org\/{rel}","templated":true}]}}