{"id":41317,"date":"2025-04-23T18:55:12","date_gmt":"2025-04-23T21:55:12","guid":{"rendered":"https:\/\/jornalvaleevangelico.com.br\/?p=41317"},"modified":"2025-04-23T18:55:12","modified_gmt":"2025-04-23T21:55:12","slug":"istambul-e-atingida-por-terremoto-de-magnitude-62","status":"publish","type":"post","link":"https:\/\/jornalvaleevangelico.com.br\/index.php\/2025\/04\/23\/istambul-e-atingida-por-terremoto-de-magnitude-62\/","title":{"rendered":"Istambul \u00e9 atingida por terremoto de magnitude 6,2"},"content":{"rendered":"\n<h2 class=\"wp-block-heading\">Diversos pr\u00e9dios balan\u00e7aram na cidade turca. Relatos sobre danos ou feridos n\u00e3o foram divulgados<a href=\"https:\/\/www.facebook.com\/sharer.php?u=https%3A%2F%2Fwww.cpadnews.com.br%2Fistambul-e-atingida-por-terremoto-de-magnitude-62%2F\" target=\"_blank\" rel=\"noreferrer noopener\"><\/a><a href=\"https:\/\/twitter.com\/intent\/tweet?url=https%3A%2F%2Fwww.cpadnews.com.br%2Fistambul-e-atingida-por-terremoto-de-magnitude-62%2F&amp;text=Istambul%20%C3%A9%20atingida%20por%20terremoto%20de%20magnitude%206%2C2\" target=\"_blank\" rel=\"noreferrer noopener\"><\/a><a href=\"https:\/\/www.linkedin.com\/shareArticle?mini=true&amp;url=https%3A%2F%2Fwww.cpadnews.com.br%2Fistambul-e-atingida-por-terremoto-de-magnitude-62%2F\" target=\"_blank\" rel=\"noreferrer noopener\"><\/a><a href=\"https:\/\/wa.me\/?text=Istambul%20%C3%A9%20atingida%20por%20terremoto%20de%20magnitude%206%2C2%20https%3A%2F%2Fwww.cpadnews.com.br%2Fistambul-e-atingida-por-terremoto-de-magnitude-62%2F\" target=\"_blank\" rel=\"noreferrer noopener\"><\/a><\/h2>\n\n\n\n<p>Istambul, cidade turca que se divide entre a Europa e a \u00c1sia, foi atingida por um terremoto de magnitude 6,2, nesta quarta-feira (23). O Servi\u00e7o Geol\u00f3gico dos EUA (USGS) informou que o tremor ocorreu a uma profundidade de 21 km, aproximadamente \u00e0s 12h49 (hor\u00e1rio local).<\/p>\n\n\n\n<p>Por meio da rede social X, o ministro dos Transportes e Infraestrutura da Turquia, Abdulkadir Uralo\u011flu, informou que inspe\u00e7\u00f5es iniciais n\u00e3o revelaram danos ou condi\u00e7\u00f5es adversas nas rodovias, aeroportos, trens ou metr\u00f4s da Turquia.<\/p>\n\n\n\n<p>V\u00e1rios pr\u00e9dios balan\u00e7aram devido aos tremores. Relatos sobre danos ou feridos n\u00e3o foram divulgados.<\/p>\n\n\n\n<p><em>Reda\u00e7\u00e3o CPAD News \/ Com informa\u00e7\u00f5es: CNN Brasil<\/em><\/p>\n<div class=\"jorna-rodape jorna-entity-placement\" id=\"jorna-4263967187\"><div id=\"jorna-3091498958\"><a href=\"https:\/\/gkscontabilidade.com\/\" aria-label=\"GKS Contabilidade\"><img src=\"https:\/\/jornalvaleevangelico.com.br\/wp-content\/uploads\/2023\/05\/GKS-Contabilidade.jpeg\" alt=\"\"  srcset=\"https:\/\/jornalvaleevangelico.com.br\/wp-content\/uploads\/2023\/05\/GKS-Contabilidade.jpeg 1600w, https:\/\/jornalvaleevangelico.com.br\/wp-content\/uploads\/2023\/05\/GKS-Contabilidade-300x65.jpeg 300w, https:\/\/jornalvaleevangelico.com.br\/wp-content\/uploads\/2023\/05\/GKS-Contabilidade-1024x223.jpeg 1024w, https:\/\/jornalvaleevangelico.com.br\/wp-content\/uploads\/2023\/05\/GKS-Contabilidade-768x168.jpeg 768w, https:\/\/jornalvaleevangelico.com.br\/wp-content\/uploads\/2023\/05\/GKS-Contabilidade-1536x335.jpeg 1536w\" sizes=\"(max-width: 1600px) 100vw, 1600px\" width=\"1600\" height=\"349\"   \/><\/a><\/div><\/div>","protected":false},"excerpt":{"rendered":"<p>Diversos pr\u00e9dios balan\u00e7aram na cidade turca. Relatos sobre danos ou feridos n\u00e3o foram divulgados Istambul,&#8230;<\/p>\n","protected":false},"author":2,"featured_media":41318,"comment_status":"open","ping_status":"open","sticky":false,"template":"","format":"standard","meta":{"_mi_skip_tracking":false,"_monsterinsights_sitenote_active":false,"_monsterinsights_sitenote_note":"","_monsterinsights_sitenote_category":0,"footnotes":""},"categories":[8,2],"tags":[],"class_list":["post-41317","post","type-post","status-publish","format-standard","has-post-thumbnail","hentry","category-internacional","category-noticia"],"_links":{"self":[{"href":"https:\/\/jornalvaleevangelico.com.br\/index.php\/wp-json\/wp\/v2\/posts\/41317","targetHints":{"allow":["GET"]}}],"collection":[{"href":"https:\/\/jornalvaleevangelico.com.br\/index.php\/wp-json\/wp\/v2\/posts"}],"about":[{"href":"https:\/\/jornalvaleevangelico.com.br\/index.php\/wp-json\/wp\/v2\/types\/post"}],"author":[{"embeddable":true,"href":"https:\/\/jornalvaleevangelico.com.br\/index.php\/wp-json\/wp\/v2\/users\/2"}],"replies":[{"embeddable":true,"href":"https:\/\/jornalvaleevangelico.com.br\/index.php\/wp-json\/wp\/v2\/comments?post=41317"}],"version-history":[{"count":1,"href":"https:\/\/jornalvaleevangelico.com.br\/index.php\/wp-json\/wp\/v2\/posts\/41317\/revisions"}],"predecessor-version":[{"id":41319,"href":"https:\/\/jornalvaleevangelico.com.br\/index.php\/wp-json\/wp\/v2\/posts\/41317\/revisions\/41319"}],"wp:featuredmedia":[{"embeddable":true,"href":"https:\/\/jornalvaleevangelico.com.br\/index.php\/wp-json\/wp\/v2\/media\/41318"}],"wp:attachment":[{"href":"https:\/\/jornalvaleevangelico.com.br\/index.php\/wp-json\/wp\/v2\/media?parent=41317"}],"wp:term":[{"taxonomy":"category","embeddable":true,"href":"https:\/\/jornalvaleevangelico.com.br\/index.php\/wp-json\/wp\/v2\/categories?post=41317"},{"taxonomy":"post_tag","embeddable":true,"href":"https:\/\/jornalvaleevangelico.com.br\/index.php\/wp-json\/wp\/v2\/tags?post=41317"}],"curies":[{"name":"wp","href":"https:\/\/api.w.org\/{rel}","templated":true}]}}