{"id":41320,"date":"2025-04-23T19:33:38","date_gmt":"2025-04-23T22:33:38","guid":{"rendered":"https:\/\/jornalvaleevangelico.com.br\/?p=41320"},"modified":"2025-04-23T19:33:39","modified_gmt":"2025-04-23T22:33:39","slug":"prefeitura-de-ipatinga-garante-quatro-dias-de-festa-nos-61-anos-da-cidade","status":"publish","type":"post","link":"https:\/\/jornalvaleevangelico.com.br\/index.php\/2025\/04\/23\/prefeitura-de-ipatinga-garante-quatro-dias-de-festa-nos-61-anos-da-cidade\/","title":{"rendered":"Prefeitura de Ipatinga garante quatro dias de festa nos 61 Anos da cidade"},"content":{"rendered":"\n<h2 class=\"wp-block-heading\"><strong>Shows nacionais, seguran\u00e7a refor\u00e7ada e uma grande estrutura prometem movimentar Ipatinga de 26 a 29 de abril<\/strong><\/h2>\n\n\n\n<p>A cidade de Ipatinga, cora\u00e7\u00e3o do Vale do A\u00e7o, est\u00e1 pronta para viver quatro dias de pura emo\u00e7\u00e3o e alegria em comemora\u00e7\u00e3o aos seus 61 anos. Com uma estrutura nunca antes vista, a Prefeitura promete uma festa grandiosa, que come\u00e7a no s\u00e1bado (26) e vai at\u00e9 ter\u00e7a-feira (29), data oficial do anivers\u00e1rio. O evento, montado no estacionamento do est\u00e1dio Ipating\u00e3o, deve atrair mais de 25 mil pessoas por noite, al\u00e9m dos milhares de visitantes durante o dia, superando os 200 mil registrados em 2024 no Parque Ipanema. Prepare-se para shows inesquec\u00edveis, uma grande infraestrutura e, claro, a for\u00e7a de seguran\u00e7a ainda mais refor\u00e7ada com as Pol\u00edcias Civil, Militar e Municipal e Corpo de Bombeiros, al\u00e9m de centenas de seguran\u00e7as particulares.<\/p>\n\n\n\n<p>A festa come\u00e7a com tudo no dia 26 (s\u00e1bado) e segue at\u00e9 o grande encerramento no dia 29 (ter\u00e7a-feira), quando Ipatinga sopra as velinhas. Entre as atra\u00e7\u00f5es confirmadas, est\u00e3o nomes como o cantor gospel Anderson Freire, a banda cat\u00f3lica de rock Rosa de Saron, o grupo de pagode Revela\u00e7\u00e3o e o \u00edcone sertanejo Leonardo, al\u00e9m de talentosos artistas e bandas regionais que v\u00e3o aquecer o p\u00fablico. Ser\u00e3o noites de m\u00fasica, energia e conex\u00e3o, celebrando a hist\u00f3ria e a vitalidade da cidade.<\/p>\n\n\n\n<p>\u201cPreparamos uma festa para entrar para a hist\u00f3ria de Ipatinga. Toda organiza\u00e7\u00e3o do evento foi promovida por uma vasta equipe de profissionais que pensou nos detalhes para garantir um ambiente seguro, atrativo e familiar. A celebra\u00e7\u00e3o dos 61 anos da nossa cidade ser\u00e1 de momentos para reunir amigos e fam\u00edlias, curtir boa m\u00fasica e brindar a alegria de ser ipatinguense, de origem ou de cora\u00e7\u00e3o. Programe-se, chegue cedo e venha fazer parte dessa hist\u00f3ria\u201d, declarou o prefeito Gustavo Nunes, que nesta quarta-feira (23) fez uma visita ao local do evento e conferiu a montagem do grande palco principal, acompanhado do secret\u00e1rio de Cultura, Esporte e Lazer (Semcel), Carl\u00e3o Oliveira, e do secret\u00e1rio adjunto de Seguran\u00e7a e Conviv\u00eancia Cidad\u00e3 (Sescon), J\u00falio C\u00e9sar Teodoro.<\/p>\n\n\n\n<p>Gustavo Nunes ficou impressionado com a estrutura, principalmente com rela\u00e7\u00e3o aos 102 banheiros climatizados e outros 90 banheiros qu\u00edmicos espalhados pelo estacionamento do Ipating\u00e3o. Mais de 1.500 profissionais foram contratados e estar\u00e3o empenhados na limpeza, seguran\u00e7a e organiza\u00e7\u00e3o do evento, entre eles 120 auxiliares de servi\u00e7os.<\/p>\n\n\n\n<p><strong>Seguran\u00e7a em primeiro lugar<\/strong><\/p>\n\n\n\n<p>A Prefeitura de Ipatinga n\u00e3o mediu esfor\u00e7os para assegurar a tranquilidade de todos. \u201cNosso objetivo \u00e9 que as fam\u00edlias aproveitem a festa com seguran\u00e7a e conforto\u201d, destaca Carl\u00e3o Oliveira. Para isso, a festa de anivers\u00e1rio de Ipatinga contar\u00e1 com um batalh\u00e3o de seguran\u00e7as formado por centenas de policiais das equipes da Pol\u00edcia Militar, Pol\u00edcia Municipal (GCM), Pol\u00edcia Civil, Pol\u00edcia Rodovi\u00e1ria Federal, al\u00e9m do Corpo de Bombeiros Militar e Defesa Civil. Al\u00e9m deles, 500 agentes de seguran\u00e7a privada e 160 brigadistas v\u00e3o atuar em pontos estrat\u00e9gicos, fiscalizando estruturas e orientando o p\u00fablico.<\/p>\n\n\n\n<p>O controle de acesso ser\u00e1 rigoroso, com quatro portais equipados com detectores de metais. Ser\u00e3o totalmente proibidos e apreendidos objetos perigosos, como armas ou materiais cortantes e perfuro cortantes, garrafas, latas etc. Tamb\u00e9m n\u00e3o ser\u00e1 permitido a entrada de animais. Para refor\u00e7ar a prote\u00e7\u00e3o, uma central de videomonitoramento com c\u00e2meras no Parque Ipanema e arredores estar\u00e1 ativa, complementada por sobrevoos de drones da Pol\u00edcia Militar. \u201cQueremos inibir qualquer atitude que comprometa a festa e a seguran\u00e7a dos visitantes\u201d, refor\u00e7a J\u00falio C\u00e9sar Teodoro.<\/p>\n\n\n\n<p><strong>Acesso f\u00e1cil e organizado<\/strong><\/p>\n\n\n\n<p>Pensando nos motoristas, a Prefeitura liberou dois estacionamentos gratuitos: a pista do Kart\u00f3dromo Emerson Fittipaldi e o campo de futebol na avenida Roberto Burle Marx. O acesso ser\u00e1 pela avenida Cl\u00e1udio Moura (BR-458), pr\u00f3ximo ao quartel do Corpo de Bombeiros. A avenida Roberto Burle Marx ter\u00e1 trechos interditados, sendo importante que os motoristas fiquem atentos \u00e0s sinaliza\u00e7\u00f5es e desvios.<\/p>\n\n\n\n<p>Para quem prefere o transporte p\u00fablico, tr\u00eas linhas especiais de \u00f4nibus foram criadas: 301 (Bom Jardim\/Centro), 401 (Barra Alegre\/Centro) e 601 (Beth\u00e2nia\/Centro). Elas v\u00e3o facilitar o acesso ao Parque Ipanema, com embarque e desembarque em pontos estrat\u00e9gicos. As linhas regulares seguem funcionando normalmente, e os hor\u00e1rios podem ser consultados no aplicativo \u201cMeu Buse\u201d.<\/p>\n\n\n\n<h6 class=\"wp-block-heading\"><strong>Fonte: Secretaria de Comunica\u00e7\u00e3o Social da Prefeitura de Ipatinga<\/strong> Tel: 3829-8086 \/ 3829-8263<\/h6>\n<div class=\"jorna-rodape jorna-entity-placement\" id=\"jorna-882511758\"><div id=\"jorna-466231561\"><a href=\"https:\/\/gkscontabilidade.com\/\" aria-label=\"GKS Contabilidade\"><img src=\"https:\/\/jornalvaleevangelico.com.br\/wp-content\/uploads\/2023\/05\/GKS-Contabilidade.jpeg\" alt=\"\"  srcset=\"https:\/\/jornalvaleevangelico.com.br\/wp-content\/uploads\/2023\/05\/GKS-Contabilidade.jpeg 1600w, https:\/\/jornalvaleevangelico.com.br\/wp-content\/uploads\/2023\/05\/GKS-Contabilidade-300x65.jpeg 300w, https:\/\/jornalvaleevangelico.com.br\/wp-content\/uploads\/2023\/05\/GKS-Contabilidade-1024x223.jpeg 1024w, https:\/\/jornalvaleevangelico.com.br\/wp-content\/uploads\/2023\/05\/GKS-Contabilidade-768x168.jpeg 768w, https:\/\/jornalvaleevangelico.com.br\/wp-content\/uploads\/2023\/05\/GKS-Contabilidade-1536x335.jpeg 1536w\" sizes=\"(max-width: 1600px) 100vw, 1600px\" width=\"1600\" height=\"349\"   \/><\/a><\/div><\/div>","protected":false},"excerpt":{"rendered":"<p>Shows nacionais, seguran\u00e7a refor\u00e7ada e uma grande estrutura prometem movimentar Ipatinga de 26 a 29&#8230;<\/p>\n","protected":false},"author":2,"featured_media":41321,"comment_status":"open","ping_status":"open","sticky":false,"template":"","format":"standard","meta":{"_mi_skip_tracking":false,"_monsterinsights_sitenote_active":false,"_monsterinsights_sitenote_note":"","_monsterinsights_sitenote_category":0,"footnotes":""},"categories":[11,2],"tags":[],"class_list":["post-41320","post","type-post","status-publish","format-standard","has-post-thumbnail","hentry","category-cidade","category-noticia"],"_links":{"self":[{"href":"https:\/\/jornalvaleevangelico.com.br\/index.php\/wp-json\/wp\/v2\/posts\/41320","targetHints":{"allow":["GET"]}}],"collection":[{"href":"https:\/\/jornalvaleevangelico.com.br\/index.php\/wp-json\/wp\/v2\/posts"}],"about":[{"href":"https:\/\/jornalvaleevangelico.com.br\/index.php\/wp-json\/wp\/v2\/types\/post"}],"author":[{"embeddable":true,"href":"https:\/\/jornalvaleevangelico.com.br\/index.php\/wp-json\/wp\/v2\/users\/2"}],"replies":[{"embeddable":true,"href":"https:\/\/jornalvaleevangelico.com.br\/index.php\/wp-json\/wp\/v2\/comments?post=41320"}],"version-history":[{"count":1,"href":"https:\/\/jornalvaleevangelico.com.br\/index.php\/wp-json\/wp\/v2\/posts\/41320\/revisions"}],"predecessor-version":[{"id":41322,"href":"https:\/\/jornalvaleevangelico.com.br\/index.php\/wp-json\/wp\/v2\/posts\/41320\/revisions\/41322"}],"wp:featuredmedia":[{"embeddable":true,"href":"https:\/\/jornalvaleevangelico.com.br\/index.php\/wp-json\/wp\/v2\/media\/41321"}],"wp:attachment":[{"href":"https:\/\/jornalvaleevangelico.com.br\/index.php\/wp-json\/wp\/v2\/media?parent=41320"}],"wp:term":[{"taxonomy":"category","embeddable":true,"href":"https:\/\/jornalvaleevangelico.com.br\/index.php\/wp-json\/wp\/v2\/categories?post=41320"},{"taxonomy":"post_tag","embeddable":true,"href":"https:\/\/jornalvaleevangelico.com.br\/index.php\/wp-json\/wp\/v2\/tags?post=41320"}],"curies":[{"name":"wp","href":"https:\/\/api.w.org\/{rel}","templated":true}]}}