{"id":42909,"date":"2025-08-19T19:31:39","date_gmt":"2025-08-19T22:31:39","guid":{"rendered":"https:\/\/jornalvaleevangelico.com.br\/?p=42909"},"modified":"2025-08-19T19:33:15","modified_gmt":"2025-08-19T22:33:15","slug":"alianca-evangelica-mundial-anuncia-cristao-arabe-como-novo-secretario-geral","status":"publish","type":"post","link":"https:\/\/jornalvaleevangelico.com.br\/index.php\/2025\/08\/19\/alianca-evangelica-mundial-anuncia-cristao-arabe-como-novo-secretario-geral\/","title":{"rendered":"Alian\u00e7a Evang\u00e9lica Mundial anuncia crist\u00e3o \u00e1rabe como novo secret\u00e1rio-geral"},"content":{"rendered":"\n<h2 class=\"wp-block-heading\">Botrus Mansour \u00e9 um \u00e1rabe-israelense de ascend\u00eancia palestina de Nazar\u00e9<\/h2>\n\n\n\n<p>Ap\u00f3s concluir um rigoroso processo de busca pelo novo secret\u00e1rio-geral e diretor executivo, a&nbsp;<a href=\"https:\/\/worldea.org\/news\/28713\/world-evangelical-alliance-announces-appointment-of-advocate-botrus-mansour-as-new-secretary-general\/\" target=\"_blank\" rel=\"noreferrer noopener\">Alian\u00e7a Evang\u00e9lica Mundial (WEA), anunciou<\/a>, neste domingo (17), que o advogado \u00e1rabe-israelense Botrus Mansour ocupar\u00e1 o cargo.<\/p>\n\n\n\n<p>Segundo o&nbsp;<em>Christian Post,<\/em>&nbsp;esta \u00e9 a primeira vez que um l\u00edder crist\u00e3o \u00e1rabe chefiar\u00e1 a organiza\u00e7\u00e3o global que representa mais de 600 milh\u00f5es de evang\u00e9licos em mais de 148 pa\u00edses, promovendo a unidade em Cristo.<\/p>\n\n\n\n<p>De acordo com o Comit\u00ea de Busca, mandatado pelo Conselho Internacional (CI) da WEA, o processo seletivo teve dura\u00e7\u00e3o de seis meses e envolveu 25 candidatos \u201caltamente qualificados de toda a comunidade evang\u00e9lica global\u201d. Ap\u00f3s uma an\u00e1lise completa das qualifica\u00e7\u00f5es, entrevistas e consultas, Mansour foi eleito por maioria dos votos.<\/p>\n\n\n\n<p>\u201cEsta foi uma jornada marcada por dilig\u00eancia, transpar\u00eancia e ora\u00e7\u00e3o. O Comit\u00ea de Recursos Humanos foi extraordinariamente inclu\u00eddo para a entrevista final. O advogado Mansour traz experi\u00eancia evang\u00e9lica nacional e regional, enraizada no engajamento da igreja local e da comunidade. Ele demonstrou humildade e um cora\u00e7\u00e3o de servo que trar\u00e3o lideran\u00e7a servidora e fortalecer\u00e3o os esfor\u00e7os colaborativos para a WEA. Acreditamos que ele liderar\u00e1 a WEA com sabedoria e coragem na pr\u00f3xima temporada de nossa vis\u00e3o e miss\u00e3o compartilhadas\u201d, afirmou Dr. Goodwill Shana, presidente do Conselho Internacional (CI) da WEA, que estava atuando como presidente executivo da institui\u00e7\u00e3o, de forma interina, desde abril de 2024.<\/p>\n\n\n\n<p>Mansour tomar\u00e1 posse do cargo na pr\u00f3xima&nbsp;<em>Assembleia Geral da WEA<\/em>&nbsp;em Seul, Coreia do Sul, que acontece entre os dias 27 e 31 de outubro de 2025. O encontro abordar\u00e1 o tema \u201cO Evangelho para Todos at\u00e9 2033\u201d, e ser\u00e1 a primeira reuni\u00e3o global desde 2019, que ocorreu na Indon\u00e9sia.<\/p>\n\n\n\n<p>\u201cEstou profundamente honrado pela escolha e confian\u00e7a do CI em mim, e estou profundamente ciente da imensa responsabilidade que isso acarreta. Estou profundamente ciente de que isso exigir\u00e1 cora\u00e7\u00f5es, mentes e m\u00e3os para se unirem em toda a fam\u00edlia global da&nbsp;<em>WEA<\/em>. Com a gra\u00e7a de Deus, trabalharei incansavelmente com outros para remover quaisquer obst\u00e1culos que possam tentar impedir nossa unidade. Estarei em contato com meus irm\u00e3os e irm\u00e3s ao redor do mundo para que juntos possamos nos unir em torno da vis\u00e3o \u201cO Evangelho para Todos at\u00e9 2033\u201d, disse o advogado, no site da&nbsp;<em>WEA,<\/em>&nbsp;sobre sua nomea\u00e7\u00e3o.<\/p>\n\n\n\n<p>Nascido em Nazar\u00e9 em 1965, Mansour viveu a inf\u00e2ncia em Jerusal\u00e9m (Israel) e Oxford (Reino Unido), e, mais tarde, retornou para Nazar\u00e9, onde se formou na Escola Batista, ap\u00f3s se converter ao cristianismo durante o ensino m\u00e9dio. Em 1991, se graduou em Direito na Universidade Hebraica de Jerusal\u00e9m, e em 1993 foi admitido na Ordem dos Advogados de Israel. Em 2009, concluiu um MBA em gest\u00e3o de organiza\u00e7\u00f5es sem fins lucrativos na Universidade de Haifa.<\/p>\n\n\n\n<p>Casado com A\u2019bir e pai de tr\u00eas filhos adultos, Mansour atua como diretor operacional da Escola Batista de Nazar\u00e9, desde 2004. Ele foi cofundador da Igreja Batista Local em Nazar\u00e9 em 1996 e ordenado presb\u00edtero no ano de 2001.<\/p>\n\n\n\n<p><em>Reda\u00e7\u00e3o CPAD News\/ Com informa\u00e7\u00f5es WEA e Christian Post<\/em><\/p>\n<div class=\"jorna-rodape jorna-entity-placement\" id=\"jorna-1284088671\"><div id=\"jorna-107133124\"><a href=\"https:\/\/gkscontabilidade.com\/\" aria-label=\"GKS Contabilidade\"><img src=\"https:\/\/jornalvaleevangelico.com.br\/wp-content\/uploads\/2023\/05\/GKS-Contabilidade.jpeg\" alt=\"\"  srcset=\"https:\/\/jornalvaleevangelico.com.br\/wp-content\/uploads\/2023\/05\/GKS-Contabilidade.jpeg 1600w, https:\/\/jornalvaleevangelico.com.br\/wp-content\/uploads\/2023\/05\/GKS-Contabilidade-300x65.jpeg 300w, https:\/\/jornalvaleevangelico.com.br\/wp-content\/uploads\/2023\/05\/GKS-Contabilidade-1024x223.jpeg 1024w, https:\/\/jornalvaleevangelico.com.br\/wp-content\/uploads\/2023\/05\/GKS-Contabilidade-768x168.jpeg 768w, https:\/\/jornalvaleevangelico.com.br\/wp-content\/uploads\/2023\/05\/GKS-Contabilidade-1536x335.jpeg 1536w\" sizes=\"(max-width: 1600px) 100vw, 1600px\" width=\"1600\" height=\"349\"   \/><\/a><\/div><\/div>","protected":false},"excerpt":{"rendered":"<p>Botrus Mansour \u00e9 um \u00e1rabe-israelense de ascend\u00eancia palestina de Nazar\u00e9 Ap\u00f3s concluir um rigoroso processo&#8230;<\/p>\n","protected":false},"author":2,"featured_media":42910,"comment_status":"open","ping_status":"open","sticky":false,"template":"","format":"standard","meta":{"_mi_skip_tracking":false,"_monsterinsights_sitenote_active":false,"_monsterinsights_sitenote_note":"","_monsterinsights_sitenote_category":0,"footnotes":""},"categories":[15,2],"tags":[],"class_list":["post-42909","post","type-post","status-publish","format-standard","has-post-thumbnail","hentry","category-mundo-cristao","category-noticia"],"_links":{"self":[{"href":"https:\/\/jornalvaleevangelico.com.br\/index.php\/wp-json\/wp\/v2\/posts\/42909","targetHints":{"allow":["GET"]}}],"collection":[{"href":"https:\/\/jornalvaleevangelico.com.br\/index.php\/wp-json\/wp\/v2\/posts"}],"about":[{"href":"https:\/\/jornalvaleevangelico.com.br\/index.php\/wp-json\/wp\/v2\/types\/post"}],"author":[{"embeddable":true,"href":"https:\/\/jornalvaleevangelico.com.br\/index.php\/wp-json\/wp\/v2\/users\/2"}],"replies":[{"embeddable":true,"href":"https:\/\/jornalvaleevangelico.com.br\/index.php\/wp-json\/wp\/v2\/comments?post=42909"}],"version-history":[{"count":1,"href":"https:\/\/jornalvaleevangelico.com.br\/index.php\/wp-json\/wp\/v2\/posts\/42909\/revisions"}],"predecessor-version":[{"id":42911,"href":"https:\/\/jornalvaleevangelico.com.br\/index.php\/wp-json\/wp\/v2\/posts\/42909\/revisions\/42911"}],"wp:featuredmedia":[{"embeddable":true,"href":"https:\/\/jornalvaleevangelico.com.br\/index.php\/wp-json\/wp\/v2\/media\/42910"}],"wp:attachment":[{"href":"https:\/\/jornalvaleevangelico.com.br\/index.php\/wp-json\/wp\/v2\/media?parent=42909"}],"wp:term":[{"taxonomy":"category","embeddable":true,"href":"https:\/\/jornalvaleevangelico.com.br\/index.php\/wp-json\/wp\/v2\/categories?post=42909"},{"taxonomy":"post_tag","embeddable":true,"href":"https:\/\/jornalvaleevangelico.com.br\/index.php\/wp-json\/wp\/v2\/tags?post=42909"}],"curies":[{"name":"wp","href":"https:\/\/api.w.org\/{rel}","templated":true}]}}